{"id":813,"date":"2015-10-24T16:37:19","date_gmt":"2015-10-24T14:37:19","guid":{"rendered":"http:\/\/www.feuerwehr-volkmarode.de\/?p=813"},"modified":"2015-10-24T16:40:20","modified_gmt":"2015-10-24T14:40:20","slug":"ausbildungsdienst-fachzug-90","status":"publish","type":"post","link":"https:\/\/www.feuerwehr-volkmarode.de\/?p=813","title":{"rendered":"Ausbildungsdienst: Fachzug 90"},"content":{"rendered":"<p>&nbsp;<\/p>\n<p>Zwei Kameraden der Ortsfeuerwehr Volkmarode haben heute am Ausbildungsdienst des Fachzuges 90 mit unserem Tankl\u00f6schfahrzeug teilgenommen. Hauptaufgabe war heute das Orientieren und Bewegen im Gel\u00e4nde.<\/p>\n<p>&nbsp;<\/p>\n<p>N\u00e4heres zum Fachzug 90 erfahren sie\u00a0<a href=\"http:\/\/www.feuerwehr-volkmarode.de\/?page_id=651\">hier<\/a>.<\/p>\n<p><a href=\"http:\/\/www.feuerwehr-volkmarode.de\/wp-content\/uploads\/2015\/10\/img_0715-1.jpg\"><img loading=\"lazy\" decoding=\"async\" class=\"alignleft size-full wp-image-814\" src=\"http:\/\/www.feuerwehr-volkmarode.de\/wp-content\/uploads\/2015\/10\/img_0715-1.jpg\" alt=\"img_0715-1\" width=\"2753\" height=\"1816\" \/><\/a><\/p>\n","protected":false},"excerpt":{"rendered":"<p>&nbsp; Zwei Kameraden der Ortsfeuerwehr Volkmarode haben heute am Ausbildungsdienst des Fachzuges 90 mit unserem Tankl\u00f6schfahrzeug teilgenommen. Hauptaufgabe war heute das Orientieren und Bewegen im Gel\u00e4nde. &nbsp; N\u00e4heres zum Fachzug 90 erfahren sie\u00a0hier.<\/p>\n","protected":false},"author":3,"featured_media":814,"comment_status":"closed","ping_status":"open","sticky":false,"template":"","format":"standard","meta":{"_monsterinsights_skip_tracking":false,"spay_email":"","footnotes":"","jetpack_publicize_message":"","jetpack_is_tweetstorm":false,"jetpack_publicize_feature_enabled":true},"categories":[1],"tags":[],"class_list":["post-813","post","type-post","status-publish","format-standard","has-post-thumbnail","hentry","category-aktuelles"],"aioseo_notices":[],"aioseo_head":"\n\t\t<!-- All in One SEO 5.0.0.1 - aioseo.com -->\n\t<meta name=\"description\" content=\"Zwei Kameraden der Ortsfeuerwehr Volkmarode haben heute am Ausbildungsdienst des Fachzuges 90 mit unserem Tankl\u00f6schfahrzeug teilgenommen. Hauptaufgabe war heute das Orientieren und Bewegen im Gel\u00e4nde. N\u00e4heres zum Fachzug 90 erfahren sie hier.\" \/>\n\t<meta name=\"robots\" content=\"max-image-preview:large\" \/>\n\t<meta name=\"author\" content=\"Claa\u00dfen\"\/>\n\t<link rel=\"canonical\" href=\"https:\/\/www.feuerwehr-volkmarode.de\/?p=813\" \/>\n\t<meta name=\"generator\" content=\"All in One SEO (AIOSEO) 5.0.0.1\" \/>\n\t\t<meta property=\"og:locale\" content=\"de_DE\" \/>\n\t\t<meta property=\"og:site_name\" content=\"Freiwillige Feuerwehr Volkmarode - #OF33\" \/>\n\t\t<meta property=\"og:type\" content=\"article\" \/>\n\t\t<meta property=\"og:title\" content=\"Ausbildungsdienst: Fachzug 90 - Freiwillige Feuerwehr Volkmarode\" \/>\n\t\t<meta property=\"og:description\" content=\"Zwei Kameraden der Ortsfeuerwehr Volkmarode haben heute am Ausbildungsdienst des Fachzuges 90 mit unserem Tankl\u00f6schfahrzeug teilgenommen. Hauptaufgabe war heute das Orientieren und Bewegen im Gel\u00e4nde. N\u00e4heres zum Fachzug 90 erfahren sie hier.\" \/>\n\t\t<meta property=\"og:url\" content=\"https:\/\/www.feuerwehr-volkmarode.de\/?p=813\" \/>\n\t\t<meta property=\"article:published_time\" content=\"2015-10-24T14:37:19+00:00\" \/>\n\t\t<meta property=\"article:modified_time\" content=\"2015-10-24T14:40:20+00:00\" \/>\n\t\t<meta name=\"twitter:card\" content=\"summary_large_image\" \/>\n\t\t<meta name=\"twitter:title\" content=\"Ausbildungsdienst: Fachzug 90 - Freiwillige Feuerwehr Volkmarode\" \/>\n\t\t<meta name=\"twitter:description\" content=\"Zwei Kameraden der Ortsfeuerwehr Volkmarode haben heute am Ausbildungsdienst des Fachzuges 90 mit unserem Tankl\u00f6schfahrzeug teilgenommen. Hauptaufgabe war heute das Orientieren und Bewegen im Gel\u00e4nde. N\u00e4heres zum Fachzug 90 erfahren sie hier.\" \/>\n\t\t<script type=\"application\/ld+json\" class=\"aioseo-schema\">\n\t\t\t{\"@context\":\"https:\\\/\\\/schema.org\",\"@graph\":[{\"@type\":\"BlogPosting\",\"@id\":\"https:\\\/\\\/www.feuerwehr-volkmarode.de\\\/?p=813#blogposting\",\"name\":\"Ausbildungsdienst: Fachzug 90 - Freiwillige Feuerwehr Volkmarode\",\"headline\":\"Ausbildungsdienst: Fachzug 90\",\"author\":{\"@id\":\"https:\\\/\\\/www.feuerwehr-volkmarode.de\\\/?author=3#author\"},\"publisher\":{\"@id\":\"https:\\\/\\\/www.feuerwehr-volkmarode.de\\\/#organization\"},\"image\":{\"@type\":\"ImageObject\",\"url\":\"https:\\\/\\\/www.feuerwehr-volkmarode.de\\\/wp-content\\\/uploads\\\/2015\\\/10\\\/img_0715-1-e1598036177528.jpg\",\"width\":300,\"height\":198},\"datePublished\":\"2015-10-24T16:37:19+02:00\",\"dateModified\":\"2015-10-24T16:40:20+02:00\",\"inLanguage\":\"de-DE\",\"mainEntityOfPage\":{\"@id\":\"https:\\\/\\\/www.feuerwehr-volkmarode.de\\\/?p=813#webpage\"},\"isPartOf\":{\"@id\":\"https:\\\/\\\/www.feuerwehr-volkmarode.de\\\/?p=813#webpage\"},\"articleSection\":\"Aktuelles\"},{\"@type\":\"BreadcrumbList\",\"@id\":\"https:\\\/\\\/www.feuerwehr-volkmarode.de\\\/?p=813#breadcrumblist\",\"itemListElement\":[{\"@type\":\"ListItem\",\"@id\":\"https:\\\/\\\/www.feuerwehr-volkmarode.de#listItem\",\"position\":1,\"name\":\"Home\",\"item\":\"https:\\\/\\\/www.feuerwehr-volkmarode.de\",\"nextItem\":{\"@type\":\"ListItem\",\"@id\":\"https:\\\/\\\/www.feuerwehr-volkmarode.de\\\/?cat=1#listItem\",\"name\":\"Aktuelles\"}},{\"@type\":\"ListItem\",\"@id\":\"https:\\\/\\\/www.feuerwehr-volkmarode.de\\\/?cat=1#listItem\",\"position\":2,\"name\":\"Aktuelles\",\"item\":\"https:\\\/\\\/www.feuerwehr-volkmarode.de\\\/?cat=1\",\"nextItem\":{\"@type\":\"ListItem\",\"@id\":\"https:\\\/\\\/www.feuerwehr-volkmarode.de\\\/?p=813#listItem\",\"name\":\"Ausbildungsdienst: Fachzug 90\"},\"previousItem\":{\"@type\":\"ListItem\",\"@id\":\"https:\\\/\\\/www.feuerwehr-volkmarode.de#listItem\",\"name\":\"Home\"}},{\"@type\":\"ListItem\",\"@id\":\"https:\\\/\\\/www.feuerwehr-volkmarode.de\\\/?p=813#listItem\",\"position\":3,\"name\":\"Ausbildungsdienst: Fachzug 90\",\"previousItem\":{\"@type\":\"ListItem\",\"@id\":\"https:\\\/\\\/www.feuerwehr-volkmarode.de\\\/?cat=1#listItem\",\"name\":\"Aktuelles\"}}]},{\"@type\":\"Organization\",\"@id\":\"https:\\\/\\\/www.feuerwehr-volkmarode.de\\\/#organization\",\"name\":\"Freiwillige Feuerwehr Volkmarode\",\"description\":\"#OF33\",\"url\":\"https:\\\/\\\/www.feuerwehr-volkmarode.de\\\/\"},{\"@type\":\"Person\",\"@id\":\"https:\\\/\\\/www.feuerwehr-volkmarode.de\\\/?author=3#author\",\"url\":\"https:\\\/\\\/www.feuerwehr-volkmarode.de\\\/?author=3\",\"name\":\"Claa\\u00dfen\"},{\"@type\":\"WebPage\",\"@id\":\"https:\\\/\\\/www.feuerwehr-volkmarode.de\\\/?p=813#webpage\",\"url\":\"https:\\\/\\\/www.feuerwehr-volkmarode.de\\\/?p=813\",\"name\":\"Ausbildungsdienst: Fachzug 90 - Freiwillige Feuerwehr Volkmarode\",\"description\":\"Zwei Kameraden der Ortsfeuerwehr Volkmarode haben heute am Ausbildungsdienst des Fachzuges 90 mit unserem Tankl\\u00f6schfahrzeug teilgenommen. Hauptaufgabe war heute das Orientieren und Bewegen im Gel\\u00e4nde. N\\u00e4heres zum Fachzug 90 erfahren sie hier.\",\"inLanguage\":\"de-DE\",\"isPartOf\":{\"@id\":\"https:\\\/\\\/www.feuerwehr-volkmarode.de\\\/#website\"},\"breadcrumb\":{\"@id\":\"https:\\\/\\\/www.feuerwehr-volkmarode.de\\\/?p=813#breadcrumblist\"},\"author\":{\"@id\":\"https:\\\/\\\/www.feuerwehr-volkmarode.de\\\/?author=3#author\"},\"creator\":{\"@id\":\"https:\\\/\\\/www.feuerwehr-volkmarode.de\\\/?author=3#author\"},\"image\":{\"@type\":\"ImageObject\",\"url\":\"https:\\\/\\\/www.feuerwehr-volkmarode.de\\\/wp-content\\\/uploads\\\/2015\\\/10\\\/img_0715-1-e1598036177528.jpg\",\"@id\":\"https:\\\/\\\/www.feuerwehr-volkmarode.de\\\/?p=813\\\/#mainImage\",\"width\":300,\"height\":198},\"primaryImageOfPage\":{\"@id\":\"https:\\\/\\\/www.feuerwehr-volkmarode.de\\\/?p=813#mainImage\"},\"datePublished\":\"2015-10-24T16:37:19+02:00\",\"dateModified\":\"2015-10-24T16:40:20+02:00\"},{\"@type\":\"WebSite\",\"@id\":\"https:\\\/\\\/www.feuerwehr-volkmarode.de\\\/#website\",\"url\":\"https:\\\/\\\/www.feuerwehr-volkmarode.de\\\/\",\"name\":\"Freiwillige Feuerwehr Volkmarode\",\"description\":\"#OF33\",\"inLanguage\":\"de-DE\",\"publisher\":{\"@id\":\"https:\\\/\\\/www.feuerwehr-volkmarode.de\\\/#organization\"}}]}\n\t\t<\/script>\n\t\t<!-- All in One SEO -->\n\n","aioseo_head_json":{"title":"Ausbildungsdienst: Fachzug 90 - Freiwillige Feuerwehr Volkmarode","description":"Zwei Kameraden der Ortsfeuerwehr Volkmarode haben heute am Ausbildungsdienst des Fachzuges 90 mit unserem Tankl\u00f6schfahrzeug teilgenommen. Hauptaufgabe war heute das Orientieren und Bewegen im Gel\u00e4nde. N\u00e4heres zum Fachzug 90 erfahren sie hier.","canonical_url":"https:\/\/www.feuerwehr-volkmarode.de\/?p=813","robots":"max-image-preview:large","keywords":"","webmasterTools":{"miscellaneous":""},"schema":{"@context":"https:\/\/schema.org","@graph":[{"@type":"BlogPosting","@id":"https:\/\/www.feuerwehr-volkmarode.de\/?p=813#blogposting","name":"Ausbildungsdienst: Fachzug 90 - Freiwillige Feuerwehr Volkmarode","headline":"Ausbildungsdienst: Fachzug 90","author":{"@id":"https:\/\/www.feuerwehr-volkmarode.de\/?author=3#author"},"publisher":{"@id":"https:\/\/www.feuerwehr-volkmarode.de\/#organization"},"image":{"@type":"ImageObject","url":"https:\/\/www.feuerwehr-volkmarode.de\/wp-content\/uploads\/2015\/10\/img_0715-1-e1598036177528.jpg","width":300,"height":198},"datePublished":"2015-10-24T16:37:19+02:00","dateModified":"2015-10-24T16:40:20+02:00","inLanguage":"de-DE","mainEntityOfPage":{"@id":"https:\/\/www.feuerwehr-volkmarode.de\/?p=813#webpage"},"isPartOf":{"@id":"https:\/\/www.feuerwehr-volkmarode.de\/?p=813#webpage"},"articleSection":"Aktuelles"},{"@type":"BreadcrumbList","@id":"https:\/\/www.feuerwehr-volkmarode.de\/?p=813#breadcrumblist","itemListElement":[{"@type":"ListItem","@id":"https:\/\/www.feuerwehr-volkmarode.de#listItem","position":1,"name":"Home","item":"https:\/\/www.feuerwehr-volkmarode.de","nextItem":{"@type":"ListItem","@id":"https:\/\/www.feuerwehr-volkmarode.de\/?cat=1#listItem","name":"Aktuelles"}},{"@type":"ListItem","@id":"https:\/\/www.feuerwehr-volkmarode.de\/?cat=1#listItem","position":2,"name":"Aktuelles","item":"https:\/\/www.feuerwehr-volkmarode.de\/?cat=1","nextItem":{"@type":"ListItem","@id":"https:\/\/www.feuerwehr-volkmarode.de\/?p=813#listItem","name":"Ausbildungsdienst: Fachzug 90"},"previousItem":{"@type":"ListItem","@id":"https:\/\/www.feuerwehr-volkmarode.de#listItem","name":"Home"}},{"@type":"ListItem","@id":"https:\/\/www.feuerwehr-volkmarode.de\/?p=813#listItem","position":3,"name":"Ausbildungsdienst: Fachzug 90","previousItem":{"@type":"ListItem","@id":"https:\/\/www.feuerwehr-volkmarode.de\/?cat=1#listItem","name":"Aktuelles"}}]},{"@type":"Organization","@id":"https:\/\/www.feuerwehr-volkmarode.de\/#organization","name":"Freiwillige Feuerwehr Volkmarode","description":"#OF33","url":"https:\/\/www.feuerwehr-volkmarode.de\/"},{"@type":"Person","@id":"https:\/\/www.feuerwehr-volkmarode.de\/?author=3#author","url":"https:\/\/www.feuerwehr-volkmarode.de\/?author=3","name":"Claa\u00dfen"},{"@type":"WebPage","@id":"https:\/\/www.feuerwehr-volkmarode.de\/?p=813#webpage","url":"https:\/\/www.feuerwehr-volkmarode.de\/?p=813","name":"Ausbildungsdienst: Fachzug 90 - Freiwillige Feuerwehr Volkmarode","description":"Zwei Kameraden der Ortsfeuerwehr Volkmarode haben heute am Ausbildungsdienst des Fachzuges 90 mit unserem Tankl\u00f6schfahrzeug teilgenommen. Hauptaufgabe war heute das Orientieren und Bewegen im Gel\u00e4nde. N\u00e4heres zum Fachzug 90 erfahren sie hier.","inLanguage":"de-DE","isPartOf":{"@id":"https:\/\/www.feuerwehr-volkmarode.de\/#website"},"breadcrumb":{"@id":"https:\/\/www.feuerwehr-volkmarode.de\/?p=813#breadcrumblist"},"author":{"@id":"https:\/\/www.feuerwehr-volkmarode.de\/?author=3#author"},"creator":{"@id":"https:\/\/www.feuerwehr-volkmarode.de\/?author=3#author"},"image":{"@type":"ImageObject","url":"https:\/\/www.feuerwehr-volkmarode.de\/wp-content\/uploads\/2015\/10\/img_0715-1-e1598036177528.jpg","@id":"https:\/\/www.feuerwehr-volkmarode.de\/?p=813\/#mainImage","width":300,"height":198},"primaryImageOfPage":{"@id":"https:\/\/www.feuerwehr-volkmarode.de\/?p=813#mainImage"},"datePublished":"2015-10-24T16:37:19+02:00","dateModified":"2015-10-24T16:40:20+02:00"},{"@type":"WebSite","@id":"https:\/\/www.feuerwehr-volkmarode.de\/#website","url":"https:\/\/www.feuerwehr-volkmarode.de\/","name":"Freiwillige Feuerwehr Volkmarode","description":"#OF33","inLanguage":"de-DE","publisher":{"@id":"https:\/\/www.feuerwehr-volkmarode.de\/#organization"}}]},"og:locale":"de_DE","og:site_name":"Freiwillige Feuerwehr Volkmarode - #OF33","og:type":"article","og:title":"Ausbildungsdienst: Fachzug 90 - Freiwillige Feuerwehr Volkmarode","og:description":"Zwei Kameraden der Ortsfeuerwehr Volkmarode haben heute am Ausbildungsdienst des Fachzuges 90 mit unserem Tankl\u00f6schfahrzeug teilgenommen. Hauptaufgabe war heute das Orientieren und Bewegen im Gel\u00e4nde. N\u00e4heres zum Fachzug 90 erfahren sie hier.","og:url":"https:\/\/www.feuerwehr-volkmarode.de\/?p=813","article:published_time":"2015-10-24T14:37:19+00:00","article:modified_time":"2015-10-24T14:40:20+00:00","twitter:card":"summary_large_image","twitter:title":"Ausbildungsdienst: Fachzug 90 - Freiwillige Feuerwehr Volkmarode","twitter:description":"Zwei Kameraden der Ortsfeuerwehr Volkmarode haben heute am Ausbildungsdienst des Fachzuges 90 mit unserem Tankl\u00f6schfahrzeug teilgenommen. Hauptaufgabe war heute das Orientieren und Bewegen im Gel\u00e4nde. N\u00e4heres zum Fachzug 90 erfahren sie hier."},"aioseo_meta_data":{"post_id":"813","title":null,"description":null,"keywords":null,"keyphrases":null,"primary_term":null,"canonical_url":null,"og_title":null,"og_description":null,"og_object_type":"default","og_image_type":"default","og_image_url":null,"og_image_width":null,"og_image_height":null,"og_image_custom_url":null,"og_image_custom_fields":null,"og_video":null,"og_custom_url":null,"og_article_section":null,"og_article_tags":null,"twitter_use_og":false,"twitter_card":"default","twitter_image_type":"default","twitter_image_url":null,"twitter_image_custom_url":null,"twitter_image_custom_fields":null,"twitter_title":null,"twitter_description":null,"schema":{"blockGraphs":[],"customGraphs":[],"default":{"data":{"Article":[],"Course":[],"Dataset":[],"FAQPage":[],"Movie":[],"Person":[],"Product":[],"ProductReview":[],"Car":[],"Recipe":[],"Service":[],"SoftwareApplication":[],"WebPage":[]},"graphName":"","isEnabled":true},"graphs":[]},"schema_type":"default","schema_type_options":null,"pillar_content":false,"robots_default":true,"robots_noindex":false,"robots_noarchive":false,"robots_nosnippet":false,"robots_nofollow":false,"robots_noimageindex":false,"robots_noodp":false,"robots_notranslate":false,"robots_max_snippet":null,"robots_max_videopreview":null,"robots_max_imagepreview":"large","priority":null,"frequency":null,"local_seo":null,"breadcrumb_settings":null,"limit_modified_date":false,"ai":null,"created":"2025-11-19 19:03:51","updated":"2025-11-19 19:03:51","focus_keyword":null,"additional_keywords":null,"truseo_locale":null,"seo_analyzer_scan_date":null},"aioseo_breadcrumb":"<div class=\"aioseo-breadcrumbs\"><span class=\"aioseo-breadcrumb\">\n\t\t\t<a href=\"https:\/\/www.feuerwehr-volkmarode.de\" title=\"Home\">Home<\/a>\n\t\t<\/span><span class=\"aioseo-breadcrumb-separator\">&raquo;<\/span><span class=\"aioseo-breadcrumb\">\n\t\t\t<a href=\"https:\/\/www.feuerwehr-volkmarode.de\/?cat=1\" title=\"Aktuelles\">Aktuelles<\/a>\n\t\t<\/span><span class=\"aioseo-breadcrumb-separator\">&raquo;<\/span><span class=\"aioseo-breadcrumb\">\n\t\t\tAusbildungsdienst: Fachzug 90\n\t\t<\/span><\/div>","aioseo_breadcrumb_json":[{"label":"Home","link":"https:\/\/www.feuerwehr-volkmarode.de"},{"label":"Aktuelles","link":"https:\/\/www.feuerwehr-volkmarode.de\/?cat=1"},{"label":"Ausbildungsdienst: Fachzug 90","link":"https:\/\/www.feuerwehr-volkmarode.de\/?p=813"}],"jetpack_featured_media_url":"https:\/\/www.feuerwehr-volkmarode.de\/wp-content\/uploads\/2015\/10\/img_0715-1-e1598036177528.jpg","jetpack_publicize_connections":[],"jetpack_sharing_enabled":true,"_links":{"self":[{"href":"https:\/\/www.feuerwehr-volkmarode.de\/index.php?rest_route=\/wp\/v2\/posts\/813","targetHints":{"allow":["GET"]}}],"collection":[{"href":"https:\/\/www.feuerwehr-volkmarode.de\/index.php?rest_route=\/wp\/v2\/posts"}],"about":[{"href":"https:\/\/www.feuerwehr-volkmarode.de\/index.php?rest_route=\/wp\/v2\/types\/post"}],"author":[{"embeddable":true,"href":"https:\/\/www.feuerwehr-volkmarode.de\/index.php?rest_route=\/wp\/v2\/users\/3"}],"replies":[{"embeddable":true,"href":"https:\/\/www.feuerwehr-volkmarode.de\/index.php?rest_route=%2Fwp%2Fv2%2Fcomments&post=813"}],"version-history":[{"count":2,"href":"https:\/\/www.feuerwehr-volkmarode.de\/index.php?rest_route=\/wp\/v2\/posts\/813\/revisions"}],"predecessor-version":[{"id":816,"href":"https:\/\/www.feuerwehr-volkmarode.de\/index.php?rest_route=\/wp\/v2\/posts\/813\/revisions\/816"}],"wp:featuredmedia":[{"embeddable":true,"href":"https:\/\/www.feuerwehr-volkmarode.de\/index.php?rest_route=\/wp\/v2\/media\/814"}],"wp:attachment":[{"href":"https:\/\/www.feuerwehr-volkmarode.de\/index.php?rest_route=%2Fwp%2Fv2%2Fmedia&parent=813"}],"wp:term":[{"taxonomy":"category","embeddable":true,"href":"https:\/\/www.feuerwehr-volkmarode.de\/index.php?rest_route=%2Fwp%2Fv2%2Fcategories&post=813"},{"taxonomy":"post_tag","embeddable":true,"href":"https:\/\/www.feuerwehr-volkmarode.de\/index.php?rest_route=%2Fwp%2Fv2%2Ftags&post=813"}],"curies":[{"name":"wp","href":"https:\/\/api.w.org\/{rel}","templated":true}]}}