{"id":787,"date":"2015-09-05T12:34:18","date_gmt":"2015-09-05T10:34:18","guid":{"rendered":"http:\/\/www.feuerwehr-volkmarode.de\/?p=787"},"modified":"2020-08-21T21:00:14","modified_gmt":"2020-08-21T19:00:14","slug":"uebungsdienst-loeschzug-83","status":"publish","type":"post","link":"https:\/\/www.feuerwehr-volkmarode.de\/?p=787","title":{"rendered":"\u00dcbungsdienst L\u00f6schzug 83"},"content":{"rendered":"<p>Am gestrigen Abend trafen sich die Kameraden der Ortsfeuerwehr Volkmarode zum \u00dcbungsdienst des L\u00f6schzuges 83.<!--more--> Zusammen mit den Ortsfeuerwehren Hondelage und Querum wurde neben einer praktischen \u00dcbung auch der Einsatz des \u00dcberdruckl\u00fcfters besprochen.<a href=\"http:\/\/www.feuerwehr-volkmarode.de\/wp-content\/uploads\/2015\/09\/IMG_3216.jpg\"><img loading=\"lazy\" decoding=\"async\" class=\"alignleft wp-image-789 size-medium\" src=\"http:\/\/www.feuerwehr-volkmarode.de\/wp-content\/uploads\/2015\/09\/IMG_3216-300x225.jpg\" alt=\"IMG_3216\" width=\"300\" height=\"225\"><\/a> <a href=\"http:\/\/www.feuerwehr-volkmarode.de\/wp-content\/uploads\/2015\/09\/IMG_3212.jpg\"><img loading=\"lazy\" decoding=\"async\" class=\"alignleft wp-image-790 size-medium\" src=\"http:\/\/www.feuerwehr-volkmarode.de\/wp-content\/uploads\/2015\/09\/IMG_3212-e1441448999497-225x300.jpg\" alt=\"IMG_3212\" width=\"225\" height=\"300\" srcset=\"https:\/\/www.feuerwehr-volkmarode.de\/wp-content\/uploads\/2015\/09\/IMG_3212-e1441448999497-225x300.jpg 225w, https:\/\/www.feuerwehr-volkmarode.de\/wp-content\/uploads\/2015\/09\/IMG_3212-e1441448999497.jpg 480w\" sizes=\"auto, (max-width: 225px) 100vw, 225px\" \/><\/a> <a href=\"http:\/\/www.feuerwehr-volkmarode.de\/wp-content\/uploads\/2015\/09\/IMG_3203.jpg\"><img loading=\"lazy\" decoding=\"async\" class=\"alignleft wp-image-791 size-medium\" src=\"http:\/\/www.feuerwehr-volkmarode.de\/wp-content\/uploads\/2015\/09\/IMG_3203-300x225.jpg\" alt=\"IMG_3203\" width=\"300\" height=\"225\" srcset=\"https:\/\/www.feuerwehr-volkmarode.de\/wp-content\/uploads\/2015\/09\/IMG_3203-300x225.jpg 300w, https:\/\/www.feuerwehr-volkmarode.de\/wp-content\/uploads\/2015\/09\/IMG_3203.jpg 640w\" sizes=\"auto, (max-width: 300px) 100vw, 300px\" \/><\/a>&nbsp;&nbsp;&nbsp;&nbsp; <a href=\"http:\/\/www.feuerwehr-volkmarode.de\/wp-content\/uploads\/2015\/09\/IMG_3217.jpg\"><img loading=\"lazy\" decoding=\"async\" class=\"alignleft wp-image-796 size-medium\" src=\"http:\/\/www.feuerwehr-volkmarode.de\/wp-content\/uploads\/2015\/09\/IMG_3217-e1441449131739-225x300.jpg\" alt=\"IMG_3217\" width=\"225\" height=\"300\" srcset=\"https:\/\/www.feuerwehr-volkmarode.de\/wp-content\/uploads\/2015\/09\/IMG_3217-e1441449131739-225x300.jpg 225w, https:\/\/www.feuerwehr-volkmarode.de\/wp-content\/uploads\/2015\/09\/IMG_3217-e1441449131739.jpg 480w\" sizes=\"auto, (max-width: 225px) 100vw, 225px\" \/><\/a> <a href=\"http:\/\/www.feuerwehr-volkmarode.de\/wp-content\/uploads\/2015\/09\/IMG_3236.jpg\"><img loading=\"lazy\" decoding=\"async\" class=\"alignleft wp-image-797 size-medium\" src=\"http:\/\/www.feuerwehr-volkmarode.de\/wp-content\/uploads\/2015\/09\/IMG_3236-300x225.jpg\" alt=\"IMG_3236\" width=\"300\" height=\"225\" srcset=\"https:\/\/www.feuerwehr-volkmarode.de\/wp-content\/uploads\/2015\/09\/IMG_3236-300x225.jpg 300w, https:\/\/www.feuerwehr-volkmarode.de\/wp-content\/uploads\/2015\/09\/IMG_3236.jpg 640w\" sizes=\"auto, (max-width: 300px) 100vw, 300px\" \/><\/a><\/p>\n","protected":false},"excerpt":{"rendered":"<p>Am gestrigen Abend trafen sich die Kameraden der Ortsfeuerwehr Volkmarode zum \u00dcbungsdienst des L\u00f6schzuges 83.<\/p>\n","protected":false},"author":3,"featured_media":789,"comment_status":"closed","ping_status":"open","sticky":false,"template":"","format":"standard","meta":{"_monsterinsights_skip_tracking":false,"spay_email":"","footnotes":"","jetpack_publicize_message":"","jetpack_is_tweetstorm":false,"jetpack_publicize_feature_enabled":true},"categories":[1],"tags":[],"class_list":["post-787","post","type-post","status-publish","format-standard","has-post-thumbnail","hentry","category-aktuelles"],"aioseo_notices":[],"aioseo_head":"\n\t\t<!-- All in One SEO 5.0.0.1 - aioseo.com -->\n\t<meta name=\"description\" content=\"Am gestrigen Abend trafen sich die Kameraden der Ortsfeuerwehr Volkmarode zum \u00dcbungsdienst des L\u00f6schzuges 83. Zusammen mit den Ortsfeuerwehren Hondelage und Querum wurde neben einer praktischen \u00dcbung auch der Einsatz des \u00dcberdruckl\u00fcfters besprochen.\" \/>\n\t<meta name=\"robots\" content=\"max-image-preview:large\" \/>\n\t<meta name=\"author\" content=\"Claa\u00dfen\"\/>\n\t<link rel=\"canonical\" href=\"https:\/\/www.feuerwehr-volkmarode.de\/?p=787\" \/>\n\t<meta name=\"generator\" content=\"All in One SEO (AIOSEO) 5.0.0.1\" \/>\n\t\t<meta property=\"og:locale\" content=\"de_DE\" \/>\n\t\t<meta property=\"og:site_name\" content=\"Freiwillige Feuerwehr Volkmarode - #OF33\" \/>\n\t\t<meta property=\"og:type\" content=\"article\" \/>\n\t\t<meta property=\"og:title\" content=\"\u00dcbungsdienst L\u00f6schzug 83 - Freiwillige Feuerwehr Volkmarode\" \/>\n\t\t<meta property=\"og:description\" content=\"Am gestrigen Abend trafen sich die Kameraden der Ortsfeuerwehr Volkmarode zum \u00dcbungsdienst des L\u00f6schzuges 83. Zusammen mit den Ortsfeuerwehren Hondelage und Querum wurde neben einer praktischen \u00dcbung auch der Einsatz des \u00dcberdruckl\u00fcfters besprochen.\" \/>\n\t\t<meta property=\"og:url\" content=\"https:\/\/www.feuerwehr-volkmarode.de\/?p=787\" \/>\n\t\t<meta property=\"article:published_time\" content=\"2015-09-05T10:34:18+00:00\" \/>\n\t\t<meta property=\"article:modified_time\" content=\"2020-08-21T19:00:14+00:00\" \/>\n\t\t<meta name=\"twitter:card\" content=\"summary_large_image\" \/>\n\t\t<meta name=\"twitter:title\" content=\"\u00dcbungsdienst L\u00f6schzug 83 - Freiwillige Feuerwehr Volkmarode\" \/>\n\t\t<meta name=\"twitter:description\" content=\"Am gestrigen Abend trafen sich die Kameraden der Ortsfeuerwehr Volkmarode zum \u00dcbungsdienst des L\u00f6schzuges 83. Zusammen mit den Ortsfeuerwehren Hondelage und Querum wurde neben einer praktischen \u00dcbung auch der Einsatz des \u00dcberdruckl\u00fcfters besprochen.\" \/>\n\t\t<script type=\"application\/ld+json\" class=\"aioseo-schema\">\n\t\t\t{\"@context\":\"https:\\\/\\\/schema.org\",\"@graph\":[{\"@type\":\"BlogPosting\",\"@id\":\"https:\\\/\\\/www.feuerwehr-volkmarode.de\\\/?p=787#blogposting\",\"name\":\"\\u00dcbungsdienst L\\u00f6schzug 83 - Freiwillige Feuerwehr Volkmarode\",\"headline\":\"\\u00dcbungsdienst L\\u00f6schzug 83\",\"author\":{\"@id\":\"https:\\\/\\\/www.feuerwehr-volkmarode.de\\\/?author=3#author\"},\"publisher\":{\"@id\":\"https:\\\/\\\/www.feuerwehr-volkmarode.de\\\/#organization\"},\"image\":{\"@type\":\"ImageObject\",\"url\":\"https:\\\/\\\/www.feuerwehr-volkmarode.de\\\/wp-content\\\/uploads\\\/2015\\\/09\\\/IMG_3216-e1598036440238.jpg\",\"width\":300,\"height\":225},\"datePublished\":\"2015-09-05T12:34:18+02:00\",\"dateModified\":\"2020-08-21T21:00:14+02:00\",\"inLanguage\":\"de-DE\",\"mainEntityOfPage\":{\"@id\":\"https:\\\/\\\/www.feuerwehr-volkmarode.de\\\/?p=787#webpage\"},\"isPartOf\":{\"@id\":\"https:\\\/\\\/www.feuerwehr-volkmarode.de\\\/?p=787#webpage\"},\"articleSection\":\"Aktuelles\"},{\"@type\":\"BreadcrumbList\",\"@id\":\"https:\\\/\\\/www.feuerwehr-volkmarode.de\\\/?p=787#breadcrumblist\",\"itemListElement\":[{\"@type\":\"ListItem\",\"@id\":\"https:\\\/\\\/www.feuerwehr-volkmarode.de#listItem\",\"position\":1,\"name\":\"Home\",\"item\":\"https:\\\/\\\/www.feuerwehr-volkmarode.de\",\"nextItem\":{\"@type\":\"ListItem\",\"@id\":\"https:\\\/\\\/www.feuerwehr-volkmarode.de\\\/?cat=1#listItem\",\"name\":\"Aktuelles\"}},{\"@type\":\"ListItem\",\"@id\":\"https:\\\/\\\/www.feuerwehr-volkmarode.de\\\/?cat=1#listItem\",\"position\":2,\"name\":\"Aktuelles\",\"item\":\"https:\\\/\\\/www.feuerwehr-volkmarode.de\\\/?cat=1\",\"nextItem\":{\"@type\":\"ListItem\",\"@id\":\"https:\\\/\\\/www.feuerwehr-volkmarode.de\\\/?p=787#listItem\",\"name\":\"\\u00dcbungsdienst L\\u00f6schzug 83\"},\"previousItem\":{\"@type\":\"ListItem\",\"@id\":\"https:\\\/\\\/www.feuerwehr-volkmarode.de#listItem\",\"name\":\"Home\"}},{\"@type\":\"ListItem\",\"@id\":\"https:\\\/\\\/www.feuerwehr-volkmarode.de\\\/?p=787#listItem\",\"position\":3,\"name\":\"\\u00dcbungsdienst L\\u00f6schzug 83\",\"previousItem\":{\"@type\":\"ListItem\",\"@id\":\"https:\\\/\\\/www.feuerwehr-volkmarode.de\\\/?cat=1#listItem\",\"name\":\"Aktuelles\"}}]},{\"@type\":\"Organization\",\"@id\":\"https:\\\/\\\/www.feuerwehr-volkmarode.de\\\/#organization\",\"name\":\"Freiwillige Feuerwehr Volkmarode\",\"description\":\"#OF33\",\"url\":\"https:\\\/\\\/www.feuerwehr-volkmarode.de\\\/\"},{\"@type\":\"Person\",\"@id\":\"https:\\\/\\\/www.feuerwehr-volkmarode.de\\\/?author=3#author\",\"url\":\"https:\\\/\\\/www.feuerwehr-volkmarode.de\\\/?author=3\",\"name\":\"Claa\\u00dfen\"},{\"@type\":\"WebPage\",\"@id\":\"https:\\\/\\\/www.feuerwehr-volkmarode.de\\\/?p=787#webpage\",\"url\":\"https:\\\/\\\/www.feuerwehr-volkmarode.de\\\/?p=787\",\"name\":\"\\u00dcbungsdienst L\\u00f6schzug 83 - Freiwillige Feuerwehr Volkmarode\",\"description\":\"Am gestrigen Abend trafen sich die Kameraden der Ortsfeuerwehr Volkmarode zum \\u00dcbungsdienst des L\\u00f6schzuges 83. Zusammen mit den Ortsfeuerwehren Hondelage und Querum wurde neben einer praktischen \\u00dcbung auch der Einsatz des \\u00dcberdruckl\\u00fcfters besprochen.\",\"inLanguage\":\"de-DE\",\"isPartOf\":{\"@id\":\"https:\\\/\\\/www.feuerwehr-volkmarode.de\\\/#website\"},\"breadcrumb\":{\"@id\":\"https:\\\/\\\/www.feuerwehr-volkmarode.de\\\/?p=787#breadcrumblist\"},\"author\":{\"@id\":\"https:\\\/\\\/www.feuerwehr-volkmarode.de\\\/?author=3#author\"},\"creator\":{\"@id\":\"https:\\\/\\\/www.feuerwehr-volkmarode.de\\\/?author=3#author\"},\"image\":{\"@type\":\"ImageObject\",\"url\":\"https:\\\/\\\/www.feuerwehr-volkmarode.de\\\/wp-content\\\/uploads\\\/2015\\\/09\\\/IMG_3216-e1598036440238.jpg\",\"@id\":\"https:\\\/\\\/www.feuerwehr-volkmarode.de\\\/?p=787\\\/#mainImage\",\"width\":300,\"height\":225},\"primaryImageOfPage\":{\"@id\":\"https:\\\/\\\/www.feuerwehr-volkmarode.de\\\/?p=787#mainImage\"},\"datePublished\":\"2015-09-05T12:34:18+02:00\",\"dateModified\":\"2020-08-21T21:00:14+02:00\"},{\"@type\":\"WebSite\",\"@id\":\"https:\\\/\\\/www.feuerwehr-volkmarode.de\\\/#website\",\"url\":\"https:\\\/\\\/www.feuerwehr-volkmarode.de\\\/\",\"name\":\"Freiwillige Feuerwehr Volkmarode\",\"description\":\"#OF33\",\"inLanguage\":\"de-DE\",\"publisher\":{\"@id\":\"https:\\\/\\\/www.feuerwehr-volkmarode.de\\\/#organization\"}}]}\n\t\t<\/script>\n\t\t<!-- All in One SEO -->\n\n","aioseo_head_json":{"title":"\u00dcbungsdienst L\u00f6schzug 83 - Freiwillige Feuerwehr Volkmarode","description":"Am gestrigen Abend trafen sich die Kameraden der Ortsfeuerwehr Volkmarode zum \u00dcbungsdienst des L\u00f6schzuges 83. Zusammen mit den Ortsfeuerwehren Hondelage und Querum wurde neben einer praktischen \u00dcbung auch der Einsatz des \u00dcberdruckl\u00fcfters besprochen.","canonical_url":"https:\/\/www.feuerwehr-volkmarode.de\/?p=787","robots":"max-image-preview:large","keywords":"","webmasterTools":{"miscellaneous":""},"schema":{"@context":"https:\/\/schema.org","@graph":[{"@type":"BlogPosting","@id":"https:\/\/www.feuerwehr-volkmarode.de\/?p=787#blogposting","name":"\u00dcbungsdienst L\u00f6schzug 83 - Freiwillige Feuerwehr Volkmarode","headline":"\u00dcbungsdienst L\u00f6schzug 83","author":{"@id":"https:\/\/www.feuerwehr-volkmarode.de\/?author=3#author"},"publisher":{"@id":"https:\/\/www.feuerwehr-volkmarode.de\/#organization"},"image":{"@type":"ImageObject","url":"https:\/\/www.feuerwehr-volkmarode.de\/wp-content\/uploads\/2015\/09\/IMG_3216-e1598036440238.jpg","width":300,"height":225},"datePublished":"2015-09-05T12:34:18+02:00","dateModified":"2020-08-21T21:00:14+02:00","inLanguage":"de-DE","mainEntityOfPage":{"@id":"https:\/\/www.feuerwehr-volkmarode.de\/?p=787#webpage"},"isPartOf":{"@id":"https:\/\/www.feuerwehr-volkmarode.de\/?p=787#webpage"},"articleSection":"Aktuelles"},{"@type":"BreadcrumbList","@id":"https:\/\/www.feuerwehr-volkmarode.de\/?p=787#breadcrumblist","itemListElement":[{"@type":"ListItem","@id":"https:\/\/www.feuerwehr-volkmarode.de#listItem","position":1,"name":"Home","item":"https:\/\/www.feuerwehr-volkmarode.de","nextItem":{"@type":"ListItem","@id":"https:\/\/www.feuerwehr-volkmarode.de\/?cat=1#listItem","name":"Aktuelles"}},{"@type":"ListItem","@id":"https:\/\/www.feuerwehr-volkmarode.de\/?cat=1#listItem","position":2,"name":"Aktuelles","item":"https:\/\/www.feuerwehr-volkmarode.de\/?cat=1","nextItem":{"@type":"ListItem","@id":"https:\/\/www.feuerwehr-volkmarode.de\/?p=787#listItem","name":"\u00dcbungsdienst L\u00f6schzug 83"},"previousItem":{"@type":"ListItem","@id":"https:\/\/www.feuerwehr-volkmarode.de#listItem","name":"Home"}},{"@type":"ListItem","@id":"https:\/\/www.feuerwehr-volkmarode.de\/?p=787#listItem","position":3,"name":"\u00dcbungsdienst L\u00f6schzug 83","previousItem":{"@type":"ListItem","@id":"https:\/\/www.feuerwehr-volkmarode.de\/?cat=1#listItem","name":"Aktuelles"}}]},{"@type":"Organization","@id":"https:\/\/www.feuerwehr-volkmarode.de\/#organization","name":"Freiwillige Feuerwehr Volkmarode","description":"#OF33","url":"https:\/\/www.feuerwehr-volkmarode.de\/"},{"@type":"Person","@id":"https:\/\/www.feuerwehr-volkmarode.de\/?author=3#author","url":"https:\/\/www.feuerwehr-volkmarode.de\/?author=3","name":"Claa\u00dfen"},{"@type":"WebPage","@id":"https:\/\/www.feuerwehr-volkmarode.de\/?p=787#webpage","url":"https:\/\/www.feuerwehr-volkmarode.de\/?p=787","name":"\u00dcbungsdienst L\u00f6schzug 83 - Freiwillige Feuerwehr Volkmarode","description":"Am gestrigen Abend trafen sich die Kameraden der Ortsfeuerwehr Volkmarode zum \u00dcbungsdienst des L\u00f6schzuges 83. Zusammen mit den Ortsfeuerwehren Hondelage und Querum wurde neben einer praktischen \u00dcbung auch der Einsatz des \u00dcberdruckl\u00fcfters besprochen.","inLanguage":"de-DE","isPartOf":{"@id":"https:\/\/www.feuerwehr-volkmarode.de\/#website"},"breadcrumb":{"@id":"https:\/\/www.feuerwehr-volkmarode.de\/?p=787#breadcrumblist"},"author":{"@id":"https:\/\/www.feuerwehr-volkmarode.de\/?author=3#author"},"creator":{"@id":"https:\/\/www.feuerwehr-volkmarode.de\/?author=3#author"},"image":{"@type":"ImageObject","url":"https:\/\/www.feuerwehr-volkmarode.de\/wp-content\/uploads\/2015\/09\/IMG_3216-e1598036440238.jpg","@id":"https:\/\/www.feuerwehr-volkmarode.de\/?p=787\/#mainImage","width":300,"height":225},"primaryImageOfPage":{"@id":"https:\/\/www.feuerwehr-volkmarode.de\/?p=787#mainImage"},"datePublished":"2015-09-05T12:34:18+02:00","dateModified":"2020-08-21T21:00:14+02:00"},{"@type":"WebSite","@id":"https:\/\/www.feuerwehr-volkmarode.de\/#website","url":"https:\/\/www.feuerwehr-volkmarode.de\/","name":"Freiwillige Feuerwehr Volkmarode","description":"#OF33","inLanguage":"de-DE","publisher":{"@id":"https:\/\/www.feuerwehr-volkmarode.de\/#organization"}}]},"og:locale":"de_DE","og:site_name":"Freiwillige Feuerwehr Volkmarode - #OF33","og:type":"article","og:title":"\u00dcbungsdienst L\u00f6schzug 83 - Freiwillige Feuerwehr Volkmarode","og:description":"Am gestrigen Abend trafen sich die Kameraden der Ortsfeuerwehr Volkmarode zum \u00dcbungsdienst des L\u00f6schzuges 83. Zusammen mit den Ortsfeuerwehren Hondelage und Querum wurde neben einer praktischen \u00dcbung auch der Einsatz des \u00dcberdruckl\u00fcfters besprochen.","og:url":"https:\/\/www.feuerwehr-volkmarode.de\/?p=787","article:published_time":"2015-09-05T10:34:18+00:00","article:modified_time":"2020-08-21T19:00:14+00:00","twitter:card":"summary_large_image","twitter:title":"\u00dcbungsdienst L\u00f6schzug 83 - Freiwillige Feuerwehr Volkmarode","twitter:description":"Am gestrigen Abend trafen sich die Kameraden der Ortsfeuerwehr Volkmarode zum \u00dcbungsdienst des L\u00f6schzuges 83. Zusammen mit den Ortsfeuerwehren Hondelage und Querum wurde neben einer praktischen \u00dcbung auch der Einsatz des \u00dcberdruckl\u00fcfters besprochen."},"aioseo_meta_data":{"post_id":"787","title":null,"description":null,"keywords":null,"keyphrases":null,"primary_term":null,"canonical_url":null,"og_title":null,"og_description":null,"og_object_type":"default","og_image_type":"default","og_image_url":null,"og_image_width":null,"og_image_height":null,"og_image_custom_url":null,"og_image_custom_fields":null,"og_video":null,"og_custom_url":null,"og_article_section":null,"og_article_tags":null,"twitter_use_og":false,"twitter_card":"default","twitter_image_type":"default","twitter_image_url":null,"twitter_image_custom_url":null,"twitter_image_custom_fields":null,"twitter_title":null,"twitter_description":null,"schema":{"blockGraphs":[],"customGraphs":[],"default":{"data":{"Article":[],"Course":[],"Dataset":[],"FAQPage":[],"Movie":[],"Person":[],"Product":[],"ProductReview":[],"Car":[],"Recipe":[],"Service":[],"SoftwareApplication":[],"WebPage":[]},"graphName":"","isEnabled":true},"graphs":[]},"schema_type":"default","schema_type_options":null,"pillar_content":false,"robots_default":true,"robots_noindex":false,"robots_noarchive":false,"robots_nosnippet":false,"robots_nofollow":false,"robots_noimageindex":false,"robots_noodp":false,"robots_notranslate":false,"robots_max_snippet":null,"robots_max_videopreview":null,"robots_max_imagepreview":"large","priority":null,"frequency":null,"local_seo":null,"breadcrumb_settings":null,"limit_modified_date":false,"ai":null,"created":"2025-11-19 19:00:21","updated":"2025-11-19 19:00:21","focus_keyword":null,"additional_keywords":null,"truseo_locale":null,"seo_analyzer_scan_date":null},"aioseo_breadcrumb":"<div class=\"aioseo-breadcrumbs\"><span class=\"aioseo-breadcrumb\">\n\t\t\t<a href=\"https:\/\/www.feuerwehr-volkmarode.de\" title=\"Home\">Home<\/a>\n\t\t<\/span><span class=\"aioseo-breadcrumb-separator\">&raquo;<\/span><span class=\"aioseo-breadcrumb\">\n\t\t\t<a href=\"https:\/\/www.feuerwehr-volkmarode.de\/?cat=1\" title=\"Aktuelles\">Aktuelles<\/a>\n\t\t<\/span><span class=\"aioseo-breadcrumb-separator\">&raquo;<\/span><span class=\"aioseo-breadcrumb\">\n\t\t\t\u00dcbungsdienst L\u00f6schzug 83\n\t\t<\/span><\/div>","aioseo_breadcrumb_json":[{"label":"Home","link":"https:\/\/www.feuerwehr-volkmarode.de"},{"label":"Aktuelles","link":"https:\/\/www.feuerwehr-volkmarode.de\/?cat=1"},{"label":"\u00dcbungsdienst L\u00f6schzug 83","link":"https:\/\/www.feuerwehr-volkmarode.de\/?p=787"}],"jetpack_featured_media_url":"https:\/\/www.feuerwehr-volkmarode.de\/wp-content\/uploads\/2015\/09\/IMG_3216-e1598036440238.jpg","jetpack_publicize_connections":[],"jetpack_sharing_enabled":true,"_links":{"self":[{"href":"https:\/\/www.feuerwehr-volkmarode.de\/index.php?rest_route=\/wp\/v2\/posts\/787","targetHints":{"allow":["GET"]}}],"collection":[{"href":"https:\/\/www.feuerwehr-volkmarode.de\/index.php?rest_route=\/wp\/v2\/posts"}],"about":[{"href":"https:\/\/www.feuerwehr-volkmarode.de\/index.php?rest_route=\/wp\/v2\/types\/post"}],"author":[{"embeddable":true,"href":"https:\/\/www.feuerwehr-volkmarode.de\/index.php?rest_route=\/wp\/v2\/users\/3"}],"replies":[{"embeddable":true,"href":"https:\/\/www.feuerwehr-volkmarode.de\/index.php?rest_route=%2Fwp%2Fv2%2Fcomments&post=787"}],"version-history":[{"count":6,"href":"https:\/\/www.feuerwehr-volkmarode.de\/index.php?rest_route=\/wp\/v2\/posts\/787\/revisions"}],"predecessor-version":[{"id":49012,"href":"https:\/\/www.feuerwehr-volkmarode.de\/index.php?rest_route=\/wp\/v2\/posts\/787\/revisions\/49012"}],"wp:featuredmedia":[{"embeddable":true,"href":"https:\/\/www.feuerwehr-volkmarode.de\/index.php?rest_route=\/wp\/v2\/media\/789"}],"wp:attachment":[{"href":"https:\/\/www.feuerwehr-volkmarode.de\/index.php?rest_route=%2Fwp%2Fv2%2Fmedia&parent=787"}],"wp:term":[{"taxonomy":"category","embeddable":true,"href":"https:\/\/www.feuerwehr-volkmarode.de\/index.php?rest_route=%2Fwp%2Fv2%2Fcategories&post=787"},{"taxonomy":"post_tag","embeddable":true,"href":"https:\/\/www.feuerwehr-volkmarode.de\/index.php?rest_route=%2Fwp%2Fv2%2Ftags&post=787"}],"curies":[{"name":"wp","href":"https:\/\/api.w.org\/{rel}","templated":true}]}}