{"id":50363,"date":"2025-01-04T20:22:16","date_gmt":"2025-01-04T19:22:16","guid":{"rendered":"https:\/\/www.feuerwehr-volkmarode.de\/?p=50363"},"modified":"2025-01-04T20:24:55","modified_gmt":"2025-01-04T19:24:55","slug":"respekt-statt-randale-gewalt-gegen-einsatzkraefte-nicht-mit-uns","status":"publish","type":"post","link":"https:\/\/www.feuerwehr-volkmarode.de\/?p=50363","title":{"rendered":"\u201cRespekt statt Randale. Gewalt gegen Einsatzkr\u00e4fte? Nicht mit uns!\u201d"},"content":{"rendered":"\t\t<div data-elementor-type=\"wp-post\" data-elementor-id=\"50363\" class=\"elementor elementor-50363\" data-elementor-settings=\"[]\">\n\t\t\t\t\t\t<div class=\"elementor-inner\">\n\t\t\t\t\t\t\t<div class=\"elementor-section-wrap\">\n\t\t\t\t\t\t\t<section class=\"elementor-section elementor-top-section elementor-element elementor-element-e6f6787 elementor-section-boxed elementor-section-height-default elementor-section-height-default\" data-id=\"e6f6787\" data-element_type=\"section\">\n\t\t\t\t\t\t<div class=\"elementor-container elementor-column-gap-default\">\n\t\t\t\t\t\t\t<div class=\"elementor-row\">\n\t\t\t\t\t<div class=\"elementor-column elementor-col-100 elementor-top-column elementor-element elementor-element-5bba85a\" data-id=\"5bba85a\" data-element_type=\"column\">\n\t\t\t<div class=\"elementor-column-wrap elementor-element-populated\">\n\t\t\t\t\t\t\t<div class=\"elementor-widget-wrap\">\n\t\t\t\t\t\t<section class=\"elementor-section elementor-inner-section elementor-element elementor-element-7d94238 elementor-section-boxed elementor-section-height-default elementor-section-height-default\" data-id=\"7d94238\" data-element_type=\"section\">\n\t\t\t\t\t\t<div class=\"elementor-container elementor-column-gap-default\">\n\t\t\t\t\t\t\t<div class=\"elementor-row\">\n\t\t\t\t\t<div class=\"elementor-column elementor-col-50 elementor-inner-column elementor-element elementor-element-8f8bd75\" data-id=\"8f8bd75\" data-element_type=\"column\">\n\t\t\t<div class=\"elementor-column-wrap elementor-element-populated\">\n\t\t\t\t\t\t\t<div class=\"elementor-widget-wrap\">\n\t\t\t\t\t\t<div class=\"elementor-element elementor-element-41afa44 elementor-widget elementor-widget-text-editor\" data-id=\"41afa44\" data-element_type=\"widget\" data-widget_type=\"text-editor.default\">\n\t\t\t\t<div class=\"elementor-widget-container\">\n\t\t\t\t\t<div class=\"elementor-text-editor elementor-clearfix\"><div class=\"x11i5rnm xat24cr x1mh8g0r x1vvkbs xtlvy1s x126k92a\"><div dir=\"auto\">Silvester ist ein Fest des Feierns, nicht der Zerst\u00f6rung. Jedes Jahr geraten Rettungskr\u00e4fte, Feuerwehr und Polizei ins Visier sinnloser Gewalt, w\u00e4hrend sie nur eines tun: Leben retten.<\/div><\/div><div class=\"x11i5rnm xat24cr x1mh8g0r x1vvkbs xtlvy1s x126k92a\"><div dir=\"auto\"><span class=\"html-span xexx8yu x4uap5 x18d9i69 xkhd6sd x1hl2dhg x16tdsg8 x1vvkbs x3nfvp2 x1j61x8r x1fcty0u xdj266r xat24cr xgzva0m xhhsvwb xxymvpz xlup9mm x1kky2od\"><img loading=\"lazy\" decoding=\"async\" class=\"xz74otr\" src=\"https:\/\/static.xx.fbcdn.net\/images\/emoji.php\/v9\/t51\/1\/16\/1f449.png\" alt=\"\ud83d\udc49\" width=\"16\" height=\"16\" \/><\/span> Denkt daran: Hinter jeder Uniform steckt ein Mensch.<\/div><div dir=\"auto\"><span class=\"html-span xexx8yu x4uap5 x18d9i69 xkhd6sd x1hl2dhg x16tdsg8 x1vvkbs x3nfvp2 x1j61x8r x1fcty0u xdj266r xat24cr xgzva0m xhhsvwb xxymvpz xlup9mm x1kky2od\"><img loading=\"lazy\" decoding=\"async\" class=\"xz74otr\" src=\"https:\/\/static.xx.fbcdn.net\/images\/emoji.php\/v9\/t51\/1\/16\/1f449.png\" alt=\"\ud83d\udc49\" width=\"16\" height=\"16\" \/><\/span> Respektiert diejenigen, die f\u00fcr eure Sicherheit sorgen.<\/div><\/div><div class=\"x11i5rnm xat24cr x1mh8g0r x1vvkbs xtlvy1s x126k92a\"><div dir=\"auto\">Wir sagen NEIN zu Gewalt gegen Einsatzkr\u00e4fte!<\/div><div dir=\"auto\">Teilt diesen Beitrag, um ein Zeichen zu setzen. Gemeinsam machen wir den Unterschied.<\/div><\/div><\/div>\n\t\t\t\t<\/div>\n\t\t\t\t<\/div>\n\t\t\t\t\t\t<\/div>\n\t\t\t\t\t<\/div>\n\t\t<\/div>\n\t\t\t\t<div class=\"elementor-column elementor-col-50 elementor-inner-column elementor-element elementor-element-e8206a3\" data-id=\"e8206a3\" data-element_type=\"column\">\n\t\t\t<div class=\"elementor-column-wrap elementor-element-populated\">\n\t\t\t\t\t\t\t<div class=\"elementor-widget-wrap\">\n\t\t\t\t\t\t<div class=\"elementor-element elementor-element-c7aa08d elementor-widget elementor-widget-image\" data-id=\"c7aa08d\" data-element_type=\"widget\" data-widget_type=\"image.default\">\n\t\t\t\t<div class=\"elementor-widget-container\">\n\t\t\t\t\t<div class=\"elementor-image\">\n\t\t\t\t\t\t\t\t\t\t<img loading=\"lazy\" decoding=\"async\" width=\"1024\" height=\"1024\" src=\"https:\/\/www.feuerwehr-volkmarode.de\/wp-content\/uploads\/2025\/01\/470916710_18296834590228438_4472618413376257557_n-1024x1024.jpg\" class=\"attachment-large size-large\" alt=\"\" srcset=\"https:\/\/www.feuerwehr-volkmarode.de\/wp-content\/uploads\/2025\/01\/470916710_18296834590228438_4472618413376257557_n.jpg 1024w, https:\/\/www.feuerwehr-volkmarode.de\/wp-content\/uploads\/2025\/01\/470916710_18296834590228438_4472618413376257557_n-300x300.jpg 300w, https:\/\/www.feuerwehr-volkmarode.de\/wp-content\/uploads\/2025\/01\/470916710_18296834590228438_4472618413376257557_n-150x150.jpg 150w, https:\/\/www.feuerwehr-volkmarode.de\/wp-content\/uploads\/2025\/01\/470916710_18296834590228438_4472618413376257557_n-768x768.jpg 768w\" sizes=\"auto, (max-width: 1024px) 100vw, 1024px\" \/>\t\t\t\t\t\t\t\t\t\t\t<\/div>\n\t\t\t\t<\/div>\n\t\t\t\t<\/div>\n\t\t\t\t\t\t<\/div>\n\t\t\t\t\t<\/div>\n\t\t<\/div>\n\t\t\t\t\t\t\t\t<\/div>\n\t\t\t\t\t<\/div>\n\t\t<\/section>\n\t\t\t\t\t\t<\/div>\n\t\t\t\t\t<\/div>\n\t\t<\/div>\n\t\t\t\t\t\t\t\t<\/div>\n\t\t\t\t\t<\/div>\n\t\t<\/section>\n\t\t\t\t<section class=\"elementor-section elementor-top-section elementor-element elementor-element-f6c22cd elementor-section-boxed elementor-section-height-default elementor-section-height-default\" data-id=\"f6c22cd\" data-element_type=\"section\">\n\t\t\t\t\t\t<div class=\"elementor-container elementor-column-gap-default\">\n\t\t\t\t\t\t\t<div class=\"elementor-row\">\n\t\t\t\t\t<div class=\"elementor-column elementor-col-100 elementor-top-column elementor-element elementor-element-c25bba8\" data-id=\"c25bba8\" data-element_type=\"column\">\n\t\t\t<div class=\"elementor-column-wrap elementor-element-populated\">\n\t\t\t\t\t\t\t<div class=\"elementor-widget-wrap\">\n\t\t\t\t\t\t<section class=\"elementor-section elementor-inner-section elementor-element elementor-element-c057b7e elementor-section-boxed elementor-section-height-default elementor-section-height-default\" data-id=\"c057b7e\" data-element_type=\"section\">\n\t\t\t\t\t\t<div class=\"elementor-container elementor-column-gap-default\">\n\t\t\t\t\t\t\t<div class=\"elementor-row\">\n\t\t\t\t\t<div class=\"elementor-column elementor-col-50 elementor-inner-column elementor-element elementor-element-59208ab\" data-id=\"59208ab\" data-element_type=\"column\">\n\t\t\t<div class=\"elementor-column-wrap\">\n\t\t\t\t\t\t\t<div class=\"elementor-widget-wrap\">\n\t\t\t\t\t\t\t\t<\/div>\n\t\t\t\t\t<\/div>\n\t\t<\/div>\n\t\t\t\t<div class=\"elementor-column elementor-col-50 elementor-inner-column elementor-element elementor-element-196ae10\" data-id=\"196ae10\" data-element_type=\"column\">\n\t\t\t<div class=\"elementor-column-wrap\">\n\t\t\t\t\t\t\t<div class=\"elementor-widget-wrap\">\n\t\t\t\t\t\t\t\t<\/div>\n\t\t\t\t\t<\/div>\n\t\t<\/div>\n\t\t\t\t\t\t\t\t<\/div>\n\t\t\t\t\t<\/div>\n\t\t<\/section>\n\t\t\t\t\t\t<\/div>\n\t\t\t\t\t<\/div>\n\t\t<\/div>\n\t\t\t\t\t\t\t\t<\/div>\n\t\t\t\t\t<\/div>\n\t\t<\/section>\n\t\t\t\t\t\t<\/div>\n\t\t\t\t\t\t<\/div>\n\t\t\t\t\t<\/div>\n\t\t","protected":false},"excerpt":{"rendered":"","protected":false},"author":3,"featured_media":0,"comment_status":"closed","ping_status":"open","sticky":false,"template":"","format":"standard","meta":{"_monsterinsights_skip_tracking":false,"spay_email":"","footnotes":"","jetpack_publicize_message":"","jetpack_is_tweetstorm":false,"jetpack_publicize_feature_enabled":true},"categories":[1],"tags":[],"class_list":["post-50363","post","type-post","status-publish","format-standard","hentry","category-aktuelles"],"aioseo_notices":[],"aioseo_head":"\n\t\t<!-- All in One SEO 5.0.0.1 - aioseo.com -->\n\t<meta name=\"description\" content=\"Silvester ist ein Fest des Feierns, nicht der Zerst\u00f6rung. Jedes Jahr geraten Rettungskr\u00e4fte, Feuerwehr und Polizei ins Visier sinnloser Gewalt, w\u00e4hrend sie nur eines tun: Leben retten. Denkt daran: Hinter jeder Uniform steckt ein Mensch. Respektiert diejenigen, die f\u00fcr eure Sicherheit sorgen.Wir sagen NEIN zu Gewalt gegen Einsatzkr\u00e4fte!Teilt diesen Beitrag, um ein Zeichen zu setzen.\" \/>\n\t<meta name=\"robots\" content=\"max-image-preview:large\" \/>\n\t<meta name=\"author\" content=\"Claa\u00dfen\"\/>\n\t<link rel=\"canonical\" href=\"https:\/\/www.feuerwehr-volkmarode.de\/?p=50363\" \/>\n\t<meta name=\"generator\" content=\"All in One SEO (AIOSEO) 5.0.0.1\" \/>\n\t\t<meta property=\"og:locale\" content=\"de_DE\" \/>\n\t\t<meta property=\"og:site_name\" content=\"Freiwillige Feuerwehr Volkmarode - #OF33\" \/>\n\t\t<meta property=\"og:type\" content=\"article\" \/>\n\t\t<meta property=\"og:title\" content=\"\u201cRespekt statt Randale. Gewalt gegen Einsatzkr\u00e4fte? Nicht mit uns!\u201d - Freiwillige Feuerwehr Volkmarode\" \/>\n\t\t<meta property=\"og:description\" content=\"Silvester ist ein Fest des Feierns, nicht der Zerst\u00f6rung. Jedes Jahr geraten Rettungskr\u00e4fte, Feuerwehr und Polizei ins Visier sinnloser Gewalt, w\u00e4hrend sie nur eines tun: Leben retten. Denkt daran: Hinter jeder Uniform steckt ein Mensch. Respektiert diejenigen, die f\u00fcr eure Sicherheit sorgen.Wir sagen NEIN zu Gewalt gegen Einsatzkr\u00e4fte!Teilt diesen Beitrag, um ein Zeichen zu setzen.\" \/>\n\t\t<meta property=\"og:url\" content=\"https:\/\/www.feuerwehr-volkmarode.de\/?p=50363\" \/>\n\t\t<meta property=\"article:published_time\" content=\"2025-01-04T19:22:16+00:00\" \/>\n\t\t<meta property=\"article:modified_time\" content=\"2025-01-04T19:24:55+00:00\" \/>\n\t\t<meta name=\"twitter:card\" content=\"summary_large_image\" \/>\n\t\t<meta name=\"twitter:title\" content=\"\u201cRespekt statt Randale. Gewalt gegen Einsatzkr\u00e4fte? Nicht mit uns!\u201d - Freiwillige Feuerwehr Volkmarode\" \/>\n\t\t<meta name=\"twitter:description\" content=\"Silvester ist ein Fest des Feierns, nicht der Zerst\u00f6rung. Jedes Jahr geraten Rettungskr\u00e4fte, Feuerwehr und Polizei ins Visier sinnloser Gewalt, w\u00e4hrend sie nur eines tun: Leben retten. Denkt daran: Hinter jeder Uniform steckt ein Mensch. Respektiert diejenigen, die f\u00fcr eure Sicherheit sorgen.Wir sagen NEIN zu Gewalt gegen Einsatzkr\u00e4fte!Teilt diesen Beitrag, um ein Zeichen zu setzen.\" \/>\n\t\t<script type=\"application\/ld+json\" class=\"aioseo-schema\">\n\t\t\t{\"@context\":\"https:\\\/\\\/schema.org\",\"@graph\":[{\"@type\":\"BlogPosting\",\"@id\":\"https:\\\/\\\/www.feuerwehr-volkmarode.de\\\/?p=50363#blogposting\",\"name\":\"\\u201cRespekt statt Randale. Gewalt gegen Einsatzkr\\u00e4fte? Nicht mit uns!\\u201d - Freiwillige Feuerwehr Volkmarode\",\"headline\":\"\\u201cRespekt statt Randale. Gewalt gegen Einsatzkr\\u00e4fte? Nicht mit uns!\\u201d\",\"author\":{\"@id\":\"https:\\\/\\\/www.feuerwehr-volkmarode.de\\\/?author=3#author\"},\"publisher\":{\"@id\":\"https:\\\/\\\/www.feuerwehr-volkmarode.de\\\/#organization\"},\"datePublished\":\"2025-01-04T20:22:16+01:00\",\"dateModified\":\"2025-01-04T20:24:55+01:00\",\"inLanguage\":\"de-DE\",\"mainEntityOfPage\":{\"@id\":\"https:\\\/\\\/www.feuerwehr-volkmarode.de\\\/?p=50363#webpage\"},\"isPartOf\":{\"@id\":\"https:\\\/\\\/www.feuerwehr-volkmarode.de\\\/?p=50363#webpage\"},\"articleSection\":\"Aktuelles\"},{\"@type\":\"BreadcrumbList\",\"@id\":\"https:\\\/\\\/www.feuerwehr-volkmarode.de\\\/?p=50363#breadcrumblist\",\"itemListElement\":[{\"@type\":\"ListItem\",\"@id\":\"https:\\\/\\\/www.feuerwehr-volkmarode.de#listItem\",\"position\":1,\"name\":\"Home\",\"item\":\"https:\\\/\\\/www.feuerwehr-volkmarode.de\",\"nextItem\":{\"@type\":\"ListItem\",\"@id\":\"https:\\\/\\\/www.feuerwehr-volkmarode.de\\\/?cat=1#listItem\",\"name\":\"Aktuelles\"}},{\"@type\":\"ListItem\",\"@id\":\"https:\\\/\\\/www.feuerwehr-volkmarode.de\\\/?cat=1#listItem\",\"position\":2,\"name\":\"Aktuelles\",\"item\":\"https:\\\/\\\/www.feuerwehr-volkmarode.de\\\/?cat=1\",\"nextItem\":{\"@type\":\"ListItem\",\"@id\":\"https:\\\/\\\/www.feuerwehr-volkmarode.de\\\/?p=50363#listItem\",\"name\":\"\\u201cRespekt statt Randale. Gewalt gegen Einsatzkr\\u00e4fte? Nicht mit uns!\\u201d\"},\"previousItem\":{\"@type\":\"ListItem\",\"@id\":\"https:\\\/\\\/www.feuerwehr-volkmarode.de#listItem\",\"name\":\"Home\"}},{\"@type\":\"ListItem\",\"@id\":\"https:\\\/\\\/www.feuerwehr-volkmarode.de\\\/?p=50363#listItem\",\"position\":3,\"name\":\"\\u201cRespekt statt Randale. Gewalt gegen Einsatzkr\\u00e4fte? Nicht mit uns!\\u201d\",\"previousItem\":{\"@type\":\"ListItem\",\"@id\":\"https:\\\/\\\/www.feuerwehr-volkmarode.de\\\/?cat=1#listItem\",\"name\":\"Aktuelles\"}}]},{\"@type\":\"Organization\",\"@id\":\"https:\\\/\\\/www.feuerwehr-volkmarode.de\\\/#organization\",\"name\":\"Freiwillige Feuerwehr Volkmarode\",\"description\":\"#OF33\",\"url\":\"https:\\\/\\\/www.feuerwehr-volkmarode.de\\\/\"},{\"@type\":\"Person\",\"@id\":\"https:\\\/\\\/www.feuerwehr-volkmarode.de\\\/?author=3#author\",\"url\":\"https:\\\/\\\/www.feuerwehr-volkmarode.de\\\/?author=3\",\"name\":\"Claa\\u00dfen\"},{\"@type\":\"WebPage\",\"@id\":\"https:\\\/\\\/www.feuerwehr-volkmarode.de\\\/?p=50363#webpage\",\"url\":\"https:\\\/\\\/www.feuerwehr-volkmarode.de\\\/?p=50363\",\"name\":\"\\u201cRespekt statt Randale. Gewalt gegen Einsatzkr\\u00e4fte? Nicht mit uns!\\u201d - Freiwillige Feuerwehr Volkmarode\",\"description\":\"Silvester ist ein Fest des Feierns, nicht der Zerst\\u00f6rung. Jedes Jahr geraten Rettungskr\\u00e4fte, Feuerwehr und Polizei ins Visier sinnloser Gewalt, w\\u00e4hrend sie nur eines tun: Leben retten. Denkt daran: Hinter jeder Uniform steckt ein Mensch. Respektiert diejenigen, die f\\u00fcr eure Sicherheit sorgen.Wir sagen NEIN zu Gewalt gegen Einsatzkr\\u00e4fte!Teilt diesen Beitrag, um ein Zeichen zu setzen.\",\"inLanguage\":\"de-DE\",\"isPartOf\":{\"@id\":\"https:\\\/\\\/www.feuerwehr-volkmarode.de\\\/#website\"},\"breadcrumb\":{\"@id\":\"https:\\\/\\\/www.feuerwehr-volkmarode.de\\\/?p=50363#breadcrumblist\"},\"author\":{\"@id\":\"https:\\\/\\\/www.feuerwehr-volkmarode.de\\\/?author=3#author\"},\"creator\":{\"@id\":\"https:\\\/\\\/www.feuerwehr-volkmarode.de\\\/?author=3#author\"},\"datePublished\":\"2025-01-04T20:22:16+01:00\",\"dateModified\":\"2025-01-04T20:24:55+01:00\"},{\"@type\":\"WebSite\",\"@id\":\"https:\\\/\\\/www.feuerwehr-volkmarode.de\\\/#website\",\"url\":\"https:\\\/\\\/www.feuerwehr-volkmarode.de\\\/\",\"name\":\"Freiwillige Feuerwehr Volkmarode\",\"description\":\"#OF33\",\"inLanguage\":\"de-DE\",\"publisher\":{\"@id\":\"https:\\\/\\\/www.feuerwehr-volkmarode.de\\\/#organization\"}}]}\n\t\t<\/script>\n\t\t<!-- All in One SEO -->\n\n","aioseo_head_json":{"title":"\u201cRespekt statt Randale. Gewalt gegen Einsatzkr\u00e4fte? Nicht mit uns!\u201d - Freiwillige Feuerwehr Volkmarode","description":"Silvester ist ein Fest des Feierns, nicht der Zerst\u00f6rung. Jedes Jahr geraten Rettungskr\u00e4fte, Feuerwehr und Polizei ins Visier sinnloser Gewalt, w\u00e4hrend sie nur eines tun: Leben retten. Denkt daran: Hinter jeder Uniform steckt ein Mensch. Respektiert diejenigen, die f\u00fcr eure Sicherheit sorgen.Wir sagen NEIN zu Gewalt gegen Einsatzkr\u00e4fte!Teilt diesen Beitrag, um ein Zeichen zu setzen.","canonical_url":"https:\/\/www.feuerwehr-volkmarode.de\/?p=50363","robots":"max-image-preview:large","keywords":"","webmasterTools":{"miscellaneous":""},"schema":{"@context":"https:\/\/schema.org","@graph":[{"@type":"BlogPosting","@id":"https:\/\/www.feuerwehr-volkmarode.de\/?p=50363#blogposting","name":"\u201cRespekt statt Randale. Gewalt gegen Einsatzkr\u00e4fte? Nicht mit uns!\u201d - Freiwillige Feuerwehr Volkmarode","headline":"\u201cRespekt statt Randale. Gewalt gegen Einsatzkr\u00e4fte? Nicht mit uns!\u201d","author":{"@id":"https:\/\/www.feuerwehr-volkmarode.de\/?author=3#author"},"publisher":{"@id":"https:\/\/www.feuerwehr-volkmarode.de\/#organization"},"datePublished":"2025-01-04T20:22:16+01:00","dateModified":"2025-01-04T20:24:55+01:00","inLanguage":"de-DE","mainEntityOfPage":{"@id":"https:\/\/www.feuerwehr-volkmarode.de\/?p=50363#webpage"},"isPartOf":{"@id":"https:\/\/www.feuerwehr-volkmarode.de\/?p=50363#webpage"},"articleSection":"Aktuelles"},{"@type":"BreadcrumbList","@id":"https:\/\/www.feuerwehr-volkmarode.de\/?p=50363#breadcrumblist","itemListElement":[{"@type":"ListItem","@id":"https:\/\/www.feuerwehr-volkmarode.de#listItem","position":1,"name":"Home","item":"https:\/\/www.feuerwehr-volkmarode.de","nextItem":{"@type":"ListItem","@id":"https:\/\/www.feuerwehr-volkmarode.de\/?cat=1#listItem","name":"Aktuelles"}},{"@type":"ListItem","@id":"https:\/\/www.feuerwehr-volkmarode.de\/?cat=1#listItem","position":2,"name":"Aktuelles","item":"https:\/\/www.feuerwehr-volkmarode.de\/?cat=1","nextItem":{"@type":"ListItem","@id":"https:\/\/www.feuerwehr-volkmarode.de\/?p=50363#listItem","name":"\u201cRespekt statt Randale. Gewalt gegen Einsatzkr\u00e4fte? Nicht mit uns!\u201d"},"previousItem":{"@type":"ListItem","@id":"https:\/\/www.feuerwehr-volkmarode.de#listItem","name":"Home"}},{"@type":"ListItem","@id":"https:\/\/www.feuerwehr-volkmarode.de\/?p=50363#listItem","position":3,"name":"\u201cRespekt statt Randale. Gewalt gegen Einsatzkr\u00e4fte? Nicht mit uns!\u201d","previousItem":{"@type":"ListItem","@id":"https:\/\/www.feuerwehr-volkmarode.de\/?cat=1#listItem","name":"Aktuelles"}}]},{"@type":"Organization","@id":"https:\/\/www.feuerwehr-volkmarode.de\/#organization","name":"Freiwillige Feuerwehr Volkmarode","description":"#OF33","url":"https:\/\/www.feuerwehr-volkmarode.de\/"},{"@type":"Person","@id":"https:\/\/www.feuerwehr-volkmarode.de\/?author=3#author","url":"https:\/\/www.feuerwehr-volkmarode.de\/?author=3","name":"Claa\u00dfen"},{"@type":"WebPage","@id":"https:\/\/www.feuerwehr-volkmarode.de\/?p=50363#webpage","url":"https:\/\/www.feuerwehr-volkmarode.de\/?p=50363","name":"\u201cRespekt statt Randale. Gewalt gegen Einsatzkr\u00e4fte? Nicht mit uns!\u201d - Freiwillige Feuerwehr Volkmarode","description":"Silvester ist ein Fest des Feierns, nicht der Zerst\u00f6rung. Jedes Jahr geraten Rettungskr\u00e4fte, Feuerwehr und Polizei ins Visier sinnloser Gewalt, w\u00e4hrend sie nur eines tun: Leben retten. Denkt daran: Hinter jeder Uniform steckt ein Mensch. Respektiert diejenigen, die f\u00fcr eure Sicherheit sorgen.Wir sagen NEIN zu Gewalt gegen Einsatzkr\u00e4fte!Teilt diesen Beitrag, um ein Zeichen zu setzen.","inLanguage":"de-DE","isPartOf":{"@id":"https:\/\/www.feuerwehr-volkmarode.de\/#website"},"breadcrumb":{"@id":"https:\/\/www.feuerwehr-volkmarode.de\/?p=50363#breadcrumblist"},"author":{"@id":"https:\/\/www.feuerwehr-volkmarode.de\/?author=3#author"},"creator":{"@id":"https:\/\/www.feuerwehr-volkmarode.de\/?author=3#author"},"datePublished":"2025-01-04T20:22:16+01:00","dateModified":"2025-01-04T20:24:55+01:00"},{"@type":"WebSite","@id":"https:\/\/www.feuerwehr-volkmarode.de\/#website","url":"https:\/\/www.feuerwehr-volkmarode.de\/","name":"Freiwillige Feuerwehr Volkmarode","description":"#OF33","inLanguage":"de-DE","publisher":{"@id":"https:\/\/www.feuerwehr-volkmarode.de\/#organization"}}]},"og:locale":"de_DE","og:site_name":"Freiwillige Feuerwehr Volkmarode - #OF33","og:type":"article","og:title":"\u201cRespekt statt Randale. Gewalt gegen Einsatzkr\u00e4fte? Nicht mit uns!\u201d - Freiwillige Feuerwehr Volkmarode","og:description":"Silvester ist ein Fest des Feierns, nicht der Zerst\u00f6rung. Jedes Jahr geraten Rettungskr\u00e4fte, Feuerwehr und Polizei ins Visier sinnloser Gewalt, w\u00e4hrend sie nur eines tun: Leben retten. Denkt daran: Hinter jeder Uniform steckt ein Mensch. Respektiert diejenigen, die f\u00fcr eure Sicherheit sorgen.Wir sagen NEIN zu Gewalt gegen Einsatzkr\u00e4fte!Teilt diesen Beitrag, um ein Zeichen zu setzen.","og:url":"https:\/\/www.feuerwehr-volkmarode.de\/?p=50363","article:published_time":"2025-01-04T19:22:16+00:00","article:modified_time":"2025-01-04T19:24:55+00:00","twitter:card":"summary_large_image","twitter:title":"\u201cRespekt statt Randale. Gewalt gegen Einsatzkr\u00e4fte? Nicht mit uns!\u201d - Freiwillige Feuerwehr Volkmarode","twitter:description":"Silvester ist ein Fest des Feierns, nicht der Zerst\u00f6rung. Jedes Jahr geraten Rettungskr\u00e4fte, Feuerwehr und Polizei ins Visier sinnloser Gewalt, w\u00e4hrend sie nur eines tun: Leben retten. Denkt daran: Hinter jeder Uniform steckt ein Mensch. Respektiert diejenigen, die f\u00fcr eure Sicherheit sorgen.Wir sagen NEIN zu Gewalt gegen Einsatzkr\u00e4fte!Teilt diesen Beitrag, um ein Zeichen zu setzen."},"aioseo_meta_data":{"post_id":"50363","title":null,"description":null,"keywords":null,"keyphrases":null,"primary_term":null,"canonical_url":null,"og_title":null,"og_description":null,"og_object_type":"default","og_image_type":"default","og_image_url":null,"og_image_width":null,"og_image_height":null,"og_image_custom_url":null,"og_image_custom_fields":null,"og_video":null,"og_custom_url":null,"og_article_section":null,"og_article_tags":null,"twitter_use_og":false,"twitter_card":"default","twitter_image_type":"default","twitter_image_url":null,"twitter_image_custom_url":null,"twitter_image_custom_fields":null,"twitter_title":null,"twitter_description":null,"schema":{"blockGraphs":[],"customGraphs":[],"default":{"data":{"Article":[],"Course":[],"Dataset":[],"FAQPage":[],"Movie":[],"Person":[],"Product":[],"ProductReview":[],"Car":[],"Recipe":[],"Service":[],"SoftwareApplication":[],"WebPage":[]},"graphName":"","isEnabled":true},"graphs":[]},"schema_type":"default","schema_type_options":null,"pillar_content":false,"robots_default":true,"robots_noindex":false,"robots_noarchive":false,"robots_nosnippet":false,"robots_nofollow":false,"robots_noimageindex":false,"robots_noodp":false,"robots_notranslate":false,"robots_max_snippet":null,"robots_max_videopreview":null,"robots_max_imagepreview":"large","priority":null,"frequency":null,"local_seo":null,"breadcrumb_settings":null,"limit_modified_date":false,"ai":null,"created":"2025-11-19 19:28:13","updated":"2025-11-19 19:28:13","focus_keyword":null,"additional_keywords":null,"truseo_locale":null,"seo_analyzer_scan_date":null},"aioseo_breadcrumb":"<div class=\"aioseo-breadcrumbs\"><span class=\"aioseo-breadcrumb\">\n\t\t\t<a href=\"https:\/\/www.feuerwehr-volkmarode.de\" title=\"Home\">Home<\/a>\n\t\t<\/span><span class=\"aioseo-breadcrumb-separator\">&raquo;<\/span><span class=\"aioseo-breadcrumb\">\n\t\t\t<a href=\"https:\/\/www.feuerwehr-volkmarode.de\/?cat=1\" title=\"Aktuelles\">Aktuelles<\/a>\n\t\t<\/span><span class=\"aioseo-breadcrumb-separator\">&raquo;<\/span><span class=\"aioseo-breadcrumb\">\n\t\t\t\u201cRespekt statt Randale. Gewalt gegen Einsatzkr\u00e4fte? Nicht mit uns!\u201d\n\t\t<\/span><\/div>","aioseo_breadcrumb_json":[{"label":"Home","link":"https:\/\/www.feuerwehr-volkmarode.de"},{"label":"Aktuelles","link":"https:\/\/www.feuerwehr-volkmarode.de\/?cat=1"},{"label":"\u201cRespekt statt Randale. Gewalt gegen Einsatzkr\u00e4fte? Nicht mit uns!\u201d","link":"https:\/\/www.feuerwehr-volkmarode.de\/?p=50363"}],"jetpack_featured_media_url":"","jetpack_publicize_connections":[],"jetpack_sharing_enabled":true,"_links":{"self":[{"href":"https:\/\/www.feuerwehr-volkmarode.de\/index.php?rest_route=\/wp\/v2\/posts\/50363","targetHints":{"allow":["GET"]}}],"collection":[{"href":"https:\/\/www.feuerwehr-volkmarode.de\/index.php?rest_route=\/wp\/v2\/posts"}],"about":[{"href":"https:\/\/www.feuerwehr-volkmarode.de\/index.php?rest_route=\/wp\/v2\/types\/post"}],"author":[{"embeddable":true,"href":"https:\/\/www.feuerwehr-volkmarode.de\/index.php?rest_route=\/wp\/v2\/users\/3"}],"replies":[{"embeddable":true,"href":"https:\/\/www.feuerwehr-volkmarode.de\/index.php?rest_route=%2Fwp%2Fv2%2Fcomments&post=50363"}],"version-history":[{"count":2,"href":"https:\/\/www.feuerwehr-volkmarode.de\/index.php?rest_route=\/wp\/v2\/posts\/50363\/revisions"}],"predecessor-version":[{"id":50366,"href":"https:\/\/www.feuerwehr-volkmarode.de\/index.php?rest_route=\/wp\/v2\/posts\/50363\/revisions\/50366"}],"wp:attachment":[{"href":"https:\/\/www.feuerwehr-volkmarode.de\/index.php?rest_route=%2Fwp%2Fv2%2Fmedia&parent=50363"}],"wp:term":[{"taxonomy":"category","embeddable":true,"href":"https:\/\/www.feuerwehr-volkmarode.de\/index.php?rest_route=%2Fwp%2Fv2%2Fcategories&post=50363"},{"taxonomy":"post_tag","embeddable":true,"href":"https:\/\/www.feuerwehr-volkmarode.de\/index.php?rest_route=%2Fwp%2Fv2%2Ftags&post=50363"}],"curies":[{"name":"wp","href":"https:\/\/api.w.org\/{rel}","templated":true}]}}