{"id":50245,"date":"2024-02-03T10:55:10","date_gmt":"2024-02-03T09:55:10","guid":{"rendered":"https:\/\/www.feuerwehr-volkmarode.de\/?p=50245"},"modified":"2024-02-10T11:01:22","modified_gmt":"2024-02-10T10:01:22","slug":"jahreshauptversammlung-2023","status":"publish","type":"post","link":"https:\/\/www.feuerwehr-volkmarode.de\/?p=50245","title":{"rendered":"Jahreshauptversammlung 2023"},"content":{"rendered":"\t\t<div data-elementor-type=\"wp-post\" data-elementor-id=\"50245\" class=\"elementor elementor-50245\" data-elementor-settings=\"[]\">\n\t\t\t\t\t\t<div class=\"elementor-inner\">\n\t\t\t\t\t\t\t<div class=\"elementor-section-wrap\">\n\t\t\t\t\t\t\t<section class=\"elementor-section elementor-top-section elementor-element elementor-element-14da0e4a elementor-section-boxed elementor-section-height-default elementor-section-height-default\" data-id=\"14da0e4a\" data-element_type=\"section\">\n\t\t\t\t\t\t<div class=\"elementor-container elementor-column-gap-default\">\n\t\t\t\t\t\t\t<div class=\"elementor-row\">\n\t\t\t\t\t<div class=\"elementor-column elementor-col-100 elementor-top-column elementor-element elementor-element-340ff4b9\" data-id=\"340ff4b9\" data-element_type=\"column\">\n\t\t\t<div class=\"elementor-column-wrap elementor-element-populated\">\n\t\t\t\t\t\t\t<div class=\"elementor-widget-wrap\">\n\t\t\t\t\t\t<div class=\"elementor-element elementor-element-743c160a elementor-widget elementor-widget-text-editor\" data-id=\"743c160a\" data-element_type=\"widget\" data-widget_type=\"text-editor.default\">\n\t\t\t\t<div class=\"elementor-widget-container\">\n\t\t\t\t\t<div class=\"elementor-text-editor elementor-clearfix\"><div class=\"xdj266r x11i5rnm xat24cr x1mh8g0r x1vvkbs x126k92a\"><div dir=\"auto\">Am vergangenen Samstag fand unsere J\u00e4hrliche Jahreshauptversammlung statt.<span class=\"x3nfvp2 x1j61x8r x1fcty0u xdj266r xhhsvwb xat24cr xgzva0m xxymvpz xlup9mm x1kky2od\"><br \/><\/span><\/div><div dir=\"auto\">\u00a0<\/div><div dir=\"auto\">Bei der Versammlung konnte unser Ortsbrandmeister C.Claa\u00dfen einen Gro\u00dfteil unserer Mitglieder begr\u00fc\u00dfen. Dabei waren Mitglieder der Einsatzabteilung, der Altersabteilung und einige f\u00f6rdernde Mitglieder.<\/div><\/div><div class=\"x11i5rnm xat24cr x1mh8g0r x1vvkbs xtlvy1s x126k92a\"><div dir=\"auto\">Im Verlauf der Versammlung berichteten die einzelnen Funktionstr\u00e4ger \u00fcber das beendete Dienstjahr 2023. Im Anschluss der Berichte und die kurzen Ausblicke auf das Jahr 2024 gingen wir zum Tagesordnungspunkt Wahlen \u00fcber.<\/div><\/div><div class=\"x11i5rnm xat24cr x1mh8g0r x1vvkbs xtlvy1s x126k92a\"><div dir=\"auto\">Gew\u00e4hlt wurden die Kassenpr\u00fcfer und die Position des Gruppenf\u00fchrers. <span class=\"x3nfvp2 x1j61x8r x1fcty0u xdj266r xhhsvwb xat24cr xgzva0m xxymvpz xlup9mm x1kky2od\"><img loading=\"lazy\" class=\"xz74otr\" src=\"https:\/\/static.xx.fbcdn.net\/images\/emoji.php\/v9\/t67\/1\/16\/1f692.png\" alt=\"\ud83d\ude92\" width=\"16\" height=\"16\" \/><\/span><\/div><div dir=\"auto\">Als Gruppenf\u00fchrer wurde L.Kleimann einstimmig von der Versammlung gew\u00e4hlt. Somit wird das Orts-Kommando durch ihn erg\u00e4nzt.<span class=\"x3nfvp2 x1j61x8r x1fcty0u xdj266r xhhsvwb xat24cr xgzva0m xxymvpz xlup9mm x1kky2od\"><br \/><\/span><\/div><\/div><div class=\"x11i5rnm xat24cr x1mh8g0r x1vvkbs xtlvy1s x126k92a\"><div dir=\"auto\">Im weiteren Verlauf der Versammlung wurden noch Bef\u00f6rderungen und Ehrungen durchgef\u00fchrt.<span class=\"x3nfvp2 x1j61x8r x1fcty0u xdj266r xhhsvwb xat24cr xgzva0m xxymvpz xlup9mm x1kky2od\"><br \/><\/span><\/div><div dir=\"auto\">\u00a0<\/div><div dir=\"auto\">Ortsbrandmeister C.Claa\u00dfen konnte in diesem Zuge sieben Kameraden auf Ortsebene Bef\u00f6rdern.<\/div><div dir=\"auto\">In den Rang des Feuerwehrmann wurden, D.Tr\u00e4ger, S.Weigelt, H.B\u00f6ger, L.Weimann, R.W\u00f6bbeking und N.Ca\u00f1ete ernannt.<\/div><div dir=\"auto\">\u00a0<\/div><div dir=\"auto\">L.Kleimann wurde zum Hauptfeuerwehrmann bef\u00f6rdert.<\/div><\/div><div class=\"x11i5rnm xat24cr x1mh8g0r x1vvkbs xtlvy1s x126k92a\"><div dir=\"auto\">Auf St\u00e4dtischer Ebene wurde D.Ca\u00f1ete vom Stadtbrandmeister Ingo Sch\u00f6nbach zum Oberl\u00f6schmeister bef\u00f6rdert.<span class=\"x3nfvp2 x1j61x8r x1fcty0u xdj266r xhhsvwb xat24cr xgzva0m xxymvpz xlup9mm x1kky2od\"><br \/><\/span><\/div><\/div><div class=\"x11i5rnm xat24cr x1mh8g0r x1vvkbs xtlvy1s x126k92a\"><div dir=\"auto\">Zudem wurde der Kamerad L.Kleimann f\u00fcr seine geleistete Arbeit im vergangenen Jahr mit dem internen Titel Feuerwehrmann\/Feuerwehrfrau des Jahres geehrt.<\/div><\/div><div class=\"x11i5rnm xat24cr x1mh8g0r x1vvkbs xtlvy1s x126k92a\"><div dir=\"auto\">Des Weiteren stellte C.Claa\u00dfen auch die neue Ortsbrandmeister Chronik anl\u00e4sslich unseres 150 j\u00e4hrigen Jubil\u00e4ums vor. In dem Zuge m\u00f6chten wir uns f\u00fcr die Bereitstellung durch <a class=\"x1i10hfl xjbqb8w x1ejq31n xd10rxx x1sy0etr x17r0tee x972fbf xcfux6l x1qhh985 xm0m39n x9f619 x1ypdohk xt0psk2 xe8uvvx xdj266r x11i5rnm xat24cr x1mh8g0r xexx8yu x4uap5 x18d9i69 xkhd6sd x16tdsg8 x1hl2dhg xggy1nq x1a2a7pz xt0b8zv x1fey0fg\" tabindex=\"0\" role=\"link\" href=\"https:\/\/l.facebook.com\/l.php?u=https%3A%2F%2Fwww.instagram.com%2F_u%2Fwoodsignsholzschilder%3Ffbclid%3DIwAR0qfzidPSZgfKtcD5WSklF0oVJ0pnvfPP9RgYX2lsWTQHAVx9ajpai72Uc&amp;h=AT0ZIPMvPCZphLVPTEfsPFOC0SPxWh12CSSy9yJjt3BPSR-OAnKievqjBkk1_ECNkPwQUun8nOVak71IUErCEpZKcIPdy582gjiei_qhiBsDC5b7h7WkU3-GS-3mDABotUvoe3zAhTnmQooKpe8j&amp;__tn__=-UK-R&amp;c[0]=AT0fTWJf_Y3rKFxsaenH1Mta6rtplfMo00Sr13g7s3QNuY8gip23dF7snBobs_Wj-FFa0-YLWbhSZ_MSvYld7S1eR7YMPZmT6-jLbjhw6AFrchbSyLlTBG0FuQDtuGYufnIC2bf6f4z90I020HUBoD__xRJBH2z1q1hlt3mqs5baYk2vULI5ACY1vvmG-ywQZUkUO7aHhvHF\" target=\"_blank\" rel=\"nofollow noopener noreferrer\">@woodsignsholzschilder<\/a> bedanken.<\/div><div dir=\"auto\">\u00a0<\/div><div dir=\"auto\">\u00a0<\/div><\/div><\/div>\n\t\t\t\t<\/div>\n\t\t\t\t<\/div>\n\t\t\t\t<div class=\"elementor-element elementor-element-1ec5006 elementor-widget elementor-widget-image\" data-id=\"1ec5006\" data-element_type=\"widget\" data-widget_type=\"image.default\">\n\t\t\t\t<div class=\"elementor-widget-container\">\n\t\t\t\t\t<div class=\"elementor-image\">\n\t\t\t\t\t\t\t\t\t\t<img width=\"1024\" height=\"768\" src=\"https:\/\/www.feuerwehr-volkmarode.de\/wp-content\/uploads\/2024\/02\/425918619_18255880603228438_5100478478549162734_n-1024x768.jpg\" class=\"attachment-large size-large\" alt=\"\" loading=\"lazy\" srcset=\"https:\/\/www.feuerwehr-volkmarode.de\/wp-content\/uploads\/2024\/02\/425918619_18255880603228438_5100478478549162734_n-1024x768.jpg 1024w, https:\/\/www.feuerwehr-volkmarode.de\/wp-content\/uploads\/2024\/02\/425918619_18255880603228438_5100478478549162734_n-300x225.jpg 300w, https:\/\/www.feuerwehr-volkmarode.de\/wp-content\/uploads\/2024\/02\/425918619_18255880603228438_5100478478549162734_n-768x576.jpg 768w, https:\/\/www.feuerwehr-volkmarode.de\/wp-content\/uploads\/2024\/02\/425918619_18255880603228438_5100478478549162734_n-e1707558826930.jpg 350w\" sizes=\"(max-width: 1024px) 100vw, 1024px\" \/>\t\t\t\t\t\t\t\t\t\t\t<\/div>\n\t\t\t\t<\/div>\n\t\t\t\t<\/div>\n\t\t\t\t<div class=\"elementor-element elementor-element-024661e elementor-widget elementor-widget-image\" data-id=\"024661e\" data-element_type=\"widget\" data-widget_type=\"image.default\">\n\t\t\t\t<div class=\"elementor-widget-container\">\n\t\t\t\t\t<div class=\"elementor-image\">\n\t\t\t\t\t\t\t\t\t\t<img width=\"1024\" height=\"768\" src=\"https:\/\/www.feuerwehr-volkmarode.de\/wp-content\/uploads\/2024\/02\/425717974_18255880621228438_1849387703227675588_n-1024x768.jpg\" class=\"attachment-large size-large\" alt=\"\" loading=\"lazy\" srcset=\"https:\/\/www.feuerwehr-volkmarode.de\/wp-content\/uploads\/2024\/02\/425717974_18255880621228438_1849387703227675588_n-1024x768.jpg 1024w, https:\/\/www.feuerwehr-volkmarode.de\/wp-content\/uploads\/2024\/02\/425717974_18255880621228438_1849387703227675588_n-300x225.jpg 300w, https:\/\/www.feuerwehr-volkmarode.de\/wp-content\/uploads\/2024\/02\/425717974_18255880621228438_1849387703227675588_n-768x576.jpg 768w, https:\/\/www.feuerwehr-volkmarode.de\/wp-content\/uploads\/2024\/02\/425717974_18255880621228438_1849387703227675588_n.jpg 1440w\" sizes=\"(max-width: 1024px) 100vw, 1024px\" \/>\t\t\t\t\t\t\t\t\t\t\t<\/div>\n\t\t\t\t<\/div>\n\t\t\t\t<\/div>\n\t\t\t\t<div class=\"elementor-element elementor-element-d4a9b89 elementor-widget elementor-widget-image\" data-id=\"d4a9b89\" data-element_type=\"widget\" data-widget_type=\"image.default\">\n\t\t\t\t<div class=\"elementor-widget-container\">\n\t\t\t\t\t<div class=\"elementor-image\">\n\t\t\t\t\t\t\t\t\t\t<img width=\"1024\" height=\"772\" src=\"https:\/\/www.feuerwehr-volkmarode.de\/wp-content\/uploads\/2024\/02\/425679062_18255880630228438_5757049942273317870_n-1024x772.jpg\" class=\"attachment-large size-large\" alt=\"\" loading=\"lazy\" srcset=\"https:\/\/www.feuerwehr-volkmarode.de\/wp-content\/uploads\/2024\/02\/425679062_18255880630228438_5757049942273317870_n-1024x772.jpg 1024w, https:\/\/www.feuerwehr-volkmarode.de\/wp-content\/uploads\/2024\/02\/425679062_18255880630228438_5757049942273317870_n-300x226.jpg 300w, https:\/\/www.feuerwehr-volkmarode.de\/wp-content\/uploads\/2024\/02\/425679062_18255880630228438_5757049942273317870_n-768x579.jpg 768w, https:\/\/www.feuerwehr-volkmarode.de\/wp-content\/uploads\/2024\/02\/425679062_18255880630228438_5757049942273317870_n.jpg 1440w\" sizes=\"(max-width: 1024px) 100vw, 1024px\" \/>\t\t\t\t\t\t\t\t\t\t\t<\/div>\n\t\t\t\t<\/div>\n\t\t\t\t<\/div>\n\t\t\t\t\t\t<\/div>\n\t\t\t\t\t<\/div>\n\t\t<\/div>\n\t\t\t\t\t\t\t\t<\/div>\n\t\t\t\t\t<\/div>\n\t\t<\/section>\n\t\t\t\t\t\t<\/div>\n\t\t\t\t\t\t<\/div>\n\t\t\t\t\t<\/div>\n\t\t","protected":false},"excerpt":{"rendered":"<p>Am vergangenen Samstag fand unsere J\u00e4hrliche Jahreshauptversammlung statt.\u00a0Bei der Versammlung konnte unser Ortsbrandmeister C.Claa\u00dfen einen Gro\u00dfteil unserer Mitglieder begr\u00fc\u00dfen. Dabei waren Mitglieder der Einsatzabteilung, der Altersabteilung und einige f\u00f6rdernde Mitglieder.Im Verlauf der Versammlung berichteten die einzelnen Funktionstr\u00e4ger \u00fcber das beendete Dienstjahr 2023. Im Anschluss der Berichte und die kurzen Ausblicke auf das Jahr 2024 gingen [&hellip;]<\/p>\n","protected":false},"author":3,"featured_media":0,"comment_status":"closed","ping_status":"open","sticky":false,"template":"","format":"standard","meta":{"_monsterinsights_skip_tracking":false,"_monsterinsights_sitenote_active":false,"_monsterinsights_sitenote_note":"","_monsterinsights_sitenote_category":0,"spay_email":"","jetpack_publicize_message":"","jetpack_is_tweetstorm":false,"jetpack_publicize_feature_enabled":true},"categories":[1],"tags":[],"aioseo_notices":[],"jetpack_featured_media_url":"","jetpack_publicize_connections":[],"jetpack_sharing_enabled":true,"_links":{"self":[{"href":"https:\/\/www.feuerwehr-volkmarode.de\/index.php?rest_route=\/wp\/v2\/posts\/50245"}],"collection":[{"href":"https:\/\/www.feuerwehr-volkmarode.de\/index.php?rest_route=\/wp\/v2\/posts"}],"about":[{"href":"https:\/\/www.feuerwehr-volkmarode.de\/index.php?rest_route=\/wp\/v2\/types\/post"}],"author":[{"embeddable":true,"href":"https:\/\/www.feuerwehr-volkmarode.de\/index.php?rest_route=\/wp\/v2\/users\/3"}],"replies":[{"embeddable":true,"href":"https:\/\/www.feuerwehr-volkmarode.de\/index.php?rest_route=%2Fwp%2Fv2%2Fcomments&post=50245"}],"version-history":[{"count":3,"href":"https:\/\/www.feuerwehr-volkmarode.de\/index.php?rest_route=\/wp\/v2\/posts\/50245\/revisions"}],"predecessor-version":[{"id":50251,"href":"https:\/\/www.feuerwehr-volkmarode.de\/index.php?rest_route=\/wp\/v2\/posts\/50245\/revisions\/50251"}],"wp:attachment":[{"href":"https:\/\/www.feuerwehr-volkmarode.de\/index.php?rest_route=%2Fwp%2Fv2%2Fmedia&parent=50245"}],"wp:term":[{"taxonomy":"category","embeddable":true,"href":"https:\/\/www.feuerwehr-volkmarode.de\/index.php?rest_route=%2Fwp%2Fv2%2Fcategories&post=50245"},{"taxonomy":"post_tag","embeddable":true,"href":"https:\/\/www.feuerwehr-volkmarode.de\/index.php?rest_route=%2Fwp%2Fv2%2Ftags&post=50245"}],"curies":[{"name":"wp","href":"https:\/\/api.w.org\/{rel}","templated":true}]}}