{"id":50242,"date":"2024-02-08T10:50:57","date_gmt":"2024-02-08T09:50:57","guid":{"rendered":"https:\/\/www.feuerwehr-volkmarode.de\/?p=50242"},"modified":"2024-02-10T10:52:27","modified_gmt":"2024-02-10T09:52:27","slug":"ipads-fuer-die-ortsfeuerwehr","status":"publish","type":"post","link":"https:\/\/www.feuerwehr-volkmarode.de\/?p=50242","title":{"rendered":"Ipads f\u00fcr die Ortsfeuerwehr"},"content":{"rendered":"<p>Am letzten Donnerstag wurde unseren Ortsbrandmeistern\u00a0<span class=\"x3nfvp2 x1j61x8r x1fcty0u xdj266r xhhsvwb xat24cr xgzva0m xxymvpz xlup9mm x1kky2od\"><img loading=\"lazy\" decoding=\"async\" class=\"xz74otr\" src=\"https:\/\/static.xx.fbcdn.net\/images\/emoji.php\/v9\/t19\/1\/16\/1f468_1f3fb_200d_1f692.png\" alt=\"&#x1f468;&#x1f3fb;&#x200d;&#x1f692;\" width=\"16\" height=\"16\" \/><\/span>\u00a0das neue Einsatztablett \u00fcberreicht. In diesem Zuge treibt die Stadt\u00a0<a class=\"x1i10hfl xjbqb8w x1ejq31n xd10rxx x1sy0etr x17r0tee x972fbf xcfux6l x1qhh985 xm0m39n x9f619 x1ypdohk xt0psk2 xe8uvvx xdj266r x11i5rnm xat24cr x1mh8g0r xexx8yu x4uap5 x18d9i69 xkhd6sd x16tdsg8 x1hl2dhg xggy1nq x1a2a7pz xt0b8zv x1fey0fg\" tabindex=\"0\" role=\"link\" href=\"https:\/\/www.instagram.com\/_u\/braunschweig.de?fbclid=IwAR0qfzidPSZgfKtcD5WSklF0oVJ0pnvfPP9RgYX2lsWTQHAVx9ajpai72Uc\" target=\"_blank\" rel=\"nofollow noopener noreferrer\">@braunschweig.de<\/a>\u00a0die Digitalisierung der Feuerwehren voran.<br \/>\nBei der \u00dcbergabe waren Vertreter aus alle Ortsfeuerwehren anwesend und bekamen die Tabletts vom Oberb\u00fcrgermeister\u00a0<a class=\"x1i10hfl xjbqb8w x1ejq31n xd10rxx x1sy0etr x17r0tee x972fbf xcfux6l x1qhh985 xm0m39n x9f619 x1ypdohk xt0psk2 xe8uvvx xdj266r x11i5rnm xat24cr x1mh8g0r xexx8yu x4uap5 x18d9i69 xkhd6sd x16tdsg8 x1hl2dhg xggy1nq x1a2a7pz xt0b8zv x1fey0fg\" tabindex=\"0\" role=\"link\" href=\"https:\/\/www.instagram.com\/_u\/thorsten.kornblum.ob?fbclid=IwAR3amHRmFUlrgnf2q_fM_Ji8Z-2p1NFiA88j62RLe7RtRdRS0c3ejPb5YN4\" target=\"_blank\" rel=\"nofollow noopener noreferrer\">@thorsten.kornblum.ob<\/a>\u00a0\u00fcberreicht.<br \/>\n<span class=\"x3nfvp2 x1j61x8r x1fcty0u xdj266r xhhsvwb xat24cr xgzva0m xxymvpz xlup9mm x1kky2od\"><img loading=\"lazy\" decoding=\"async\" class=\"xz74otr\" src=\"https:\/\/static.xx.fbcdn.net\/images\/emoji.php\/v9\/t67\/1\/16\/1f692.png\" alt=\"&#x1f692;\" width=\"16\" height=\"16\" \/><\/span>Sinn und zweck dieser Einsatztabletts ist eine schnellere Information \u00fcber Einsatzort und Lage zubekommen. Au\u00dferdem kann durch zus\u00e4tzliche Features das Arbeiten an bestimmten Einsatzstellen erleichtert werden<span class=\"x3nfvp2 x1j61x8r x1fcty0u xdj266r xhhsvwb xat24cr xgzva0m xxymvpz xlup9mm x1kky2od\"><img loading=\"lazy\" decoding=\"async\" class=\"xz74otr\" src=\"https:\/\/static.xx.fbcdn.net\/images\/emoji.php\/v9\/t45\/1\/16\/1f6a8.png\" alt=\"&#x1f6a8;\" width=\"16\" height=\"16\" \/><\/span>.<\/p>\n<p><a href=\"https:\/\/www.braunschweig.de\/politik_verwaltung\/nachrichten\/ipads-ffw.php\" target=\"_blank\" rel=\"noopener\">https:\/\/www.braunschweig.de\/politik_verwaltung\/nachrichten\/ipads-ffw.php<\/a><\/p>\n<p><a href=\"https:\/\/www.feuerwehr-volkmarode.de\/wp-content\/uploads\/2024\/02\/426660727_18256335886228438_8599939234913045660_n.jpg\"><img loading=\"lazy\" decoding=\"async\" class=\"alignnone size-medium wp-image-50243\" src=\"https:\/\/www.feuerwehr-volkmarode.de\/wp-content\/uploads\/2024\/02\/426660727_18256335886228438_8599939234913045660_n-240x300.jpg\" alt=\"\" width=\"240\" height=\"300\" \/><\/a><\/p>\n","protected":false},"excerpt":{"rendered":"<p>Am letzten Donnerstag wurde unseren Ortsbrandmeistern\u00a0\u00a0das neue Einsatztablett \u00fcberreicht. In diesem Zuge treibt die Stadt\u00a0@braunschweig.de\u00a0die Digitalisierung der Feuerwehren voran. Bei der \u00dcbergabe waren Vertreter aus alle Ortsfeuerwehren anwesend und bekamen die Tabletts vom Oberb\u00fcrgermeister\u00a0@thorsten.kornblum.ob\u00a0\u00fcberreicht. Sinn und zweck dieser Einsatztabletts ist eine schnellere Information \u00fcber Einsatzort und Lage zubekommen. Au\u00dferdem kann durch zus\u00e4tzliche Features das Arbeiten [&hellip;]<\/p>\n","protected":false},"author":3,"featured_media":50243,"comment_status":"closed","ping_status":"open","sticky":false,"template":"","format":"standard","meta":{"_monsterinsights_skip_tracking":false,"spay_email":"","footnotes":"","jetpack_publicize_message":"","jetpack_is_tweetstorm":false,"jetpack_publicize_feature_enabled":true},"categories":[1],"tags":[],"class_list":["post-50242","post","type-post","status-publish","format-standard","has-post-thumbnail","hentry","category-aktuelles"],"aioseo_notices":[],"aioseo_head":"\n\t\t<!-- All in One SEO 5.0.0.1 - aioseo.com -->\n\t<meta name=\"description\" content=\"Am letzten Donnerstag wurde unseren Ortsbrandmeistern das neue Einsatztablett \u00fcberreicht. In diesem Zuge treibt die Stadt @braunschweig.de die Digitalisierung der Feuerwehren voran. Bei der \u00dcbergabe waren Vertreter aus alle Ortsfeuerwehren anwesend und bekamen die Tabletts vom Oberb\u00fcrgermeister @thorsten.kornblum.ob \u00fcberreicht. Sinn und zweck dieser Einsatztabletts ist eine schnellere Information \u00fcber Einsatzort und Lage zubekommen. Au\u00dferdem kann durch zus\u00e4tzliche Features das Arbeiten\" \/>\n\t<meta name=\"robots\" content=\"max-image-preview:large\" \/>\n\t<meta name=\"author\" content=\"Claa\u00dfen\"\/>\n\t<link rel=\"canonical\" href=\"https:\/\/www.feuerwehr-volkmarode.de\/?p=50242\" \/>\n\t<meta name=\"generator\" content=\"All in One SEO (AIOSEO) 5.0.0.1\" \/>\n\t\t<meta property=\"og:locale\" content=\"de_DE\" \/>\n\t\t<meta property=\"og:site_name\" content=\"Freiwillige Feuerwehr Volkmarode - #OF33\" \/>\n\t\t<meta property=\"og:type\" content=\"article\" \/>\n\t\t<meta property=\"og:title\" content=\"Ipads f\u00fcr die Ortsfeuerwehr - Freiwillige Feuerwehr Volkmarode\" \/>\n\t\t<meta property=\"og:description\" content=\"Am letzten Donnerstag wurde unseren Ortsbrandmeistern das neue Einsatztablett \u00fcberreicht. In diesem Zuge treibt die Stadt @braunschweig.de die Digitalisierung der Feuerwehren voran. Bei der \u00dcbergabe waren Vertreter aus alle Ortsfeuerwehren anwesend und bekamen die Tabletts vom Oberb\u00fcrgermeister @thorsten.kornblum.ob \u00fcberreicht. Sinn und zweck dieser Einsatztabletts ist eine schnellere Information \u00fcber Einsatzort und Lage zubekommen. Au\u00dferdem kann durch zus\u00e4tzliche Features das Arbeiten\" \/>\n\t\t<meta property=\"og:url\" content=\"https:\/\/www.feuerwehr-volkmarode.de\/?p=50242\" \/>\n\t\t<meta property=\"article:published_time\" content=\"2024-02-08T09:50:57+00:00\" \/>\n\t\t<meta property=\"article:modified_time\" content=\"2024-02-10T09:52:27+00:00\" \/>\n\t\t<meta name=\"twitter:card\" content=\"summary_large_image\" \/>\n\t\t<meta name=\"twitter:title\" content=\"Ipads f\u00fcr die Ortsfeuerwehr - Freiwillige Feuerwehr Volkmarode\" \/>\n\t\t<meta name=\"twitter:description\" content=\"Am letzten Donnerstag wurde unseren Ortsbrandmeistern das neue Einsatztablett \u00fcberreicht. In diesem Zuge treibt die Stadt @braunschweig.de die Digitalisierung der Feuerwehren voran. Bei der \u00dcbergabe waren Vertreter aus alle Ortsfeuerwehren anwesend und bekamen die Tabletts vom Oberb\u00fcrgermeister @thorsten.kornblum.ob \u00fcberreicht. Sinn und zweck dieser Einsatztabletts ist eine schnellere Information \u00fcber Einsatzort und Lage zubekommen. Au\u00dferdem kann durch zus\u00e4tzliche Features das Arbeiten\" \/>\n\t\t<script type=\"application\/ld+json\" class=\"aioseo-schema\">\n\t\t\t{\"@context\":\"https:\\\/\\\/schema.org\",\"@graph\":[{\"@type\":\"BlogPosting\",\"@id\":\"https:\\\/\\\/www.feuerwehr-volkmarode.de\\\/?p=50242#blogposting\",\"name\":\"Ipads f\\u00fcr die Ortsfeuerwehr - Freiwillige Feuerwehr Volkmarode\",\"headline\":\"Ipads f\\u00fcr die Ortsfeuerwehr\",\"author\":{\"@id\":\"https:\\\/\\\/www.feuerwehr-volkmarode.de\\\/?author=3#author\"},\"publisher\":{\"@id\":\"https:\\\/\\\/www.feuerwehr-volkmarode.de\\\/#organization\"},\"image\":{\"@type\":\"ImageObject\",\"url\":\"https:\\\/\\\/www.feuerwehr-volkmarode.de\\\/wp-content\\\/uploads\\\/2024\\\/02\\\/426660727_18256335886228438_8599939234913045660_n-e1707558520427.jpg\",\"width\":350,\"height\":438},\"datePublished\":\"2024-02-08T10:50:57+01:00\",\"dateModified\":\"2024-02-10T10:52:27+01:00\",\"inLanguage\":\"de-DE\",\"mainEntityOfPage\":{\"@id\":\"https:\\\/\\\/www.feuerwehr-volkmarode.de\\\/?p=50242#webpage\"},\"isPartOf\":{\"@id\":\"https:\\\/\\\/www.feuerwehr-volkmarode.de\\\/?p=50242#webpage\"},\"articleSection\":\"Aktuelles\"},{\"@type\":\"BreadcrumbList\",\"@id\":\"https:\\\/\\\/www.feuerwehr-volkmarode.de\\\/?p=50242#breadcrumblist\",\"itemListElement\":[{\"@type\":\"ListItem\",\"@id\":\"https:\\\/\\\/www.feuerwehr-volkmarode.de#listItem\",\"position\":1,\"name\":\"Home\",\"item\":\"https:\\\/\\\/www.feuerwehr-volkmarode.de\",\"nextItem\":{\"@type\":\"ListItem\",\"@id\":\"https:\\\/\\\/www.feuerwehr-volkmarode.de\\\/?cat=1#listItem\",\"name\":\"Aktuelles\"}},{\"@type\":\"ListItem\",\"@id\":\"https:\\\/\\\/www.feuerwehr-volkmarode.de\\\/?cat=1#listItem\",\"position\":2,\"name\":\"Aktuelles\",\"item\":\"https:\\\/\\\/www.feuerwehr-volkmarode.de\\\/?cat=1\",\"nextItem\":{\"@type\":\"ListItem\",\"@id\":\"https:\\\/\\\/www.feuerwehr-volkmarode.de\\\/?p=50242#listItem\",\"name\":\"Ipads f\\u00fcr die Ortsfeuerwehr\"},\"previousItem\":{\"@type\":\"ListItem\",\"@id\":\"https:\\\/\\\/www.feuerwehr-volkmarode.de#listItem\",\"name\":\"Home\"}},{\"@type\":\"ListItem\",\"@id\":\"https:\\\/\\\/www.feuerwehr-volkmarode.de\\\/?p=50242#listItem\",\"position\":3,\"name\":\"Ipads f\\u00fcr die Ortsfeuerwehr\",\"previousItem\":{\"@type\":\"ListItem\",\"@id\":\"https:\\\/\\\/www.feuerwehr-volkmarode.de\\\/?cat=1#listItem\",\"name\":\"Aktuelles\"}}]},{\"@type\":\"Organization\",\"@id\":\"https:\\\/\\\/www.feuerwehr-volkmarode.de\\\/#organization\",\"name\":\"Freiwillige Feuerwehr Volkmarode\",\"description\":\"#OF33\",\"url\":\"https:\\\/\\\/www.feuerwehr-volkmarode.de\\\/\"},{\"@type\":\"Person\",\"@id\":\"https:\\\/\\\/www.feuerwehr-volkmarode.de\\\/?author=3#author\",\"url\":\"https:\\\/\\\/www.feuerwehr-volkmarode.de\\\/?author=3\",\"name\":\"Claa\\u00dfen\"},{\"@type\":\"WebPage\",\"@id\":\"https:\\\/\\\/www.feuerwehr-volkmarode.de\\\/?p=50242#webpage\",\"url\":\"https:\\\/\\\/www.feuerwehr-volkmarode.de\\\/?p=50242\",\"name\":\"Ipads f\\u00fcr die Ortsfeuerwehr - Freiwillige Feuerwehr Volkmarode\",\"description\":\"Am letzten Donnerstag wurde unseren Ortsbrandmeistern das neue Einsatztablett \\u00fcberreicht. In diesem Zuge treibt die Stadt @braunschweig.de die Digitalisierung der Feuerwehren voran. Bei der \\u00dcbergabe waren Vertreter aus alle Ortsfeuerwehren anwesend und bekamen die Tabletts vom Oberb\\u00fcrgermeister @thorsten.kornblum.ob \\u00fcberreicht. Sinn und zweck dieser Einsatztabletts ist eine schnellere Information \\u00fcber Einsatzort und Lage zubekommen. Au\\u00dferdem kann durch zus\\u00e4tzliche Features das Arbeiten\",\"inLanguage\":\"de-DE\",\"isPartOf\":{\"@id\":\"https:\\\/\\\/www.feuerwehr-volkmarode.de\\\/#website\"},\"breadcrumb\":{\"@id\":\"https:\\\/\\\/www.feuerwehr-volkmarode.de\\\/?p=50242#breadcrumblist\"},\"author\":{\"@id\":\"https:\\\/\\\/www.feuerwehr-volkmarode.de\\\/?author=3#author\"},\"creator\":{\"@id\":\"https:\\\/\\\/www.feuerwehr-volkmarode.de\\\/?author=3#author\"},\"image\":{\"@type\":\"ImageObject\",\"url\":\"https:\\\/\\\/www.feuerwehr-volkmarode.de\\\/wp-content\\\/uploads\\\/2024\\\/02\\\/426660727_18256335886228438_8599939234913045660_n-e1707558520427.jpg\",\"@id\":\"https:\\\/\\\/www.feuerwehr-volkmarode.de\\\/?p=50242\\\/#mainImage\",\"width\":350,\"height\":438},\"primaryImageOfPage\":{\"@id\":\"https:\\\/\\\/www.feuerwehr-volkmarode.de\\\/?p=50242#mainImage\"},\"datePublished\":\"2024-02-08T10:50:57+01:00\",\"dateModified\":\"2024-02-10T10:52:27+01:00\"},{\"@type\":\"WebSite\",\"@id\":\"https:\\\/\\\/www.feuerwehr-volkmarode.de\\\/#website\",\"url\":\"https:\\\/\\\/www.feuerwehr-volkmarode.de\\\/\",\"name\":\"Freiwillige Feuerwehr Volkmarode\",\"description\":\"#OF33\",\"inLanguage\":\"de-DE\",\"publisher\":{\"@id\":\"https:\\\/\\\/www.feuerwehr-volkmarode.de\\\/#organization\"}}]}\n\t\t<\/script>\n\t\t<!-- All in One SEO -->\n\n","aioseo_head_json":{"title":"Ipads f\u00fcr die Ortsfeuerwehr - Freiwillige Feuerwehr Volkmarode","description":"Am letzten Donnerstag wurde unseren Ortsbrandmeistern das neue Einsatztablett \u00fcberreicht. In diesem Zuge treibt die Stadt @braunschweig.de die Digitalisierung der Feuerwehren voran. Bei der \u00dcbergabe waren Vertreter aus alle Ortsfeuerwehren anwesend und bekamen die Tabletts vom Oberb\u00fcrgermeister @thorsten.kornblum.ob \u00fcberreicht. Sinn und zweck dieser Einsatztabletts ist eine schnellere Information \u00fcber Einsatzort und Lage zubekommen. Au\u00dferdem kann durch zus\u00e4tzliche Features das Arbeiten","canonical_url":"https:\/\/www.feuerwehr-volkmarode.de\/?p=50242","robots":"max-image-preview:large","keywords":"","webmasterTools":{"miscellaneous":""},"schema":{"@context":"https:\/\/schema.org","@graph":[{"@type":"BlogPosting","@id":"https:\/\/www.feuerwehr-volkmarode.de\/?p=50242#blogposting","name":"Ipads f\u00fcr die Ortsfeuerwehr - Freiwillige Feuerwehr Volkmarode","headline":"Ipads f\u00fcr die Ortsfeuerwehr","author":{"@id":"https:\/\/www.feuerwehr-volkmarode.de\/?author=3#author"},"publisher":{"@id":"https:\/\/www.feuerwehr-volkmarode.de\/#organization"},"image":{"@type":"ImageObject","url":"https:\/\/www.feuerwehr-volkmarode.de\/wp-content\/uploads\/2024\/02\/426660727_18256335886228438_8599939234913045660_n-e1707558520427.jpg","width":350,"height":438},"datePublished":"2024-02-08T10:50:57+01:00","dateModified":"2024-02-10T10:52:27+01:00","inLanguage":"de-DE","mainEntityOfPage":{"@id":"https:\/\/www.feuerwehr-volkmarode.de\/?p=50242#webpage"},"isPartOf":{"@id":"https:\/\/www.feuerwehr-volkmarode.de\/?p=50242#webpage"},"articleSection":"Aktuelles"},{"@type":"BreadcrumbList","@id":"https:\/\/www.feuerwehr-volkmarode.de\/?p=50242#breadcrumblist","itemListElement":[{"@type":"ListItem","@id":"https:\/\/www.feuerwehr-volkmarode.de#listItem","position":1,"name":"Home","item":"https:\/\/www.feuerwehr-volkmarode.de","nextItem":{"@type":"ListItem","@id":"https:\/\/www.feuerwehr-volkmarode.de\/?cat=1#listItem","name":"Aktuelles"}},{"@type":"ListItem","@id":"https:\/\/www.feuerwehr-volkmarode.de\/?cat=1#listItem","position":2,"name":"Aktuelles","item":"https:\/\/www.feuerwehr-volkmarode.de\/?cat=1","nextItem":{"@type":"ListItem","@id":"https:\/\/www.feuerwehr-volkmarode.de\/?p=50242#listItem","name":"Ipads f\u00fcr die Ortsfeuerwehr"},"previousItem":{"@type":"ListItem","@id":"https:\/\/www.feuerwehr-volkmarode.de#listItem","name":"Home"}},{"@type":"ListItem","@id":"https:\/\/www.feuerwehr-volkmarode.de\/?p=50242#listItem","position":3,"name":"Ipads f\u00fcr die Ortsfeuerwehr","previousItem":{"@type":"ListItem","@id":"https:\/\/www.feuerwehr-volkmarode.de\/?cat=1#listItem","name":"Aktuelles"}}]},{"@type":"Organization","@id":"https:\/\/www.feuerwehr-volkmarode.de\/#organization","name":"Freiwillige Feuerwehr Volkmarode","description":"#OF33","url":"https:\/\/www.feuerwehr-volkmarode.de\/"},{"@type":"Person","@id":"https:\/\/www.feuerwehr-volkmarode.de\/?author=3#author","url":"https:\/\/www.feuerwehr-volkmarode.de\/?author=3","name":"Claa\u00dfen"},{"@type":"WebPage","@id":"https:\/\/www.feuerwehr-volkmarode.de\/?p=50242#webpage","url":"https:\/\/www.feuerwehr-volkmarode.de\/?p=50242","name":"Ipads f\u00fcr die Ortsfeuerwehr - Freiwillige Feuerwehr Volkmarode","description":"Am letzten Donnerstag wurde unseren Ortsbrandmeistern das neue Einsatztablett \u00fcberreicht. In diesem Zuge treibt die Stadt @braunschweig.de die Digitalisierung der Feuerwehren voran. Bei der \u00dcbergabe waren Vertreter aus alle Ortsfeuerwehren anwesend und bekamen die Tabletts vom Oberb\u00fcrgermeister @thorsten.kornblum.ob \u00fcberreicht. Sinn und zweck dieser Einsatztabletts ist eine schnellere Information \u00fcber Einsatzort und Lage zubekommen. Au\u00dferdem kann durch zus\u00e4tzliche Features das Arbeiten","inLanguage":"de-DE","isPartOf":{"@id":"https:\/\/www.feuerwehr-volkmarode.de\/#website"},"breadcrumb":{"@id":"https:\/\/www.feuerwehr-volkmarode.de\/?p=50242#breadcrumblist"},"author":{"@id":"https:\/\/www.feuerwehr-volkmarode.de\/?author=3#author"},"creator":{"@id":"https:\/\/www.feuerwehr-volkmarode.de\/?author=3#author"},"image":{"@type":"ImageObject","url":"https:\/\/www.feuerwehr-volkmarode.de\/wp-content\/uploads\/2024\/02\/426660727_18256335886228438_8599939234913045660_n-e1707558520427.jpg","@id":"https:\/\/www.feuerwehr-volkmarode.de\/?p=50242\/#mainImage","width":350,"height":438},"primaryImageOfPage":{"@id":"https:\/\/www.feuerwehr-volkmarode.de\/?p=50242#mainImage"},"datePublished":"2024-02-08T10:50:57+01:00","dateModified":"2024-02-10T10:52:27+01:00"},{"@type":"WebSite","@id":"https:\/\/www.feuerwehr-volkmarode.de\/#website","url":"https:\/\/www.feuerwehr-volkmarode.de\/","name":"Freiwillige Feuerwehr Volkmarode","description":"#OF33","inLanguage":"de-DE","publisher":{"@id":"https:\/\/www.feuerwehr-volkmarode.de\/#organization"}}]},"og:locale":"de_DE","og:site_name":"Freiwillige Feuerwehr Volkmarode - #OF33","og:type":"article","og:title":"Ipads f\u00fcr die Ortsfeuerwehr - Freiwillige Feuerwehr Volkmarode","og:description":"Am letzten Donnerstag wurde unseren Ortsbrandmeistern das neue Einsatztablett \u00fcberreicht. In diesem Zuge treibt die Stadt @braunschweig.de die Digitalisierung der Feuerwehren voran. Bei der \u00dcbergabe waren Vertreter aus alle Ortsfeuerwehren anwesend und bekamen die Tabletts vom Oberb\u00fcrgermeister @thorsten.kornblum.ob \u00fcberreicht. Sinn und zweck dieser Einsatztabletts ist eine schnellere Information \u00fcber Einsatzort und Lage zubekommen. Au\u00dferdem kann durch zus\u00e4tzliche Features das Arbeiten","og:url":"https:\/\/www.feuerwehr-volkmarode.de\/?p=50242","article:published_time":"2024-02-08T09:50:57+00:00","article:modified_time":"2024-02-10T09:52:27+00:00","twitter:card":"summary_large_image","twitter:title":"Ipads f\u00fcr die Ortsfeuerwehr - Freiwillige Feuerwehr Volkmarode","twitter:description":"Am letzten Donnerstag wurde unseren Ortsbrandmeistern das neue Einsatztablett \u00fcberreicht. In diesem Zuge treibt die Stadt @braunschweig.de die Digitalisierung der Feuerwehren voran. Bei der \u00dcbergabe waren Vertreter aus alle Ortsfeuerwehren anwesend und bekamen die Tabletts vom Oberb\u00fcrgermeister @thorsten.kornblum.ob \u00fcberreicht. Sinn und zweck dieser Einsatztabletts ist eine schnellere Information \u00fcber Einsatzort und Lage zubekommen. Au\u00dferdem kann durch zus\u00e4tzliche Features das Arbeiten"},"aioseo_meta_data":{"post_id":"50242","title":null,"description":null,"keywords":null,"keyphrases":null,"primary_term":null,"canonical_url":null,"og_title":null,"og_description":null,"og_object_type":"default","og_image_type":"default","og_image_url":null,"og_image_width":null,"og_image_height":null,"og_image_custom_url":null,"og_image_custom_fields":null,"og_video":null,"og_custom_url":null,"og_article_section":null,"og_article_tags":null,"twitter_use_og":false,"twitter_card":"default","twitter_image_type":"default","twitter_image_url":null,"twitter_image_custom_url":null,"twitter_image_custom_fields":null,"twitter_title":null,"twitter_description":null,"schema":{"blockGraphs":[],"customGraphs":[],"default":{"data":{"Article":[],"Course":[],"Dataset":[],"FAQPage":[],"Movie":[],"Person":[],"Product":[],"ProductReview":[],"Car":[],"Recipe":[],"Service":[],"SoftwareApplication":[],"WebPage":[]},"graphName":"","isEnabled":true},"graphs":[]},"schema_type":"default","schema_type_options":null,"pillar_content":false,"robots_default":true,"robots_noindex":false,"robots_noarchive":false,"robots_nosnippet":false,"robots_nofollow":false,"robots_noimageindex":false,"robots_noodp":false,"robots_notranslate":false,"robots_max_snippet":null,"robots_max_videopreview":null,"robots_max_imagepreview":"large","priority":null,"frequency":null,"local_seo":null,"breadcrumb_settings":null,"limit_modified_date":false,"ai":null,"created":"2025-11-19 19:22:44","updated":"2025-11-19 19:22:44","focus_keyword":null,"additional_keywords":null,"truseo_locale":null,"seo_analyzer_scan_date":null},"aioseo_breadcrumb":"<div class=\"aioseo-breadcrumbs\"><span class=\"aioseo-breadcrumb\">\n\t\t\t<a href=\"https:\/\/www.feuerwehr-volkmarode.de\" title=\"Home\">Home<\/a>\n\t\t<\/span><span class=\"aioseo-breadcrumb-separator\">&raquo;<\/span><span class=\"aioseo-breadcrumb\">\n\t\t\t<a href=\"https:\/\/www.feuerwehr-volkmarode.de\/?cat=1\" title=\"Aktuelles\">Aktuelles<\/a>\n\t\t<\/span><span class=\"aioseo-breadcrumb-separator\">&raquo;<\/span><span class=\"aioseo-breadcrumb\">\n\t\t\tIpads f\u00fcr die Ortsfeuerwehr\n\t\t<\/span><\/div>","aioseo_breadcrumb_json":[{"label":"Home","link":"https:\/\/www.feuerwehr-volkmarode.de"},{"label":"Aktuelles","link":"https:\/\/www.feuerwehr-volkmarode.de\/?cat=1"},{"label":"Ipads f\u00fcr die Ortsfeuerwehr","link":"https:\/\/www.feuerwehr-volkmarode.de\/?p=50242"}],"jetpack_featured_media_url":"https:\/\/www.feuerwehr-volkmarode.de\/wp-content\/uploads\/2024\/02\/426660727_18256335886228438_8599939234913045660_n-e1707558520427.jpg","jetpack_publicize_connections":[],"jetpack_sharing_enabled":true,"_links":{"self":[{"href":"https:\/\/www.feuerwehr-volkmarode.de\/index.php?rest_route=\/wp\/v2\/posts\/50242","targetHints":{"allow":["GET"]}}],"collection":[{"href":"https:\/\/www.feuerwehr-volkmarode.de\/index.php?rest_route=\/wp\/v2\/posts"}],"about":[{"href":"https:\/\/www.feuerwehr-volkmarode.de\/index.php?rest_route=\/wp\/v2\/types\/post"}],"author":[{"embeddable":true,"href":"https:\/\/www.feuerwehr-volkmarode.de\/index.php?rest_route=\/wp\/v2\/users\/3"}],"replies":[{"embeddable":true,"href":"https:\/\/www.feuerwehr-volkmarode.de\/index.php?rest_route=%2Fwp%2Fv2%2Fcomments&post=50242"}],"version-history":[{"count":1,"href":"https:\/\/www.feuerwehr-volkmarode.de\/index.php?rest_route=\/wp\/v2\/posts\/50242\/revisions"}],"predecessor-version":[{"id":50244,"href":"https:\/\/www.feuerwehr-volkmarode.de\/index.php?rest_route=\/wp\/v2\/posts\/50242\/revisions\/50244"}],"wp:featuredmedia":[{"embeddable":true,"href":"https:\/\/www.feuerwehr-volkmarode.de\/index.php?rest_route=\/wp\/v2\/media\/50243"}],"wp:attachment":[{"href":"https:\/\/www.feuerwehr-volkmarode.de\/index.php?rest_route=%2Fwp%2Fv2%2Fmedia&parent=50242"}],"wp:term":[{"taxonomy":"category","embeddable":true,"href":"https:\/\/www.feuerwehr-volkmarode.de\/index.php?rest_route=%2Fwp%2Fv2%2Fcategories&post=50242"},{"taxonomy":"post_tag","embeddable":true,"href":"https:\/\/www.feuerwehr-volkmarode.de\/index.php?rest_route=%2Fwp%2Fv2%2Ftags&post=50242"}],"curies":[{"name":"wp","href":"https:\/\/api.w.org\/{rel}","templated":true}]}}