{"id":50193,"date":"2023-12-03T17:27:31","date_gmt":"2023-12-03T16:27:31","guid":{"rendered":"https:\/\/www.feuerwehr-volkmarode.de\/?p=50193"},"modified":"2023-12-03T17:27:55","modified_gmt":"2023-12-03T16:27:55","slug":"weihnachtsbaum-am-feuerteich","status":"publish","type":"post","link":"https:\/\/www.feuerwehr-volkmarode.de\/?p=50193","title":{"rendered":"Weihnachtsbaum am Feuerteich"},"content":{"rendered":"<p>Bei uns in der Feuerwehr Volkmarode ist es eine langj\u00e4hrige Tradition, jedes Jahr einen wundersch\u00f6nen Weihnachtsbaum aufzustellen.\u00a0<span class=\"x3nfvp2 x1j61x8r x1fcty0u xdj266r xhhsvwb xat24cr xgzva0m xxymvpz xlup9mm x1kky2od\"><img loading=\"lazy\" decoding=\"async\" class=\"xz74otr\" src=\"https:\/\/static.xx.fbcdn.net\/images\/emoji.php\/v9\/t7\/1\/16\/1f384.png\" alt=\"&#x1f384;\" width=\"16\" height=\"16\" \/><\/span><span class=\"x3nfvp2 x1j61x8r x1fcty0u xdj266r xhhsvwb xat24cr xgzva0m xxymvpz xlup9mm x1kky2od\"><img loading=\"lazy\" decoding=\"async\" class=\"xz74otr\" src=\"https:\/\/static.xx.fbcdn.net\/images\/emoji.php\/v9\/t67\/1\/16\/1f692.png\" alt=\"&#x1f692;\" width=\"16\" height=\"16\" \/><\/span>\u00a0Es ist ein besonderer Moment, wenn wir als Team zusammenkommen und den Baum mit Lichtern am Feuerteich schm\u00fccken.\u00a0<span class=\"x3nfvp2 x1j61x8r x1fcty0u xdj266r xhhsvwb xat24cr xgzva0m xxymvpz xlup9mm x1kky2od\"><img loading=\"lazy\" decoding=\"async\" class=\"xz74otr\" src=\"https:\/\/static.xx.fbcdn.net\/images\/emoji.php\/v9\/t88\/1\/16\/1f385.png\" alt=\"&#x1f385;\" width=\"16\" height=\"16\" \/><\/span><span class=\"x3nfvp2 x1j61x8r x1fcty0u xdj266r xhhsvwb xat24cr xgzva0m xxymvpz xlup9mm x1kky2od\"><img loading=\"lazy\" decoding=\"async\" class=\"xz74otr\" src=\"https:\/\/static.xx.fbcdn.net\/images\/emoji.php\/v9\/tf4\/1\/16\/2728.png\" alt=\"&#x2728;\" width=\"16\" height=\"16\" \/><\/span>\u00a0Es ist nicht nur eine sch\u00f6ne Dekoration, sondern auch ein Symbol der Hoffnung und des Zusammenhalts f\u00fcr unsere Gemeinschaft in Volkmarode.\u00a0<span class=\"x3nfvp2 x1j61x8r x1fcty0u xdj266r xhhsvwb xat24cr xgzva0m xxymvpz xlup9mm x1kky2od\"><img loading=\"lazy\" decoding=\"async\" class=\"xz74otr\" src=\"https:\/\/static.xx.fbcdn.net\/images\/emoji.php\/v9\/t84\/1\/16\/1f381.png\" alt=\"&#x1f381;\" width=\"16\" height=\"16\" \/><\/span><span class=\"x3nfvp2 x1j61x8r x1fcty0u xdj266r xhhsvwb xat24cr xgzva0m xxymvpz xlup9mm x1kky2od\"><img loading=\"lazy\" decoding=\"async\" class=\"xz74otr\" src=\"https:\/\/static.xx.fbcdn.net\/images\/emoji.php\/v9\/t6c\/1\/16\/2764.png\" alt=\"&#x2764;&#xfe0f;\" width=\"16\" height=\"16\" \/><\/span>\u00a0Wir freuen uns jedes Jahr darauf, den Baum zu sehen und die festliche Stimmung zu genie\u00dfen.\u00a0<span class=\"x3nfvp2 x1j61x8r x1fcty0u xdj266r xhhsvwb xat24cr xgzva0m xxymvpz xlup9mm x1kky2od\"><img loading=\"lazy\" decoding=\"async\" class=\"xz74otr\" src=\"https:\/\/static.xx.fbcdn.net\/images\/emoji.php\/v9\/t8c\/1\/16\/1f389.png\" alt=\"&#x1f389;\" width=\"16\" height=\"16\" \/><\/span><span class=\"x3nfvp2 x1j61x8r x1fcty0u xdj266r xhhsvwb xat24cr xgzva0m xxymvpz xlup9mm x1kky2od\"><img loading=\"lazy\" decoding=\"async\" class=\"xz74otr\" src=\"https:\/\/static.xx.fbcdn.net\/images\/emoji.php\/v9\/t50\/1\/16\/1f525.png\" alt=\"&#x1f525;\" width=\"16\" height=\"16\" \/><\/span><br \/>\nFrohen ersten Advent, eure Feuerwehr Volkmarode!<\/p>\n<p>&nbsp;<\/p>\n<p><a href=\"https:\/\/www.feuerwehr-volkmarode.de\/wp-content\/uploads\/2023\/12\/406538695_18247564315228438_2948231106420928365_n.jpg\" target=\"_blank\" rel=\"noopener\"><img loading=\"lazy\" decoding=\"async\" class=\"alignnone wp-image-50194 size-medium\" src=\"https:\/\/www.feuerwehr-volkmarode.de\/wp-content\/uploads\/2023\/12\/406538695_18247564315228438_2948231106420928365_n-240x300.jpg\" alt=\"\" width=\"240\" height=\"300\" \/><\/a><\/p>\n","protected":false},"excerpt":{"rendered":"<p>Bei uns in der Feuerwehr Volkmarode ist es eine langj\u00e4hrige Tradition, jedes Jahr einen wundersch\u00f6nen Weihnachtsbaum aufzustellen.\u00a0\u00a0Es ist ein besonderer Moment, wenn wir als Team zusammenkommen und den Baum mit Lichtern am Feuerteich schm\u00fccken.\u00a0\u00a0Es ist nicht nur eine sch\u00f6ne Dekoration, sondern auch ein Symbol der Hoffnung und des Zusammenhalts f\u00fcr unsere Gemeinschaft in Volkmarode.\u00a0\u00a0Wir freuen [&hellip;]<\/p>\n","protected":false},"author":3,"featured_media":50194,"comment_status":"closed","ping_status":"open","sticky":false,"template":"","format":"standard","meta":{"_monsterinsights_skip_tracking":false,"spay_email":"","footnotes":"","jetpack_publicize_message":"","jetpack_is_tweetstorm":false,"jetpack_publicize_feature_enabled":true},"categories":[1],"tags":[],"class_list":["post-50193","post","type-post","status-publish","format-standard","has-post-thumbnail","hentry","category-aktuelles"],"aioseo_notices":[],"aioseo_head":"\n\t\t<!-- All in One SEO 5.0.0.1 - aioseo.com -->\n\t<meta name=\"description\" content=\"Bei uns in der Feuerwehr Volkmarode ist es eine langj\u00e4hrige Tradition, jedes Jahr einen wundersch\u00f6nen Weihnachtsbaum aufzustellen. Es ist ein besonderer Moment, wenn wir als Team zusammenkommen und den Baum mit Lichtern am Feuerteich schm\u00fccken. Es ist nicht nur eine sch\u00f6ne Dekoration, sondern auch ein Symbol der Hoffnung und des Zusammenhalts f\u00fcr unsere Gemeinschaft in Volkmarode. Wir freuen\" \/>\n\t<meta name=\"robots\" content=\"max-image-preview:large\" \/>\n\t<meta name=\"author\" content=\"Claa\u00dfen\"\/>\n\t<link rel=\"canonical\" href=\"https:\/\/www.feuerwehr-volkmarode.de\/?p=50193\" \/>\n\t<meta name=\"generator\" content=\"All in One SEO (AIOSEO) 5.0.0.1\" \/>\n\t\t<meta property=\"og:locale\" content=\"de_DE\" \/>\n\t\t<meta property=\"og:site_name\" content=\"Freiwillige Feuerwehr Volkmarode - #OF33\" \/>\n\t\t<meta property=\"og:type\" content=\"article\" \/>\n\t\t<meta property=\"og:title\" content=\"Weihnachtsbaum am Feuerteich - Freiwillige Feuerwehr Volkmarode\" \/>\n\t\t<meta property=\"og:description\" content=\"Bei uns in der Feuerwehr Volkmarode ist es eine langj\u00e4hrige Tradition, jedes Jahr einen wundersch\u00f6nen Weihnachtsbaum aufzustellen. Es ist ein besonderer Moment, wenn wir als Team zusammenkommen und den Baum mit Lichtern am Feuerteich schm\u00fccken. Es ist nicht nur eine sch\u00f6ne Dekoration, sondern auch ein Symbol der Hoffnung und des Zusammenhalts f\u00fcr unsere Gemeinschaft in Volkmarode. Wir freuen\" \/>\n\t\t<meta property=\"og:url\" content=\"https:\/\/www.feuerwehr-volkmarode.de\/?p=50193\" \/>\n\t\t<meta property=\"article:published_time\" content=\"2023-12-03T16:27:31+00:00\" \/>\n\t\t<meta property=\"article:modified_time\" content=\"2023-12-03T16:27:55+00:00\" \/>\n\t\t<meta name=\"twitter:card\" content=\"summary_large_image\" \/>\n\t\t<meta name=\"twitter:title\" content=\"Weihnachtsbaum am Feuerteich - Freiwillige Feuerwehr Volkmarode\" \/>\n\t\t<meta name=\"twitter:description\" content=\"Bei uns in der Feuerwehr Volkmarode ist es eine langj\u00e4hrige Tradition, jedes Jahr einen wundersch\u00f6nen Weihnachtsbaum aufzustellen. Es ist ein besonderer Moment, wenn wir als Team zusammenkommen und den Baum mit Lichtern am Feuerteich schm\u00fccken. Es ist nicht nur eine sch\u00f6ne Dekoration, sondern auch ein Symbol der Hoffnung und des Zusammenhalts f\u00fcr unsere Gemeinschaft in Volkmarode. Wir freuen\" \/>\n\t\t<script type=\"application\/ld+json\" class=\"aioseo-schema\">\n\t\t\t{\"@context\":\"https:\\\/\\\/schema.org\",\"@graph\":[{\"@type\":\"BlogPosting\",\"@id\":\"https:\\\/\\\/www.feuerwehr-volkmarode.de\\\/?p=50193#blogposting\",\"name\":\"Weihnachtsbaum am Feuerteich - Freiwillige Feuerwehr Volkmarode\",\"headline\":\"Weihnachtsbaum am Feuerteich\",\"author\":{\"@id\":\"https:\\\/\\\/www.feuerwehr-volkmarode.de\\\/?author=3#author\"},\"publisher\":{\"@id\":\"https:\\\/\\\/www.feuerwehr-volkmarode.de\\\/#organization\"},\"image\":{\"@type\":\"ImageObject\",\"url\":\"https:\\\/\\\/www.feuerwehr-volkmarode.de\\\/wp-content\\\/uploads\\\/2023\\\/12\\\/406538695_18247564315228438_2948231106420928365_n-e1701620839537.jpg\",\"width\":350,\"height\":438},\"datePublished\":\"2023-12-03T17:27:31+01:00\",\"dateModified\":\"2023-12-03T17:27:55+01:00\",\"inLanguage\":\"de-DE\",\"mainEntityOfPage\":{\"@id\":\"https:\\\/\\\/www.feuerwehr-volkmarode.de\\\/?p=50193#webpage\"},\"isPartOf\":{\"@id\":\"https:\\\/\\\/www.feuerwehr-volkmarode.de\\\/?p=50193#webpage\"},\"articleSection\":\"Aktuelles\"},{\"@type\":\"BreadcrumbList\",\"@id\":\"https:\\\/\\\/www.feuerwehr-volkmarode.de\\\/?p=50193#breadcrumblist\",\"itemListElement\":[{\"@type\":\"ListItem\",\"@id\":\"https:\\\/\\\/www.feuerwehr-volkmarode.de#listItem\",\"position\":1,\"name\":\"Home\",\"item\":\"https:\\\/\\\/www.feuerwehr-volkmarode.de\",\"nextItem\":{\"@type\":\"ListItem\",\"@id\":\"https:\\\/\\\/www.feuerwehr-volkmarode.de\\\/?cat=1#listItem\",\"name\":\"Aktuelles\"}},{\"@type\":\"ListItem\",\"@id\":\"https:\\\/\\\/www.feuerwehr-volkmarode.de\\\/?cat=1#listItem\",\"position\":2,\"name\":\"Aktuelles\",\"item\":\"https:\\\/\\\/www.feuerwehr-volkmarode.de\\\/?cat=1\",\"nextItem\":{\"@type\":\"ListItem\",\"@id\":\"https:\\\/\\\/www.feuerwehr-volkmarode.de\\\/?p=50193#listItem\",\"name\":\"Weihnachtsbaum am Feuerteich\"},\"previousItem\":{\"@type\":\"ListItem\",\"@id\":\"https:\\\/\\\/www.feuerwehr-volkmarode.de#listItem\",\"name\":\"Home\"}},{\"@type\":\"ListItem\",\"@id\":\"https:\\\/\\\/www.feuerwehr-volkmarode.de\\\/?p=50193#listItem\",\"position\":3,\"name\":\"Weihnachtsbaum am Feuerteich\",\"previousItem\":{\"@type\":\"ListItem\",\"@id\":\"https:\\\/\\\/www.feuerwehr-volkmarode.de\\\/?cat=1#listItem\",\"name\":\"Aktuelles\"}}]},{\"@type\":\"Organization\",\"@id\":\"https:\\\/\\\/www.feuerwehr-volkmarode.de\\\/#organization\",\"name\":\"Freiwillige Feuerwehr Volkmarode\",\"description\":\"#OF33\",\"url\":\"https:\\\/\\\/www.feuerwehr-volkmarode.de\\\/\"},{\"@type\":\"Person\",\"@id\":\"https:\\\/\\\/www.feuerwehr-volkmarode.de\\\/?author=3#author\",\"url\":\"https:\\\/\\\/www.feuerwehr-volkmarode.de\\\/?author=3\",\"name\":\"Claa\\u00dfen\"},{\"@type\":\"WebPage\",\"@id\":\"https:\\\/\\\/www.feuerwehr-volkmarode.de\\\/?p=50193#webpage\",\"url\":\"https:\\\/\\\/www.feuerwehr-volkmarode.de\\\/?p=50193\",\"name\":\"Weihnachtsbaum am Feuerteich - Freiwillige Feuerwehr Volkmarode\",\"description\":\"Bei uns in der Feuerwehr Volkmarode ist es eine langj\\u00e4hrige Tradition, jedes Jahr einen wundersch\\u00f6nen Weihnachtsbaum aufzustellen. Es ist ein besonderer Moment, wenn wir als Team zusammenkommen und den Baum mit Lichtern am Feuerteich schm\\u00fccken. Es ist nicht nur eine sch\\u00f6ne Dekoration, sondern auch ein Symbol der Hoffnung und des Zusammenhalts f\\u00fcr unsere Gemeinschaft in Volkmarode. Wir freuen\",\"inLanguage\":\"de-DE\",\"isPartOf\":{\"@id\":\"https:\\\/\\\/www.feuerwehr-volkmarode.de\\\/#website\"},\"breadcrumb\":{\"@id\":\"https:\\\/\\\/www.feuerwehr-volkmarode.de\\\/?p=50193#breadcrumblist\"},\"author\":{\"@id\":\"https:\\\/\\\/www.feuerwehr-volkmarode.de\\\/?author=3#author\"},\"creator\":{\"@id\":\"https:\\\/\\\/www.feuerwehr-volkmarode.de\\\/?author=3#author\"},\"image\":{\"@type\":\"ImageObject\",\"url\":\"https:\\\/\\\/www.feuerwehr-volkmarode.de\\\/wp-content\\\/uploads\\\/2023\\\/12\\\/406538695_18247564315228438_2948231106420928365_n-e1701620839537.jpg\",\"@id\":\"https:\\\/\\\/www.feuerwehr-volkmarode.de\\\/?p=50193\\\/#mainImage\",\"width\":350,\"height\":438},\"primaryImageOfPage\":{\"@id\":\"https:\\\/\\\/www.feuerwehr-volkmarode.de\\\/?p=50193#mainImage\"},\"datePublished\":\"2023-12-03T17:27:31+01:00\",\"dateModified\":\"2023-12-03T17:27:55+01:00\"},{\"@type\":\"WebSite\",\"@id\":\"https:\\\/\\\/www.feuerwehr-volkmarode.de\\\/#website\",\"url\":\"https:\\\/\\\/www.feuerwehr-volkmarode.de\\\/\",\"name\":\"Freiwillige Feuerwehr Volkmarode\",\"description\":\"#OF33\",\"inLanguage\":\"de-DE\",\"publisher\":{\"@id\":\"https:\\\/\\\/www.feuerwehr-volkmarode.de\\\/#organization\"}}]}\n\t\t<\/script>\n\t\t<!-- All in One SEO -->\n\n","aioseo_head_json":{"title":"Weihnachtsbaum am Feuerteich - Freiwillige Feuerwehr Volkmarode","description":"Bei uns in der Feuerwehr Volkmarode ist es eine langj\u00e4hrige Tradition, jedes Jahr einen wundersch\u00f6nen Weihnachtsbaum aufzustellen. Es ist ein besonderer Moment, wenn wir als Team zusammenkommen und den Baum mit Lichtern am Feuerteich schm\u00fccken. Es ist nicht nur eine sch\u00f6ne Dekoration, sondern auch ein Symbol der Hoffnung und des Zusammenhalts f\u00fcr unsere Gemeinschaft in Volkmarode. Wir freuen","canonical_url":"https:\/\/www.feuerwehr-volkmarode.de\/?p=50193","robots":"max-image-preview:large","keywords":"","webmasterTools":{"miscellaneous":""},"schema":{"@context":"https:\/\/schema.org","@graph":[{"@type":"BlogPosting","@id":"https:\/\/www.feuerwehr-volkmarode.de\/?p=50193#blogposting","name":"Weihnachtsbaum am Feuerteich - Freiwillige Feuerwehr Volkmarode","headline":"Weihnachtsbaum am Feuerteich","author":{"@id":"https:\/\/www.feuerwehr-volkmarode.de\/?author=3#author"},"publisher":{"@id":"https:\/\/www.feuerwehr-volkmarode.de\/#organization"},"image":{"@type":"ImageObject","url":"https:\/\/www.feuerwehr-volkmarode.de\/wp-content\/uploads\/2023\/12\/406538695_18247564315228438_2948231106420928365_n-e1701620839537.jpg","width":350,"height":438},"datePublished":"2023-12-03T17:27:31+01:00","dateModified":"2023-12-03T17:27:55+01:00","inLanguage":"de-DE","mainEntityOfPage":{"@id":"https:\/\/www.feuerwehr-volkmarode.de\/?p=50193#webpage"},"isPartOf":{"@id":"https:\/\/www.feuerwehr-volkmarode.de\/?p=50193#webpage"},"articleSection":"Aktuelles"},{"@type":"BreadcrumbList","@id":"https:\/\/www.feuerwehr-volkmarode.de\/?p=50193#breadcrumblist","itemListElement":[{"@type":"ListItem","@id":"https:\/\/www.feuerwehr-volkmarode.de#listItem","position":1,"name":"Home","item":"https:\/\/www.feuerwehr-volkmarode.de","nextItem":{"@type":"ListItem","@id":"https:\/\/www.feuerwehr-volkmarode.de\/?cat=1#listItem","name":"Aktuelles"}},{"@type":"ListItem","@id":"https:\/\/www.feuerwehr-volkmarode.de\/?cat=1#listItem","position":2,"name":"Aktuelles","item":"https:\/\/www.feuerwehr-volkmarode.de\/?cat=1","nextItem":{"@type":"ListItem","@id":"https:\/\/www.feuerwehr-volkmarode.de\/?p=50193#listItem","name":"Weihnachtsbaum am Feuerteich"},"previousItem":{"@type":"ListItem","@id":"https:\/\/www.feuerwehr-volkmarode.de#listItem","name":"Home"}},{"@type":"ListItem","@id":"https:\/\/www.feuerwehr-volkmarode.de\/?p=50193#listItem","position":3,"name":"Weihnachtsbaum am Feuerteich","previousItem":{"@type":"ListItem","@id":"https:\/\/www.feuerwehr-volkmarode.de\/?cat=1#listItem","name":"Aktuelles"}}]},{"@type":"Organization","@id":"https:\/\/www.feuerwehr-volkmarode.de\/#organization","name":"Freiwillige Feuerwehr Volkmarode","description":"#OF33","url":"https:\/\/www.feuerwehr-volkmarode.de\/"},{"@type":"Person","@id":"https:\/\/www.feuerwehr-volkmarode.de\/?author=3#author","url":"https:\/\/www.feuerwehr-volkmarode.de\/?author=3","name":"Claa\u00dfen"},{"@type":"WebPage","@id":"https:\/\/www.feuerwehr-volkmarode.de\/?p=50193#webpage","url":"https:\/\/www.feuerwehr-volkmarode.de\/?p=50193","name":"Weihnachtsbaum am Feuerteich - Freiwillige Feuerwehr Volkmarode","description":"Bei uns in der Feuerwehr Volkmarode ist es eine langj\u00e4hrige Tradition, jedes Jahr einen wundersch\u00f6nen Weihnachtsbaum aufzustellen. Es ist ein besonderer Moment, wenn wir als Team zusammenkommen und den Baum mit Lichtern am Feuerteich schm\u00fccken. Es ist nicht nur eine sch\u00f6ne Dekoration, sondern auch ein Symbol der Hoffnung und des Zusammenhalts f\u00fcr unsere Gemeinschaft in Volkmarode. Wir freuen","inLanguage":"de-DE","isPartOf":{"@id":"https:\/\/www.feuerwehr-volkmarode.de\/#website"},"breadcrumb":{"@id":"https:\/\/www.feuerwehr-volkmarode.de\/?p=50193#breadcrumblist"},"author":{"@id":"https:\/\/www.feuerwehr-volkmarode.de\/?author=3#author"},"creator":{"@id":"https:\/\/www.feuerwehr-volkmarode.de\/?author=3#author"},"image":{"@type":"ImageObject","url":"https:\/\/www.feuerwehr-volkmarode.de\/wp-content\/uploads\/2023\/12\/406538695_18247564315228438_2948231106420928365_n-e1701620839537.jpg","@id":"https:\/\/www.feuerwehr-volkmarode.de\/?p=50193\/#mainImage","width":350,"height":438},"primaryImageOfPage":{"@id":"https:\/\/www.feuerwehr-volkmarode.de\/?p=50193#mainImage"},"datePublished":"2023-12-03T17:27:31+01:00","dateModified":"2023-12-03T17:27:55+01:00"},{"@type":"WebSite","@id":"https:\/\/www.feuerwehr-volkmarode.de\/#website","url":"https:\/\/www.feuerwehr-volkmarode.de\/","name":"Freiwillige Feuerwehr Volkmarode","description":"#OF33","inLanguage":"de-DE","publisher":{"@id":"https:\/\/www.feuerwehr-volkmarode.de\/#organization"}}]},"og:locale":"de_DE","og:site_name":"Freiwillige Feuerwehr Volkmarode - #OF33","og:type":"article","og:title":"Weihnachtsbaum am Feuerteich - Freiwillige Feuerwehr Volkmarode","og:description":"Bei uns in der Feuerwehr Volkmarode ist es eine langj\u00e4hrige Tradition, jedes Jahr einen wundersch\u00f6nen Weihnachtsbaum aufzustellen. Es ist ein besonderer Moment, wenn wir als Team zusammenkommen und den Baum mit Lichtern am Feuerteich schm\u00fccken. Es ist nicht nur eine sch\u00f6ne Dekoration, sondern auch ein Symbol der Hoffnung und des Zusammenhalts f\u00fcr unsere Gemeinschaft in Volkmarode. Wir freuen","og:url":"https:\/\/www.feuerwehr-volkmarode.de\/?p=50193","article:published_time":"2023-12-03T16:27:31+00:00","article:modified_time":"2023-12-03T16:27:55+00:00","twitter:card":"summary_large_image","twitter:title":"Weihnachtsbaum am Feuerteich - Freiwillige Feuerwehr Volkmarode","twitter:description":"Bei uns in der Feuerwehr Volkmarode ist es eine langj\u00e4hrige Tradition, jedes Jahr einen wundersch\u00f6nen Weihnachtsbaum aufzustellen. Es ist ein besonderer Moment, wenn wir als Team zusammenkommen und den Baum mit Lichtern am Feuerteich schm\u00fccken. Es ist nicht nur eine sch\u00f6ne Dekoration, sondern auch ein Symbol der Hoffnung und des Zusammenhalts f\u00fcr unsere Gemeinschaft in Volkmarode. Wir freuen"},"aioseo_meta_data":{"post_id":"50193","title":null,"description":null,"keywords":null,"keyphrases":null,"primary_term":null,"canonical_url":null,"og_title":null,"og_description":null,"og_object_type":"default","og_image_type":"default","og_image_url":null,"og_image_width":null,"og_image_height":null,"og_image_custom_url":null,"og_image_custom_fields":null,"og_video":null,"og_custom_url":null,"og_article_section":null,"og_article_tags":null,"twitter_use_og":false,"twitter_card":"default","twitter_image_type":"default","twitter_image_url":null,"twitter_image_custom_url":null,"twitter_image_custom_fields":null,"twitter_title":null,"twitter_description":null,"schema":{"blockGraphs":[],"customGraphs":[],"default":{"data":{"Article":[],"Course":[],"Dataset":[],"FAQPage":[],"Movie":[],"Person":[],"Product":[],"ProductReview":[],"Car":[],"Recipe":[],"Service":[],"SoftwareApplication":[],"WebPage":[]},"graphName":"","isEnabled":true},"graphs":[]},"schema_type":"default","schema_type_options":null,"pillar_content":false,"robots_default":true,"robots_noindex":false,"robots_noarchive":false,"robots_nosnippet":false,"robots_nofollow":false,"robots_noimageindex":false,"robots_noodp":false,"robots_notranslate":false,"robots_max_snippet":null,"robots_max_videopreview":null,"robots_max_imagepreview":"large","priority":null,"frequency":null,"local_seo":null,"breadcrumb_settings":null,"limit_modified_date":false,"ai":null,"created":"2025-11-19 19:22:44","updated":"2025-11-19 19:22:44","focus_keyword":null,"additional_keywords":null,"truseo_locale":null,"seo_analyzer_scan_date":null},"aioseo_breadcrumb":"<div class=\"aioseo-breadcrumbs\"><span class=\"aioseo-breadcrumb\">\n\t\t\t<a href=\"https:\/\/www.feuerwehr-volkmarode.de\" title=\"Home\">Home<\/a>\n\t\t<\/span><span class=\"aioseo-breadcrumb-separator\">&raquo;<\/span><span class=\"aioseo-breadcrumb\">\n\t\t\t<a href=\"https:\/\/www.feuerwehr-volkmarode.de\/?cat=1\" title=\"Aktuelles\">Aktuelles<\/a>\n\t\t<\/span><span class=\"aioseo-breadcrumb-separator\">&raquo;<\/span><span class=\"aioseo-breadcrumb\">\n\t\t\tWeihnachtsbaum am Feuerteich\n\t\t<\/span><\/div>","aioseo_breadcrumb_json":[{"label":"Home","link":"https:\/\/www.feuerwehr-volkmarode.de"},{"label":"Aktuelles","link":"https:\/\/www.feuerwehr-volkmarode.de\/?cat=1"},{"label":"Weihnachtsbaum am Feuerteich","link":"https:\/\/www.feuerwehr-volkmarode.de\/?p=50193"}],"jetpack_featured_media_url":"https:\/\/www.feuerwehr-volkmarode.de\/wp-content\/uploads\/2023\/12\/406538695_18247564315228438_2948231106420928365_n-e1701620839537.jpg","jetpack_publicize_connections":[],"jetpack_sharing_enabled":true,"_links":{"self":[{"href":"https:\/\/www.feuerwehr-volkmarode.de\/index.php?rest_route=\/wp\/v2\/posts\/50193","targetHints":{"allow":["GET"]}}],"collection":[{"href":"https:\/\/www.feuerwehr-volkmarode.de\/index.php?rest_route=\/wp\/v2\/posts"}],"about":[{"href":"https:\/\/www.feuerwehr-volkmarode.de\/index.php?rest_route=\/wp\/v2\/types\/post"}],"author":[{"embeddable":true,"href":"https:\/\/www.feuerwehr-volkmarode.de\/index.php?rest_route=\/wp\/v2\/users\/3"}],"replies":[{"embeddable":true,"href":"https:\/\/www.feuerwehr-volkmarode.de\/index.php?rest_route=%2Fwp%2Fv2%2Fcomments&post=50193"}],"version-history":[{"count":2,"href":"https:\/\/www.feuerwehr-volkmarode.de\/index.php?rest_route=\/wp\/v2\/posts\/50193\/revisions"}],"predecessor-version":[{"id":50196,"href":"https:\/\/www.feuerwehr-volkmarode.de\/index.php?rest_route=\/wp\/v2\/posts\/50193\/revisions\/50196"}],"wp:featuredmedia":[{"embeddable":true,"href":"https:\/\/www.feuerwehr-volkmarode.de\/index.php?rest_route=\/wp\/v2\/media\/50194"}],"wp:attachment":[{"href":"https:\/\/www.feuerwehr-volkmarode.de\/index.php?rest_route=%2Fwp%2Fv2%2Fmedia&parent=50193"}],"wp:term":[{"taxonomy":"category","embeddable":true,"href":"https:\/\/www.feuerwehr-volkmarode.de\/index.php?rest_route=%2Fwp%2Fv2%2Fcategories&post=50193"},{"taxonomy":"post_tag","embeddable":true,"href":"https:\/\/www.feuerwehr-volkmarode.de\/index.php?rest_route=%2Fwp%2Fv2%2Ftags&post=50193"}],"curies":[{"name":"wp","href":"https:\/\/api.w.org\/{rel}","templated":true}]}}