{"id":50171,"date":"2023-10-23T10:10:18","date_gmt":"2023-10-23T08:10:18","guid":{"rendered":"https:\/\/www.feuerwehr-volkmarode.de\/?p=50171"},"modified":"2023-11-21T10:12:08","modified_gmt":"2023-11-21T09:12:08","slug":"bereich-ost-probt-den-ernstfall","status":"publish","type":"post","link":"https:\/\/www.feuerwehr-volkmarode.de\/?p=50171","title":{"rendered":"Bereich Ost probt den ernstfall"},"content":{"rendered":"<div class=\"xdj266r x11i5rnm xat24cr x1mh8g0r x1vvkbs x126k92a\">\n<div dir=\"auto\">Am vergangenen Samstag, den 21.10.2023 versammelten wir uns gemeinsam mit den benachbarten Feuerwehren des Bereichs Ost, zu dem die Ortschaften <a class=\"x1i10hfl xjbqb8w x6umtig x1b1mbwd xaqea5y xav7gou x9f619 x1ypdohk xt0psk2 xe8uvvx xdj266r x11i5rnm xat24cr x1mh8g0r xexx8yu x4uap5 x18d9i69 xkhd6sd x16tdsg8 x1hl2dhg xggy1nq x1a2a7pz xt0b8zv x1qq9wsj xo1l8bm\" tabindex=\"0\" role=\"link\" href=\"https:\/\/www.facebook.com\/bienrode?__cft__[0]=AZWMBEmzprV-laNqHx74B984NJDFAbZs-tQuKXXniZcuxykmG1T0K4wH0x2wiY9Hkhpg6Vfngpoa-mdGNuTYn4Xg-fD9VZelonnQciAAaYqhwmdnmez4W-yZk4zjqw8myd8FWFmXrTcTLcy7U9uKoo57NERgKbJ9DGzJcH36lRB2gBVc3RTOOw5egiVu2ELLOd3dVHjop47D6xwAKxL3khs3&amp;__tn__=-]K-y-R\"><span class=\"xt0psk2\">Ortsfeuerwehr <\/span><\/a><a class=\"x1i10hfl xjbqb8w x6umtig x1b1mbwd xaqea5y xav7gou x9f619 x1ypdohk xt0psk2 xe8uvvx xdj266r x11i5rnm xat24cr x1mh8g0r xexx8yu x4uap5 x18d9i69 xkhd6sd x16tdsg8 x1hl2dhg xggy1nq x1a2a7pz xt0b8zv x1qq9wsj xo1l8bm\" tabindex=\"0\" role=\"link\" href=\"https:\/\/www.facebook.com\/bienrode?__cft__[0]=AZWMBEmzprV-laNqHx74B984NJDFAbZs-tQuKXXniZcuxykmG1T0K4wH0x2wiY9Hkhpg6Vfngpoa-mdGNuTYn4Xg-fD9VZelonnQciAAaYqhwmdnmez4W-yZk4zjqw8myd8FWFmXrTcTLcy7U9uKoo57NERgKbJ9DGzJcH36lRB2gBVc3RTOOw5egiVu2ELLOd3dVHjop47D6xwAKxL3khs3&amp;__tn__=-]K-y-R\" target=\"_blank\" rel=\"noopener\"><span class=\"xt0psk2\">Bienrod<\/span><\/a>e,<a class=\"x1i10hfl xjbqb8w x6umtig x1b1mbwd xaqea5y xav7gou x9f619 x1ypdohk xt0psk2 xe8uvvx xdj266r x11i5rnm xat24cr x1mh8g0r xexx8yu x4uap5 x18d9i69 xkhd6sd x16tdsg8 x1hl2dhg xggy1nq x1a2a7pz xt0b8zv x1qq9wsj xo1l8bm\" tabindex=\"0\" role=\"link\" href=\"https:\/\/www.facebook.com\/FwBevenrode?__cft__[0]=AZWMBEmzprV-laNqHx74B984NJDFAbZs-tQuKXXniZcuxykmG1T0K4wH0x2wiY9Hkhpg6Vfngpoa-mdGNuTYn4Xg-fD9VZelonnQciAAaYqhwmdnmez4W-yZk4zjqw8myd8FWFmXrTcTLcy7U9uKoo57NERgKbJ9DGzJcH36lRB2gBVc3RTOOw5egiVu2ELLOd3dVHjop47D6xwAKxL3khs3&amp;__tn__=-]K-y-R\" target=\"_blank\" rel=\"noopener\"><span class=\"xt0psk2\"> Feuerwehr Braunschweig &#8211; Ortsfeuerwehr Bevenrod<\/span><\/a>e,<a class=\"x1i10hfl xjbqb8w x6umtig x1b1mbwd xaqea5y xav7gou x9f619 x1ypdohk xt0psk2 xe8uvvx xdj266r x11i5rnm xat24cr x1mh8g0r xexx8yu x4uap5 x18d9i69 xkhd6sd x16tdsg8 x1hl2dhg xggy1nq x1a2a7pz xt0b8zv x1qq9wsj xo1l8bm\" tabindex=\"0\" role=\"link\" href=\"https:\/\/www.facebook.com\/Feuerwehr.Querum?__cft__[0]=AZWMBEmzprV-laNqHx74B984NJDFAbZs-tQuKXXniZcuxykmG1T0K4wH0x2wiY9Hkhpg6Vfngpoa-mdGNuTYn4Xg-fD9VZelonnQciAAaYqhwmdnmez4W-yZk4zjqw8myd8FWFmXrTcTLcy7U9uKoo57NERgKbJ9DGzJcH36lRB2gBVc3RTOOw5egiVu2ELLOd3dVHjop47D6xwAKxL3khs3&amp;__tn__=-]K-y-R\" target=\"_blank\" rel=\"noopener\"><span class=\"xt0psk2\"> Feuerwehr Braunschweig &#8211; Ortsfeuerwehr Queru<\/span><\/a>m,<a class=\"x1i10hfl xjbqb8w x6umtig x1b1mbwd xaqea5y xav7gou x9f619 x1ypdohk xt0psk2 xe8uvvx xdj266r x11i5rnm xat24cr x1mh8g0r xexx8yu x4uap5 x18d9i69 xkhd6sd x16tdsg8 x1hl2dhg xggy1nq x1a2a7pz xt0b8zv x1qq9wsj xo1l8bm\" tabindex=\"0\" role=\"link\" href=\"https:\/\/www.facebook.com\/Ortsfeuerwehr.Riddagshausen?__cft__[0]=AZWMBEmzprV-laNqHx74B984NJDFAbZs-tQuKXXniZcuxykmG1T0K4wH0x2wiY9Hkhpg6Vfngpoa-mdGNuTYn4Xg-fD9VZelonnQciAAaYqhwmdnmez4W-yZk4zjqw8myd8FWFmXrTcTLcy7U9uKoo57NERgKbJ9DGzJcH36lRB2gBVc3RTOOw5egiVu2ELLOd3dVHjop47D6xwAKxL3khs3&amp;__tn__=-]K-y-R\" target=\"_blank\" rel=\"noopener\"><span class=\"xt0psk2\"> Feuerwehr Braunschweig &#8211; Ortsfeuerwehr Riddagshause<\/span><\/a>n,<a class=\"x1i10hfl xjbqb8w x6umtig x1b1mbwd xaqea5y xav7gou x9f619 x1ypdohk xt0psk2 xe8uvvx xdj266r x11i5rnm xat24cr x1mh8g0r xexx8yu x4uap5 x18d9i69 xkhd6sd x16tdsg8 x1hl2dhg xggy1nq x1a2a7pz xt0b8zv x1qq9wsj xo1l8bm\" tabindex=\"0\" role=\"link\" href=\"https:\/\/www.facebook.com\/ffhondelage?__cft__[0]=AZWMBEmzprV-laNqHx74B984NJDFAbZs-tQuKXXniZcuxykmG1T0K4wH0x2wiY9Hkhpg6Vfngpoa-mdGNuTYn4Xg-fD9VZelonnQciAAaYqhwmdnmez4W-yZk4zjqw8myd8FWFmXrTcTLcy7U9uKoo57NERgKbJ9DGzJcH36lRB2gBVc3RTOOw5egiVu2ELLOd3dVHjop47D6xwAKxL3khs3&amp;__tn__=-]K-y-R\" target=\"_blank\" rel=\"noopener\"><span class=\"xt0psk2\"> Feuerwehr Braunschweig &#8211; Ortsfeuerwehr Hondelag<\/span><\/a>e,<a class=\"x1i10hfl xjbqb8w x6umtig x1b1mbwd xaqea5y xav7gou x9f619 x1ypdohk xt0psk2 xe8uvvx xdj266r x11i5rnm xat24cr x1mh8g0r xexx8yu x4uap5 x18d9i69 xkhd6sd x16tdsg8 x1hl2dhg xggy1nq x1a2a7pz xt0b8zv x1qq9wsj xo1l8bm\" tabindex=\"0\" role=\"link\" href=\"https:\/\/www.facebook.com\/profile.php?id=100064533226555&amp;__cft__[0]=AZWMBEmzprV-laNqHx74B984NJDFAbZs-tQuKXXniZcuxykmG1T0K4wH0x2wiY9Hkhpg6Vfngpoa-mdGNuTYn4Xg-fD9VZelonnQciAAaYqhwmdnmez4W-yZk4zjqw8myd8FWFmXrTcTLcy7U9uKoo57NERgKbJ9DGzJcH36lRB2gBVc3RTOOw5egiVu2ELLOd3dVHjop47D6xwAKxL3khs3&amp;__tn__=-]K-y-R\" target=\"_blank\" rel=\"noopener\"><span class=\"xt0psk2\"> Feuerwehr Braunschweig &#8211; Kinder- und Jugendfeuerwehr Dibbesdor<\/span><\/a>f,<a class=\"x1i10hfl xjbqb8w x6umtig x1b1mbwd xaqea5y xav7gou x9f619 x1ypdohk xt0psk2 xe8uvvx xdj266r x11i5rnm xat24cr x1mh8g0r xexx8yu x4uap5 x18d9i69 xkhd6sd x16tdsg8 x1hl2dhg xggy1nq x1a2a7pz xt0b8zv x1qq9wsj xo1l8bm\" tabindex=\"0\" role=\"link\" href=\"https:\/\/www.facebook.com\/ortsfeuerwehr.schapen?__cft__[0]=AZWMBEmzprV-laNqHx74B984NJDFAbZs-tQuKXXniZcuxykmG1T0K4wH0x2wiY9Hkhpg6Vfngpoa-mdGNuTYn4Xg-fD9VZelonnQciAAaYqhwmdnmez4W-yZk4zjqw8myd8FWFmXrTcTLcy7U9uKoo57NERgKbJ9DGzJcH36lRB2gBVc3RTOOw5egiVu2ELLOd3dVHjop47D6xwAKxL3khs3&amp;__tn__=-]K-y-R\" target=\"_blank\" rel=\"noopener\"><span class=\"xt0psk2\"> Feuerwehr Braunschweig &#8211; Ortsfeuerwehr Schape<\/span><\/a>n und<a class=\"x1i10hfl xjbqb8w x6umtig x1b1mbwd xaqea5y xav7gou x9f619 x1ypdohk xt0psk2 xe8uvvx xdj266r x11i5rnm xat24cr x1mh8g0r xexx8yu x4uap5 x18d9i69 xkhd6sd x16tdsg8 x1hl2dhg xggy1nq x1a2a7pz xt0b8zv x1qq9wsj xo1l8bm\" tabindex=\"0\" role=\"link\" href=\"https:\/\/www.facebook.com\/ffwvolkmarode?__cft__[0]=AZWMBEmzprV-laNqHx74B984NJDFAbZs-tQuKXXniZcuxykmG1T0K4wH0x2wiY9Hkhpg6Vfngpoa-mdGNuTYn4Xg-fD9VZelonnQciAAaYqhwmdnmez4W-yZk4zjqw8myd8FWFmXrTcTLcy7U9uKoo57NERgKbJ9DGzJcH36lRB2gBVc3RTOOw5egiVu2ELLOd3dVHjop47D6xwAKxL3khs3&amp;__tn__=-]K-y-R\"><span class=\"xt0psk2\"> Feuerwehr Braunschweig- Ortsfeuerwehr Volkmarod<\/span><\/a>e geh\u00f6ren, zu einem intensiven \u00dcbungstag. Ziel dieses Tages war die St\u00e4rkung der Zusammenarbeit zwischen den verschiedenen Ortsfeuerwehren sowie die praktische \u00dcbung verschiedener Einsatzszenarien.<\/div>\n<\/div>\n<div class=\"x11i5rnm xat24cr x1mh8g0r x1vvkbs xtlvy1s x126k92a\">\n<div dir=\"auto\">Der Schwerpunkt unseres ersten \u00dcbungseinsatzes lag auf der erfolgreichen Bew\u00e4ltigung eines Verkehrsunfalls unter Anwendung der GAMS-Regel (Gefahr erkennen, Absichern, Menschenrettung, Spezialkr\u00e4fte alarmieren). Hier galt es, die Unfallstelle abzusichern, Verletzte zu retten und die notwendigen Rettungsma\u00dfnahmen zu koordinieren.<\/div>\n<\/div>\n<div class=\"x11i5rnm xat24cr x1mh8g0r x1vvkbs xtlvy1s x126k92a\">\n<div dir=\"auto\">Ein weiterer Einsatz konzentrierte sich auf einen Fassadenbrand und die Rettung von Personen aus dem ersten Obergeschoss mithilfe einer Steckleiter. Die Feuerwehrleute mussten effektiv handeln, um das Feuer zu l\u00f6schen und die Personen sicher zu retten.<\/div>\n<\/div>\n<div class=\"x11i5rnm xat24cr x1mh8g0r x1vvkbs xtlvy1s x126k92a\">\n<div dir=\"auto\">In einem anderen Szenario brach ein Feuer in einem Geb\u00e4ude aus, wobei zwei Personen gerettet werden mussten. Nach der erfolgreichen Rettung galt es, das Geb\u00e4ude zu entl\u00fcften und die Patienten medizinisch zu versorgen.<\/div>\n<\/div>\n<div class=\"x11i5rnm xat24cr x1mh8g0r x1vvkbs xtlvy1s x126k92a\">\n<div dir=\"auto\">Der letzte \u00dcbungseinsatz des Tages simulierte einen Verkehrsunfall, bei dem eine Fahrradfahrerin von einem PKW erfasst wurde und unter dem Fahrzeug eingeklemmt war. Hier war schnelles und koordiniertes Handeln erforderlich, um die eingeklemmte Person zu betreuen und zu retten. Gleichzeitig musste die fl\u00fcchtige Fahrerin gefunden und psychologisch betreut werden.<\/div>\n<\/div>\n<div class=\"x11i5rnm xat24cr x1mh8g0r x1vvkbs xtlvy1s x126k92a\">\n<div dir=\"auto\">Der \u00dcbungstag bot den Feuerwehrleuten die M\u00f6glichkeit, sich mit verschiedenen Facetten von Einsatzszenarien vertraut zu machen, die im t\u00e4glichen Dienst auftreten k\u00f6nnen. Die gemeinsame Arbeit st\u00e4rkte die Zusammenarbeit zwischen den Feuerwehren und f\u00f6rderte den Erfahrungsaustausch.<\/div>\n<\/div>\n<div class=\"x11i5rnm xat24cr x1mh8g0r x1vvkbs xtlvy1s x126k92a\">\n<div dir=\"auto\">Nach einem ereignisreichen \u00dcbungstag gab es eine verdiente St\u00e4rkung in Form von Hot Dogs am Feuerwehrhaus Volkmarode. Wir m\u00f6chten uns herzlich bei allen Beteiligten bedanken, die diesen Ausbildungstag m\u00f6glich gemacht haben und die Gemeinschaft unter den Feuerwehren gest\u00e4rkt haben. Solche \u00dcbungstage sind von gro\u00dfer Bedeutung, um im Ernstfall bestm\u00f6glich zusammenzuarbeiten und Leben zu retten.<\/div>\n<\/div>\n<div dir=\"auto\"><a href=\"https:\/\/www.feuerwehr-volkmarode.de\/wp-content\/uploads\/2023\/11\/394672580_347299197861416_4471292288316992562_n.jpg\"><img loading=\"lazy\" class=\"alignnone size-medium wp-image-50172\" src=\"https:\/\/www.feuerwehr-volkmarode.de\/wp-content\/uploads\/2023\/11\/394672580_347299197861416_4471292288316992562_n-300x225.jpg\" alt=\"\" width=\"300\" height=\"225\" srcset=\"https:\/\/www.feuerwehr-volkmarode.de\/wp-content\/uploads\/2023\/11\/394672580_347299197861416_4471292288316992562_n-300x225.jpg 300w, https:\/\/www.feuerwehr-volkmarode.de\/wp-content\/uploads\/2023\/11\/394672580_347299197861416_4471292288316992562_n-1024x768.jpg 1024w, https:\/\/www.feuerwehr-volkmarode.de\/wp-content\/uploads\/2023\/11\/394672580_347299197861416_4471292288316992562_n-768x576.jpg 768w, https:\/\/www.feuerwehr-volkmarode.de\/wp-content\/uploads\/2023\/11\/394672580_347299197861416_4471292288316992562_n-1536x1152.jpg 1536w, https:\/\/www.feuerwehr-volkmarode.de\/wp-content\/uploads\/2023\/11\/394672580_347299197861416_4471292288316992562_n.jpg 2048w\" sizes=\"(max-width: 300px) 100vw, 300px\" \/><\/a><\/div>\n<div class=\"x11i5rnm xat24cr x1mh8g0r x1vvkbs xtlvy1s x126k92a\">\n<div dir=\"auto\">(Text\/Bild: Ortsfeuerwehr Waggum)<\/div>\n<\/div>\n","protected":false},"excerpt":{"rendered":"<p>Am vergangenen Samstag, den 21.10.2023 versammelten wir uns gemeinsam mit den benachbarten Feuerwehren des Bereichs Ost, zu dem die Ortschaften Ortsfeuerwehr Bienrode, Feuerwehr Braunschweig &#8211; Ortsfeuerwehr Bevenrode, Feuerwehr Braunschweig &#8211; Ortsfeuerwehr Querum, Feuerwehr Braunschweig &#8211; Ortsfeuerwehr Riddagshausen, Feuerwehr Braunschweig &#8211; Ortsfeuerwehr Hondelage, Feuerwehr Braunschweig &#8211; Kinder- und Jugendfeuerwehr Dibbesdorf, Feuerwehr Braunschweig &#8211; Ortsfeuerwehr Schapen und [&hellip;]<\/p>\n","protected":false},"author":3,"featured_media":0,"comment_status":"closed","ping_status":"open","sticky":false,"template":"","format":"standard","meta":{"_monsterinsights_skip_tracking":false,"_monsterinsights_sitenote_active":false,"_monsterinsights_sitenote_note":"","_monsterinsights_sitenote_category":0,"spay_email":"","jetpack_publicize_message":"","jetpack_is_tweetstorm":false,"jetpack_publicize_feature_enabled":true},"categories":[1],"tags":[],"aioseo_notices":[],"jetpack_featured_media_url":"","jetpack_publicize_connections":[],"jetpack_sharing_enabled":true,"_links":{"self":[{"href":"https:\/\/www.feuerwehr-volkmarode.de\/index.php?rest_route=\/wp\/v2\/posts\/50171"}],"collection":[{"href":"https:\/\/www.feuerwehr-volkmarode.de\/index.php?rest_route=\/wp\/v2\/posts"}],"about":[{"href":"https:\/\/www.feuerwehr-volkmarode.de\/index.php?rest_route=\/wp\/v2\/types\/post"}],"author":[{"embeddable":true,"href":"https:\/\/www.feuerwehr-volkmarode.de\/index.php?rest_route=\/wp\/v2\/users\/3"}],"replies":[{"embeddable":true,"href":"https:\/\/www.feuerwehr-volkmarode.de\/index.php?rest_route=%2Fwp%2Fv2%2Fcomments&post=50171"}],"version-history":[{"count":3,"href":"https:\/\/www.feuerwehr-volkmarode.de\/index.php?rest_route=\/wp\/v2\/posts\/50171\/revisions"}],"predecessor-version":[{"id":50175,"href":"https:\/\/www.feuerwehr-volkmarode.de\/index.php?rest_route=\/wp\/v2\/posts\/50171\/revisions\/50175"}],"wp:attachment":[{"href":"https:\/\/www.feuerwehr-volkmarode.de\/index.php?rest_route=%2Fwp%2Fv2%2Fmedia&parent=50171"}],"wp:term":[{"taxonomy":"category","embeddable":true,"href":"https:\/\/www.feuerwehr-volkmarode.de\/index.php?rest_route=%2Fwp%2Fv2%2Fcategories&post=50171"},{"taxonomy":"post_tag","embeddable":true,"href":"https:\/\/www.feuerwehr-volkmarode.de\/index.php?rest_route=%2Fwp%2Fv2%2Ftags&post=50171"}],"curies":[{"name":"wp","href":"https:\/\/api.w.org\/{rel}","templated":true}]}}