{"id":49827,"date":"2021-06-04T11:14:49","date_gmt":"2021-06-04T09:14:49","guid":{"rendered":"https:\/\/www.feuerwehr-volkmarode.de\/?p=49827"},"modified":"2021-07-10T11:15:30","modified_gmt":"2021-07-10T09:15:30","slug":"es-geht-wieder-los","status":"publish","type":"post","link":"https:\/\/www.feuerwehr-volkmarode.de\/?p=49827","title":{"rendered":"Es geht wieder los"},"content":{"rendered":"<p>Endlich wieder Pr\u00e4senzdienste der Jugendfeuerwehr.<br \/>\nNach 6 Monaten mit Online-Diensten kam Mitte Mai die lang herbeigesehnte Erleichterung: Wir d\u00fcrfen uns endlich wieder zu Pr\u00e4senzdiensten treffen! Zum Gl\u00fcck ist die Inzidenz in Braunschweig immer weiter gesunken und zuletzt konstant niedrig geblieben, sodass wir den Dienstbetrieb wieder aufnehmen durften. <!--more-->Nat\u00fcrlich halten wir uns weiterhin an AHA+L und die von der Feuerwehr Braunschweig erlassenen Regeln, um w\u00e4hrend des Dienstes das Ansteckungsrisiko so gering wie m\u00f6glich zu halten. Unsere Freude, endlich wieder Feuerwehr machen zu d\u00fcrfen und gemeinsam Zeit zu verbringen, ist bei den Jugendlichen und uns Betreuern nat\u00fcrlich riesengro\u00df. Damit haben wir alle wieder einen festen Termin, auf den wir uns jede Woche freuen k\u00f6nnen.<\/p>\n<p>\u00dcbrigens: vom 23.07.2021 bis einschlie\u00dflich 27.08.2021 finden aufgrund unserer Sommerpause keine Dienste statt. Am 03.09.2021 starten wir dann wieder regul\u00e4r mit unseren Diensten, jeden Freitag um 17 Uhr am Ger\u00e4tehaus in Volkmarode.<\/p>\n<p>Hast auch du Interesse an einem Einstieg in der Jugendfeuerwehr? Dann schick uns doch gerne eine Mail an <a href=\"mailto:volkmarode.jugendfeuerwehr@feuerwehr-bs.net\" target=\"_blank\" rel=\"noopener\">volkmarode.jugendfeuerwehr@feuerwehr-bs.net<\/a> Wir freuen uns auf deine Nachricht!<\/p>\n<p><a href=\"https:\/\/www.feuerwehr-volkmarode.de\/wp-content\/uploads\/2021\/07\/IMG_8082-scaled.jpeg\"><img loading=\"lazy\" decoding=\"async\" class=\"aligncenter wp-image-49828 size-large\" src=\"https:\/\/www.feuerwehr-volkmarode.de\/wp-content\/uploads\/2021\/07\/IMG_8082-1024x768.jpeg\" alt=\"\" width=\"1024\" height=\"768\" \/><\/a><\/p>\n<p>&nbsp;<\/p>\n","protected":false},"excerpt":{"rendered":"<p>Endlich wieder Pr\u00e4senzdienste der Jugendfeuerwehr. Nach 6 Monaten mit Online-Diensten kam Mitte Mai die lang herbeigesehnte Erleichterung: Wir d\u00fcrfen uns endlich wieder zu Pr\u00e4senzdiensten treffen! Zum Gl\u00fcck ist die Inzidenz in Braunschweig immer weiter gesunken und zuletzt konstant niedrig geblieben, sodass wir den Dienstbetrieb wieder aufnehmen durften.<\/p>\n","protected":false},"author":3,"featured_media":49828,"comment_status":"closed","ping_status":"open","sticky":false,"template":"","format":"standard","meta":{"_monsterinsights_skip_tracking":false,"spay_email":"","footnotes":"","jetpack_publicize_message":"","jetpack_is_tweetstorm":false,"jetpack_publicize_feature_enabled":true},"categories":[143],"tags":[],"class_list":["post-49827","post","type-post","status-publish","format-standard","has-post-thumbnail","hentry","category-aktuelles-jf"],"aioseo_notices":[],"aioseo_head":"\n\t\t<!-- All in One SEO 5.0.0.1 - aioseo.com -->\n\t<meta name=\"description\" content=\"Endlich wieder Pr\u00e4senzdienste der Jugendfeuerwehr. Nach 6 Monaten mit Online-Diensten kam Mitte Mai die lang herbeigesehnte Erleichterung: Wir d\u00fcrfen uns endlich wieder zu Pr\u00e4senzdiensten treffen! Zum Gl\u00fcck ist die Inzidenz in Braunschweig immer weiter gesunken und zuletzt konstant niedrig geblieben, sodass wir den Dienstbetrieb wieder aufnehmen durften. Nat\u00fcrlich halten wir uns weiterhin an AHA+L und\" \/>\n\t<meta name=\"robots\" content=\"max-image-preview:large\" \/>\n\t<meta name=\"author\" content=\"Claa\u00dfen\"\/>\n\t<link rel=\"canonical\" href=\"https:\/\/www.feuerwehr-volkmarode.de\/?p=49827\" \/>\n\t<meta name=\"generator\" content=\"All in One SEO (AIOSEO) 5.0.0.1\" \/>\n\t\t<meta property=\"og:locale\" content=\"de_DE\" \/>\n\t\t<meta property=\"og:site_name\" content=\"Freiwillige Feuerwehr Volkmarode - #OF33\" \/>\n\t\t<meta property=\"og:type\" content=\"article\" \/>\n\t\t<meta property=\"og:title\" content=\"Es geht wieder los - Freiwillige Feuerwehr Volkmarode\" \/>\n\t\t<meta property=\"og:description\" content=\"Endlich wieder Pr\u00e4senzdienste der Jugendfeuerwehr. Nach 6 Monaten mit Online-Diensten kam Mitte Mai die lang herbeigesehnte Erleichterung: Wir d\u00fcrfen uns endlich wieder zu Pr\u00e4senzdiensten treffen! Zum Gl\u00fcck ist die Inzidenz in Braunschweig immer weiter gesunken und zuletzt konstant niedrig geblieben, sodass wir den Dienstbetrieb wieder aufnehmen durften. Nat\u00fcrlich halten wir uns weiterhin an AHA+L und\" \/>\n\t\t<meta property=\"og:url\" content=\"https:\/\/www.feuerwehr-volkmarode.de\/?p=49827\" \/>\n\t\t<meta property=\"article:published_time\" content=\"2021-06-04T09:14:49+00:00\" \/>\n\t\t<meta property=\"article:modified_time\" content=\"2021-07-10T09:15:30+00:00\" \/>\n\t\t<meta name=\"twitter:card\" content=\"summary_large_image\" \/>\n\t\t<meta name=\"twitter:title\" content=\"Es geht wieder los - Freiwillige Feuerwehr Volkmarode\" \/>\n\t\t<meta name=\"twitter:description\" content=\"Endlich wieder Pr\u00e4senzdienste der Jugendfeuerwehr. Nach 6 Monaten mit Online-Diensten kam Mitte Mai die lang herbeigesehnte Erleichterung: Wir d\u00fcrfen uns endlich wieder zu Pr\u00e4senzdiensten treffen! Zum Gl\u00fcck ist die Inzidenz in Braunschweig immer weiter gesunken und zuletzt konstant niedrig geblieben, sodass wir den Dienstbetrieb wieder aufnehmen durften. Nat\u00fcrlich halten wir uns weiterhin an AHA+L und\" \/>\n\t\t<script type=\"application\/ld+json\" class=\"aioseo-schema\">\n\t\t\t{\"@context\":\"https:\\\/\\\/schema.org\",\"@graph\":[{\"@type\":\"BlogPosting\",\"@id\":\"https:\\\/\\\/www.feuerwehr-volkmarode.de\\\/?p=49827#blogposting\",\"name\":\"Es geht wieder los - Freiwillige Feuerwehr Volkmarode\",\"headline\":\"Es geht wieder los\",\"author\":{\"@id\":\"https:\\\/\\\/www.feuerwehr-volkmarode.de\\\/?author=3#author\"},\"publisher\":{\"@id\":\"https:\\\/\\\/www.feuerwehr-volkmarode.de\\\/#organization\"},\"image\":{\"@type\":\"ImageObject\",\"url\":\"https:\\\/\\\/www.feuerwehr-volkmarode.de\\\/wp-content\\\/uploads\\\/2021\\\/07\\\/IMG_8082-scaled-e1625905740875.jpeg\",\"width\":300,\"height\":225},\"datePublished\":\"2021-06-04T11:14:49+02:00\",\"dateModified\":\"2021-07-10T11:15:30+02:00\",\"inLanguage\":\"de-DE\",\"mainEntityOfPage\":{\"@id\":\"https:\\\/\\\/www.feuerwehr-volkmarode.de\\\/?p=49827#webpage\"},\"isPartOf\":{\"@id\":\"https:\\\/\\\/www.feuerwehr-volkmarode.de\\\/?p=49827#webpage\"},\"articleSection\":\"Aktuelles JF\"},{\"@type\":\"BreadcrumbList\",\"@id\":\"https:\\\/\\\/www.feuerwehr-volkmarode.de\\\/?p=49827#breadcrumblist\",\"itemListElement\":[{\"@type\":\"ListItem\",\"@id\":\"https:\\\/\\\/www.feuerwehr-volkmarode.de#listItem\",\"position\":1,\"name\":\"Home\",\"item\":\"https:\\\/\\\/www.feuerwehr-volkmarode.de\",\"nextItem\":{\"@type\":\"ListItem\",\"@id\":\"https:\\\/\\\/www.feuerwehr-volkmarode.de\\\/?cat=143#listItem\",\"name\":\"Aktuelles JF\"}},{\"@type\":\"ListItem\",\"@id\":\"https:\\\/\\\/www.feuerwehr-volkmarode.de\\\/?cat=143#listItem\",\"position\":2,\"name\":\"Aktuelles JF\",\"item\":\"https:\\\/\\\/www.feuerwehr-volkmarode.de\\\/?cat=143\",\"nextItem\":{\"@type\":\"ListItem\",\"@id\":\"https:\\\/\\\/www.feuerwehr-volkmarode.de\\\/?p=49827#listItem\",\"name\":\"Es geht wieder los\"},\"previousItem\":{\"@type\":\"ListItem\",\"@id\":\"https:\\\/\\\/www.feuerwehr-volkmarode.de#listItem\",\"name\":\"Home\"}},{\"@type\":\"ListItem\",\"@id\":\"https:\\\/\\\/www.feuerwehr-volkmarode.de\\\/?p=49827#listItem\",\"position\":3,\"name\":\"Es geht wieder los\",\"previousItem\":{\"@type\":\"ListItem\",\"@id\":\"https:\\\/\\\/www.feuerwehr-volkmarode.de\\\/?cat=143#listItem\",\"name\":\"Aktuelles JF\"}}]},{\"@type\":\"Organization\",\"@id\":\"https:\\\/\\\/www.feuerwehr-volkmarode.de\\\/#organization\",\"name\":\"Freiwillige Feuerwehr Volkmarode\",\"description\":\"#OF33\",\"url\":\"https:\\\/\\\/www.feuerwehr-volkmarode.de\\\/\"},{\"@type\":\"Person\",\"@id\":\"https:\\\/\\\/www.feuerwehr-volkmarode.de\\\/?author=3#author\",\"url\":\"https:\\\/\\\/www.feuerwehr-volkmarode.de\\\/?author=3\",\"name\":\"Claa\\u00dfen\"},{\"@type\":\"WebPage\",\"@id\":\"https:\\\/\\\/www.feuerwehr-volkmarode.de\\\/?p=49827#webpage\",\"url\":\"https:\\\/\\\/www.feuerwehr-volkmarode.de\\\/?p=49827\",\"name\":\"Es geht wieder los - Freiwillige Feuerwehr Volkmarode\",\"description\":\"Endlich wieder Pr\\u00e4senzdienste der Jugendfeuerwehr. Nach 6 Monaten mit Online-Diensten kam Mitte Mai die lang herbeigesehnte Erleichterung: Wir d\\u00fcrfen uns endlich wieder zu Pr\\u00e4senzdiensten treffen! Zum Gl\\u00fcck ist die Inzidenz in Braunschweig immer weiter gesunken und zuletzt konstant niedrig geblieben, sodass wir den Dienstbetrieb wieder aufnehmen durften. Nat\\u00fcrlich halten wir uns weiterhin an AHA+L und\",\"inLanguage\":\"de-DE\",\"isPartOf\":{\"@id\":\"https:\\\/\\\/www.feuerwehr-volkmarode.de\\\/#website\"},\"breadcrumb\":{\"@id\":\"https:\\\/\\\/www.feuerwehr-volkmarode.de\\\/?p=49827#breadcrumblist\"},\"author\":{\"@id\":\"https:\\\/\\\/www.feuerwehr-volkmarode.de\\\/?author=3#author\"},\"creator\":{\"@id\":\"https:\\\/\\\/www.feuerwehr-volkmarode.de\\\/?author=3#author\"},\"image\":{\"@type\":\"ImageObject\",\"url\":\"https:\\\/\\\/www.feuerwehr-volkmarode.de\\\/wp-content\\\/uploads\\\/2021\\\/07\\\/IMG_8082-scaled-e1625905740875.jpeg\",\"@id\":\"https:\\\/\\\/www.feuerwehr-volkmarode.de\\\/?p=49827\\\/#mainImage\",\"width\":300,\"height\":225},\"primaryImageOfPage\":{\"@id\":\"https:\\\/\\\/www.feuerwehr-volkmarode.de\\\/?p=49827#mainImage\"},\"datePublished\":\"2021-06-04T11:14:49+02:00\",\"dateModified\":\"2021-07-10T11:15:30+02:00\"},{\"@type\":\"WebSite\",\"@id\":\"https:\\\/\\\/www.feuerwehr-volkmarode.de\\\/#website\",\"url\":\"https:\\\/\\\/www.feuerwehr-volkmarode.de\\\/\",\"name\":\"Freiwillige Feuerwehr Volkmarode\",\"description\":\"#OF33\",\"inLanguage\":\"de-DE\",\"publisher\":{\"@id\":\"https:\\\/\\\/www.feuerwehr-volkmarode.de\\\/#organization\"}}]}\n\t\t<\/script>\n\t\t<!-- All in One SEO -->\n\n","aioseo_head_json":{"title":"Es geht wieder los - Freiwillige Feuerwehr Volkmarode","description":"Endlich wieder Pr\u00e4senzdienste der Jugendfeuerwehr. Nach 6 Monaten mit Online-Diensten kam Mitte Mai die lang herbeigesehnte Erleichterung: Wir d\u00fcrfen uns endlich wieder zu Pr\u00e4senzdiensten treffen! Zum Gl\u00fcck ist die Inzidenz in Braunschweig immer weiter gesunken und zuletzt konstant niedrig geblieben, sodass wir den Dienstbetrieb wieder aufnehmen durften. Nat\u00fcrlich halten wir uns weiterhin an AHA+L und","canonical_url":"https:\/\/www.feuerwehr-volkmarode.de\/?p=49827","robots":"max-image-preview:large","keywords":"","webmasterTools":{"miscellaneous":""},"schema":{"@context":"https:\/\/schema.org","@graph":[{"@type":"BlogPosting","@id":"https:\/\/www.feuerwehr-volkmarode.de\/?p=49827#blogposting","name":"Es geht wieder los - Freiwillige Feuerwehr Volkmarode","headline":"Es geht wieder los","author":{"@id":"https:\/\/www.feuerwehr-volkmarode.de\/?author=3#author"},"publisher":{"@id":"https:\/\/www.feuerwehr-volkmarode.de\/#organization"},"image":{"@type":"ImageObject","url":"https:\/\/www.feuerwehr-volkmarode.de\/wp-content\/uploads\/2021\/07\/IMG_8082-scaled-e1625905740875.jpeg","width":300,"height":225},"datePublished":"2021-06-04T11:14:49+02:00","dateModified":"2021-07-10T11:15:30+02:00","inLanguage":"de-DE","mainEntityOfPage":{"@id":"https:\/\/www.feuerwehr-volkmarode.de\/?p=49827#webpage"},"isPartOf":{"@id":"https:\/\/www.feuerwehr-volkmarode.de\/?p=49827#webpage"},"articleSection":"Aktuelles JF"},{"@type":"BreadcrumbList","@id":"https:\/\/www.feuerwehr-volkmarode.de\/?p=49827#breadcrumblist","itemListElement":[{"@type":"ListItem","@id":"https:\/\/www.feuerwehr-volkmarode.de#listItem","position":1,"name":"Home","item":"https:\/\/www.feuerwehr-volkmarode.de","nextItem":{"@type":"ListItem","@id":"https:\/\/www.feuerwehr-volkmarode.de\/?cat=143#listItem","name":"Aktuelles JF"}},{"@type":"ListItem","@id":"https:\/\/www.feuerwehr-volkmarode.de\/?cat=143#listItem","position":2,"name":"Aktuelles JF","item":"https:\/\/www.feuerwehr-volkmarode.de\/?cat=143","nextItem":{"@type":"ListItem","@id":"https:\/\/www.feuerwehr-volkmarode.de\/?p=49827#listItem","name":"Es geht wieder los"},"previousItem":{"@type":"ListItem","@id":"https:\/\/www.feuerwehr-volkmarode.de#listItem","name":"Home"}},{"@type":"ListItem","@id":"https:\/\/www.feuerwehr-volkmarode.de\/?p=49827#listItem","position":3,"name":"Es geht wieder los","previousItem":{"@type":"ListItem","@id":"https:\/\/www.feuerwehr-volkmarode.de\/?cat=143#listItem","name":"Aktuelles JF"}}]},{"@type":"Organization","@id":"https:\/\/www.feuerwehr-volkmarode.de\/#organization","name":"Freiwillige Feuerwehr Volkmarode","description":"#OF33","url":"https:\/\/www.feuerwehr-volkmarode.de\/"},{"@type":"Person","@id":"https:\/\/www.feuerwehr-volkmarode.de\/?author=3#author","url":"https:\/\/www.feuerwehr-volkmarode.de\/?author=3","name":"Claa\u00dfen"},{"@type":"WebPage","@id":"https:\/\/www.feuerwehr-volkmarode.de\/?p=49827#webpage","url":"https:\/\/www.feuerwehr-volkmarode.de\/?p=49827","name":"Es geht wieder los - Freiwillige Feuerwehr Volkmarode","description":"Endlich wieder Pr\u00e4senzdienste der Jugendfeuerwehr. Nach 6 Monaten mit Online-Diensten kam Mitte Mai die lang herbeigesehnte Erleichterung: Wir d\u00fcrfen uns endlich wieder zu Pr\u00e4senzdiensten treffen! Zum Gl\u00fcck ist die Inzidenz in Braunschweig immer weiter gesunken und zuletzt konstant niedrig geblieben, sodass wir den Dienstbetrieb wieder aufnehmen durften. Nat\u00fcrlich halten wir uns weiterhin an AHA+L und","inLanguage":"de-DE","isPartOf":{"@id":"https:\/\/www.feuerwehr-volkmarode.de\/#website"},"breadcrumb":{"@id":"https:\/\/www.feuerwehr-volkmarode.de\/?p=49827#breadcrumblist"},"author":{"@id":"https:\/\/www.feuerwehr-volkmarode.de\/?author=3#author"},"creator":{"@id":"https:\/\/www.feuerwehr-volkmarode.de\/?author=3#author"},"image":{"@type":"ImageObject","url":"https:\/\/www.feuerwehr-volkmarode.de\/wp-content\/uploads\/2021\/07\/IMG_8082-scaled-e1625905740875.jpeg","@id":"https:\/\/www.feuerwehr-volkmarode.de\/?p=49827\/#mainImage","width":300,"height":225},"primaryImageOfPage":{"@id":"https:\/\/www.feuerwehr-volkmarode.de\/?p=49827#mainImage"},"datePublished":"2021-06-04T11:14:49+02:00","dateModified":"2021-07-10T11:15:30+02:00"},{"@type":"WebSite","@id":"https:\/\/www.feuerwehr-volkmarode.de\/#website","url":"https:\/\/www.feuerwehr-volkmarode.de\/","name":"Freiwillige Feuerwehr Volkmarode","description":"#OF33","inLanguage":"de-DE","publisher":{"@id":"https:\/\/www.feuerwehr-volkmarode.de\/#organization"}}]},"og:locale":"de_DE","og:site_name":"Freiwillige Feuerwehr Volkmarode - #OF33","og:type":"article","og:title":"Es geht wieder los - Freiwillige Feuerwehr Volkmarode","og:description":"Endlich wieder Pr\u00e4senzdienste der Jugendfeuerwehr. Nach 6 Monaten mit Online-Diensten kam Mitte Mai die lang herbeigesehnte Erleichterung: Wir d\u00fcrfen uns endlich wieder zu Pr\u00e4senzdiensten treffen! Zum Gl\u00fcck ist die Inzidenz in Braunschweig immer weiter gesunken und zuletzt konstant niedrig geblieben, sodass wir den Dienstbetrieb wieder aufnehmen durften. Nat\u00fcrlich halten wir uns weiterhin an AHA+L und","og:url":"https:\/\/www.feuerwehr-volkmarode.de\/?p=49827","article:published_time":"2021-06-04T09:14:49+00:00","article:modified_time":"2021-07-10T09:15:30+00:00","twitter:card":"summary_large_image","twitter:title":"Es geht wieder los - Freiwillige Feuerwehr Volkmarode","twitter:description":"Endlich wieder Pr\u00e4senzdienste der Jugendfeuerwehr. Nach 6 Monaten mit Online-Diensten kam Mitte Mai die lang herbeigesehnte Erleichterung: Wir d\u00fcrfen uns endlich wieder zu Pr\u00e4senzdiensten treffen! Zum Gl\u00fcck ist die Inzidenz in Braunschweig immer weiter gesunken und zuletzt konstant niedrig geblieben, sodass wir den Dienstbetrieb wieder aufnehmen durften. Nat\u00fcrlich halten wir uns weiterhin an AHA+L und"},"aioseo_meta_data":{"post_id":"49827","title":null,"description":null,"keywords":null,"keyphrases":null,"primary_term":null,"canonical_url":null,"og_title":null,"og_description":null,"og_object_type":"default","og_image_type":"default","og_image_url":null,"og_image_width":null,"og_image_height":null,"og_image_custom_url":null,"og_image_custom_fields":null,"og_video":null,"og_custom_url":null,"og_article_section":null,"og_article_tags":null,"twitter_use_og":false,"twitter_card":"default","twitter_image_type":"default","twitter_image_url":null,"twitter_image_custom_url":null,"twitter_image_custom_fields":null,"twitter_title":null,"twitter_description":null,"schema":{"blockGraphs":[],"customGraphs":[],"default":{"data":{"Article":[],"Course":[],"Dataset":[],"FAQPage":[],"Movie":[],"Person":[],"Product":[],"ProductReview":[],"Car":[],"Recipe":[],"Service":[],"SoftwareApplication":[],"WebPage":[]},"graphName":"","isEnabled":true},"graphs":[]},"schema_type":"default","schema_type_options":null,"pillar_content":false,"robots_default":true,"robots_noindex":false,"robots_noarchive":false,"robots_nosnippet":false,"robots_nofollow":false,"robots_noimageindex":false,"robots_noodp":false,"robots_notranslate":false,"robots_max_snippet":null,"robots_max_videopreview":null,"robots_max_imagepreview":"large","priority":null,"frequency":null,"local_seo":null,"breadcrumb_settings":null,"limit_modified_date":false,"ai":null,"created":"2025-11-19 19:14:13","updated":"2025-11-19 19:14:13","focus_keyword":null,"additional_keywords":null,"truseo_locale":null,"seo_analyzer_scan_date":null},"aioseo_breadcrumb":"<div class=\"aioseo-breadcrumbs\"><span class=\"aioseo-breadcrumb\">\n\t\t\t<a href=\"https:\/\/www.feuerwehr-volkmarode.de\" title=\"Home\">Home<\/a>\n\t\t<\/span><span class=\"aioseo-breadcrumb-separator\">&raquo;<\/span><span class=\"aioseo-breadcrumb\">\n\t\t\t<a href=\"https:\/\/www.feuerwehr-volkmarode.de\/?cat=143\" title=\"Aktuelles JF\">Aktuelles JF<\/a>\n\t\t<\/span><span class=\"aioseo-breadcrumb-separator\">&raquo;<\/span><span class=\"aioseo-breadcrumb\">\n\t\t\tEs geht wieder los\n\t\t<\/span><\/div>","aioseo_breadcrumb_json":[{"label":"Home","link":"https:\/\/www.feuerwehr-volkmarode.de"},{"label":"Aktuelles JF","link":"https:\/\/www.feuerwehr-volkmarode.de\/?cat=143"},{"label":"Es geht wieder los","link":"https:\/\/www.feuerwehr-volkmarode.de\/?p=49827"}],"jetpack_featured_media_url":"https:\/\/www.feuerwehr-volkmarode.de\/wp-content\/uploads\/2021\/07\/IMG_8082-scaled-e1625905740875.jpeg","jetpack_publicize_connections":[],"jetpack_sharing_enabled":true,"_links":{"self":[{"href":"https:\/\/www.feuerwehr-volkmarode.de\/index.php?rest_route=\/wp\/v2\/posts\/49827","targetHints":{"allow":["GET"]}}],"collection":[{"href":"https:\/\/www.feuerwehr-volkmarode.de\/index.php?rest_route=\/wp\/v2\/posts"}],"about":[{"href":"https:\/\/www.feuerwehr-volkmarode.de\/index.php?rest_route=\/wp\/v2\/types\/post"}],"author":[{"embeddable":true,"href":"https:\/\/www.feuerwehr-volkmarode.de\/index.php?rest_route=\/wp\/v2\/users\/3"}],"replies":[{"embeddable":true,"href":"https:\/\/www.feuerwehr-volkmarode.de\/index.php?rest_route=%2Fwp%2Fv2%2Fcomments&post=49827"}],"version-history":[{"count":1,"href":"https:\/\/www.feuerwehr-volkmarode.de\/index.php?rest_route=\/wp\/v2\/posts\/49827\/revisions"}],"predecessor-version":[{"id":49829,"href":"https:\/\/www.feuerwehr-volkmarode.de\/index.php?rest_route=\/wp\/v2\/posts\/49827\/revisions\/49829"}],"wp:featuredmedia":[{"embeddable":true,"href":"https:\/\/www.feuerwehr-volkmarode.de\/index.php?rest_route=\/wp\/v2\/media\/49828"}],"wp:attachment":[{"href":"https:\/\/www.feuerwehr-volkmarode.de\/index.php?rest_route=%2Fwp%2Fv2%2Fmedia&parent=49827"}],"wp:term":[{"taxonomy":"category","embeddable":true,"href":"https:\/\/www.feuerwehr-volkmarode.de\/index.php?rest_route=%2Fwp%2Fv2%2Fcategories&post=49827"},{"taxonomy":"post_tag","embeddable":true,"href":"https:\/\/www.feuerwehr-volkmarode.de\/index.php?rest_route=%2Fwp%2Fv2%2Ftags&post=49827"}],"curies":[{"name":"wp","href":"https:\/\/api.w.org\/{rel}","templated":true}]}}