{"id":49784,"date":"2021-05-08T11:57:53","date_gmt":"2021-05-08T09:57:53","guid":{"rendered":"https:\/\/www.feuerwehr-volkmarode.de\/?p=49784"},"modified":"2021-06-18T11:58:34","modified_gmt":"2021-06-18T09:58:34","slug":"maibaum-aufstellung","status":"publish","type":"post","link":"https:\/\/www.feuerwehr-volkmarode.de\/?p=49784","title":{"rendered":"Maibaum aufstellung"},"content":{"rendered":"<p>Seit nun schon einer Woche steht unser Maibaum an gewohnter Ort und Stelle und versch\u00f6nert Volkmarode wie traditionell zu dieser Zeit. Leider mussten wir in diesem Jahr auf die, noch so sch\u00f6nen, Feierlichkeiten verzichten.<\/p>\n<p><!--more-->Im Anschluss wurden die Kameraden durch Ortsbrandmeister Claa\u00dfen ernannt \/ bef\u00f6rdert.<\/p>\n<p>Lina Lentge, ernennung zur Feuerwehrfrau<br \/>\nNiklas B\u00f6ger, Oberfeuerwehrmann<br \/>\nDaniele Canete, Hauptfeuerwehrmann<\/p>\n<p><a href=\"https:\/\/www.feuerwehr-volkmarode.de\/wp-content\/uploads\/2021\/06\/IMG_3876-scaled-e1624010068819.jpg\"><img loading=\"lazy\" decoding=\"async\" class=\"alignnone wp-image-49783 size-large\" src=\"https:\/\/www.feuerwehr-volkmarode.de\/wp-content\/uploads\/2021\/06\/IMG_3876-1024x819.jpg\" alt=\"\" width=\"1024\" height=\"819\" \/><\/a><a href=\"https:\/\/www.feuerwehr-volkmarode.de\/wp-content\/uploads\/2021\/06\/fc4c4ea7-bf20-4d1e-896f-eb4033b15efb.jpg\"><img loading=\"lazy\" decoding=\"async\" class=\"alignnone wp-image-49782 size-large\" src=\"https:\/\/www.feuerwehr-volkmarode.de\/wp-content\/uploads\/2021\/06\/fc4c4ea7-bf20-4d1e-896f-eb4033b15efb-768x1024.jpg\" alt=\"\" width=\"768\" height=\"1024\" srcset=\"https:\/\/www.feuerwehr-volkmarode.de\/wp-content\/uploads\/2021\/06\/fc4c4ea7-bf20-4d1e-896f-eb4033b15efb-768x1024.jpg 768w, https:\/\/www.feuerwehr-volkmarode.de\/wp-content\/uploads\/2021\/06\/fc4c4ea7-bf20-4d1e-896f-eb4033b15efb-225x300.jpg 225w, https:\/\/www.feuerwehr-volkmarode.de\/wp-content\/uploads\/2021\/06\/fc4c4ea7-bf20-4d1e-896f-eb4033b15efb-1152x1536.jpg 1152w, https:\/\/www.feuerwehr-volkmarode.de\/wp-content\/uploads\/2021\/06\/fc4c4ea7-bf20-4d1e-896f-eb4033b15efb.jpg 1200w\" sizes=\"auto, (max-width: 768px) 100vw, 768px\" \/><\/a><\/p>\n","protected":false},"excerpt":{"rendered":"<p>Seit nun schon einer Woche steht unser Maibaum an gewohnter Ort und Stelle und versch\u00f6nert Volkmarode wie traditionell zu dieser Zeit. Leider mussten wir in diesem Jahr auf die, noch so sch\u00f6nen, Feierlichkeiten verzichten.<\/p>\n","protected":false},"author":3,"featured_media":49783,"comment_status":"closed","ping_status":"open","sticky":false,"template":"","format":"standard","meta":{"_monsterinsights_skip_tracking":false,"spay_email":"","footnotes":"","jetpack_publicize_message":"","jetpack_is_tweetstorm":false,"jetpack_publicize_feature_enabled":true},"categories":[1],"tags":[],"class_list":["post-49784","post","type-post","status-publish","format-standard","has-post-thumbnail","hentry","category-aktuelles"],"aioseo_notices":[],"aioseo_head":"\n\t\t<!-- All in One SEO 5.0.0.1 - aioseo.com -->\n\t<meta name=\"description\" content=\"Seit nun schon einer Woche steht unser Maibaum an gewohnter Ort und Stelle und versch\u00f6nert Volkmarode wie traditionell zu dieser Zeit. Leider mussten wir in diesem Jahr auf die, noch so sch\u00f6nen, Feierlichkeiten verzichten. Im Anschluss wurden die Kameraden durch Ortsbrandmeister Claa\u00dfen ernannt \/ bef\u00f6rdert. Lina Lentge, ernennung zur Feuerwehrfrau Niklas B\u00f6ger, Oberfeuerwehrmann Daniele Canete,\" \/>\n\t<meta name=\"robots\" content=\"max-image-preview:large\" \/>\n\t<meta name=\"author\" content=\"Claa\u00dfen\"\/>\n\t<link rel=\"canonical\" href=\"https:\/\/www.feuerwehr-volkmarode.de\/?p=49784\" \/>\n\t<meta name=\"generator\" content=\"All in One SEO (AIOSEO) 5.0.0.1\" \/>\n\t\t<meta property=\"og:locale\" content=\"de_DE\" \/>\n\t\t<meta property=\"og:site_name\" content=\"Freiwillige Feuerwehr Volkmarode - #OF33\" \/>\n\t\t<meta property=\"og:type\" content=\"article\" \/>\n\t\t<meta property=\"og:title\" content=\"Maibaum aufstellung - Freiwillige Feuerwehr Volkmarode\" \/>\n\t\t<meta property=\"og:description\" content=\"Seit nun schon einer Woche steht unser Maibaum an gewohnter Ort und Stelle und versch\u00f6nert Volkmarode wie traditionell zu dieser Zeit. Leider mussten wir in diesem Jahr auf die, noch so sch\u00f6nen, Feierlichkeiten verzichten. Im Anschluss wurden die Kameraden durch Ortsbrandmeister Claa\u00dfen ernannt \/ bef\u00f6rdert. Lina Lentge, ernennung zur Feuerwehrfrau Niklas B\u00f6ger, Oberfeuerwehrmann Daniele Canete,\" \/>\n\t\t<meta property=\"og:url\" content=\"https:\/\/www.feuerwehr-volkmarode.de\/?p=49784\" \/>\n\t\t<meta property=\"article:published_time\" content=\"2021-05-08T09:57:53+00:00\" \/>\n\t\t<meta property=\"article:modified_time\" content=\"2021-06-18T09:58:34+00:00\" \/>\n\t\t<meta name=\"twitter:card\" content=\"summary_large_image\" \/>\n\t\t<meta name=\"twitter:title\" content=\"Maibaum aufstellung - Freiwillige Feuerwehr Volkmarode\" \/>\n\t\t<meta name=\"twitter:description\" content=\"Seit nun schon einer Woche steht unser Maibaum an gewohnter Ort und Stelle und versch\u00f6nert Volkmarode wie traditionell zu dieser Zeit. Leider mussten wir in diesem Jahr auf die, noch so sch\u00f6nen, Feierlichkeiten verzichten. Im Anschluss wurden die Kameraden durch Ortsbrandmeister Claa\u00dfen ernannt \/ bef\u00f6rdert. Lina Lentge, ernennung zur Feuerwehrfrau Niklas B\u00f6ger, Oberfeuerwehrmann Daniele Canete,\" \/>\n\t\t<script type=\"application\/ld+json\" class=\"aioseo-schema\">\n\t\t\t{\"@context\":\"https:\\\/\\\/schema.org\",\"@graph\":[{\"@type\":\"BlogPosting\",\"@id\":\"https:\\\/\\\/www.feuerwehr-volkmarode.de\\\/?p=49784#blogposting\",\"name\":\"Maibaum aufstellung - Freiwillige Feuerwehr Volkmarode\",\"headline\":\"Maibaum aufstellung\",\"author\":{\"@id\":\"https:\\\/\\\/www.feuerwehr-volkmarode.de\\\/?author=3#author\"},\"publisher\":{\"@id\":\"https:\\\/\\\/www.feuerwehr-volkmarode.de\\\/#organization\"},\"image\":{\"@type\":\"ImageObject\",\"url\":\"https:\\\/\\\/www.feuerwehr-volkmarode.de\\\/wp-content\\\/uploads\\\/2021\\\/06\\\/IMG_3876-scaled-e1624010068819.jpg\",\"width\":350,\"height\":280},\"datePublished\":\"2021-05-08T11:57:53+02:00\",\"dateModified\":\"2021-06-18T11:58:34+02:00\",\"inLanguage\":\"de-DE\",\"mainEntityOfPage\":{\"@id\":\"https:\\\/\\\/www.feuerwehr-volkmarode.de\\\/?p=49784#webpage\"},\"isPartOf\":{\"@id\":\"https:\\\/\\\/www.feuerwehr-volkmarode.de\\\/?p=49784#webpage\"},\"articleSection\":\"Aktuelles\"},{\"@type\":\"BreadcrumbList\",\"@id\":\"https:\\\/\\\/www.feuerwehr-volkmarode.de\\\/?p=49784#breadcrumblist\",\"itemListElement\":[{\"@type\":\"ListItem\",\"@id\":\"https:\\\/\\\/www.feuerwehr-volkmarode.de#listItem\",\"position\":1,\"name\":\"Home\",\"item\":\"https:\\\/\\\/www.feuerwehr-volkmarode.de\",\"nextItem\":{\"@type\":\"ListItem\",\"@id\":\"https:\\\/\\\/www.feuerwehr-volkmarode.de\\\/?cat=1#listItem\",\"name\":\"Aktuelles\"}},{\"@type\":\"ListItem\",\"@id\":\"https:\\\/\\\/www.feuerwehr-volkmarode.de\\\/?cat=1#listItem\",\"position\":2,\"name\":\"Aktuelles\",\"item\":\"https:\\\/\\\/www.feuerwehr-volkmarode.de\\\/?cat=1\",\"nextItem\":{\"@type\":\"ListItem\",\"@id\":\"https:\\\/\\\/www.feuerwehr-volkmarode.de\\\/?p=49784#listItem\",\"name\":\"Maibaum aufstellung\"},\"previousItem\":{\"@type\":\"ListItem\",\"@id\":\"https:\\\/\\\/www.feuerwehr-volkmarode.de#listItem\",\"name\":\"Home\"}},{\"@type\":\"ListItem\",\"@id\":\"https:\\\/\\\/www.feuerwehr-volkmarode.de\\\/?p=49784#listItem\",\"position\":3,\"name\":\"Maibaum aufstellung\",\"previousItem\":{\"@type\":\"ListItem\",\"@id\":\"https:\\\/\\\/www.feuerwehr-volkmarode.de\\\/?cat=1#listItem\",\"name\":\"Aktuelles\"}}]},{\"@type\":\"Organization\",\"@id\":\"https:\\\/\\\/www.feuerwehr-volkmarode.de\\\/#organization\",\"name\":\"Freiwillige Feuerwehr Volkmarode\",\"description\":\"#OF33\",\"url\":\"https:\\\/\\\/www.feuerwehr-volkmarode.de\\\/\"},{\"@type\":\"Person\",\"@id\":\"https:\\\/\\\/www.feuerwehr-volkmarode.de\\\/?author=3#author\",\"url\":\"https:\\\/\\\/www.feuerwehr-volkmarode.de\\\/?author=3\",\"name\":\"Claa\\u00dfen\"},{\"@type\":\"WebPage\",\"@id\":\"https:\\\/\\\/www.feuerwehr-volkmarode.de\\\/?p=49784#webpage\",\"url\":\"https:\\\/\\\/www.feuerwehr-volkmarode.de\\\/?p=49784\",\"name\":\"Maibaum aufstellung - Freiwillige Feuerwehr Volkmarode\",\"description\":\"Seit nun schon einer Woche steht unser Maibaum an gewohnter Ort und Stelle und versch\\u00f6nert Volkmarode wie traditionell zu dieser Zeit. Leider mussten wir in diesem Jahr auf die, noch so sch\\u00f6nen, Feierlichkeiten verzichten. Im Anschluss wurden die Kameraden durch Ortsbrandmeister Claa\\u00dfen ernannt \\\/ bef\\u00f6rdert. Lina Lentge, ernennung zur Feuerwehrfrau Niklas B\\u00f6ger, Oberfeuerwehrmann Daniele Canete,\",\"inLanguage\":\"de-DE\",\"isPartOf\":{\"@id\":\"https:\\\/\\\/www.feuerwehr-volkmarode.de\\\/#website\"},\"breadcrumb\":{\"@id\":\"https:\\\/\\\/www.feuerwehr-volkmarode.de\\\/?p=49784#breadcrumblist\"},\"author\":{\"@id\":\"https:\\\/\\\/www.feuerwehr-volkmarode.de\\\/?author=3#author\"},\"creator\":{\"@id\":\"https:\\\/\\\/www.feuerwehr-volkmarode.de\\\/?author=3#author\"},\"image\":{\"@type\":\"ImageObject\",\"url\":\"https:\\\/\\\/www.feuerwehr-volkmarode.de\\\/wp-content\\\/uploads\\\/2021\\\/06\\\/IMG_3876-scaled-e1624010068819.jpg\",\"@id\":\"https:\\\/\\\/www.feuerwehr-volkmarode.de\\\/?p=49784\\\/#mainImage\",\"width\":350,\"height\":280},\"primaryImageOfPage\":{\"@id\":\"https:\\\/\\\/www.feuerwehr-volkmarode.de\\\/?p=49784#mainImage\"},\"datePublished\":\"2021-05-08T11:57:53+02:00\",\"dateModified\":\"2021-06-18T11:58:34+02:00\"},{\"@type\":\"WebSite\",\"@id\":\"https:\\\/\\\/www.feuerwehr-volkmarode.de\\\/#website\",\"url\":\"https:\\\/\\\/www.feuerwehr-volkmarode.de\\\/\",\"name\":\"Freiwillige Feuerwehr Volkmarode\",\"description\":\"#OF33\",\"inLanguage\":\"de-DE\",\"publisher\":{\"@id\":\"https:\\\/\\\/www.feuerwehr-volkmarode.de\\\/#organization\"}}]}\n\t\t<\/script>\n\t\t<!-- All in One SEO -->\n\n","aioseo_head_json":{"title":"Maibaum aufstellung - Freiwillige Feuerwehr Volkmarode","description":"Seit nun schon einer Woche steht unser Maibaum an gewohnter Ort und Stelle und versch\u00f6nert Volkmarode wie traditionell zu dieser Zeit. Leider mussten wir in diesem Jahr auf die, noch so sch\u00f6nen, Feierlichkeiten verzichten. Im Anschluss wurden die Kameraden durch Ortsbrandmeister Claa\u00dfen ernannt \/ bef\u00f6rdert. Lina Lentge, ernennung zur Feuerwehrfrau Niklas B\u00f6ger, Oberfeuerwehrmann Daniele Canete,","canonical_url":"https:\/\/www.feuerwehr-volkmarode.de\/?p=49784","robots":"max-image-preview:large","keywords":"","webmasterTools":{"miscellaneous":""},"schema":{"@context":"https:\/\/schema.org","@graph":[{"@type":"BlogPosting","@id":"https:\/\/www.feuerwehr-volkmarode.de\/?p=49784#blogposting","name":"Maibaum aufstellung - Freiwillige Feuerwehr Volkmarode","headline":"Maibaum aufstellung","author":{"@id":"https:\/\/www.feuerwehr-volkmarode.de\/?author=3#author"},"publisher":{"@id":"https:\/\/www.feuerwehr-volkmarode.de\/#organization"},"image":{"@type":"ImageObject","url":"https:\/\/www.feuerwehr-volkmarode.de\/wp-content\/uploads\/2021\/06\/IMG_3876-scaled-e1624010068819.jpg","width":350,"height":280},"datePublished":"2021-05-08T11:57:53+02:00","dateModified":"2021-06-18T11:58:34+02:00","inLanguage":"de-DE","mainEntityOfPage":{"@id":"https:\/\/www.feuerwehr-volkmarode.de\/?p=49784#webpage"},"isPartOf":{"@id":"https:\/\/www.feuerwehr-volkmarode.de\/?p=49784#webpage"},"articleSection":"Aktuelles"},{"@type":"BreadcrumbList","@id":"https:\/\/www.feuerwehr-volkmarode.de\/?p=49784#breadcrumblist","itemListElement":[{"@type":"ListItem","@id":"https:\/\/www.feuerwehr-volkmarode.de#listItem","position":1,"name":"Home","item":"https:\/\/www.feuerwehr-volkmarode.de","nextItem":{"@type":"ListItem","@id":"https:\/\/www.feuerwehr-volkmarode.de\/?cat=1#listItem","name":"Aktuelles"}},{"@type":"ListItem","@id":"https:\/\/www.feuerwehr-volkmarode.de\/?cat=1#listItem","position":2,"name":"Aktuelles","item":"https:\/\/www.feuerwehr-volkmarode.de\/?cat=1","nextItem":{"@type":"ListItem","@id":"https:\/\/www.feuerwehr-volkmarode.de\/?p=49784#listItem","name":"Maibaum aufstellung"},"previousItem":{"@type":"ListItem","@id":"https:\/\/www.feuerwehr-volkmarode.de#listItem","name":"Home"}},{"@type":"ListItem","@id":"https:\/\/www.feuerwehr-volkmarode.de\/?p=49784#listItem","position":3,"name":"Maibaum aufstellung","previousItem":{"@type":"ListItem","@id":"https:\/\/www.feuerwehr-volkmarode.de\/?cat=1#listItem","name":"Aktuelles"}}]},{"@type":"Organization","@id":"https:\/\/www.feuerwehr-volkmarode.de\/#organization","name":"Freiwillige Feuerwehr Volkmarode","description":"#OF33","url":"https:\/\/www.feuerwehr-volkmarode.de\/"},{"@type":"Person","@id":"https:\/\/www.feuerwehr-volkmarode.de\/?author=3#author","url":"https:\/\/www.feuerwehr-volkmarode.de\/?author=3","name":"Claa\u00dfen"},{"@type":"WebPage","@id":"https:\/\/www.feuerwehr-volkmarode.de\/?p=49784#webpage","url":"https:\/\/www.feuerwehr-volkmarode.de\/?p=49784","name":"Maibaum aufstellung - Freiwillige Feuerwehr Volkmarode","description":"Seit nun schon einer Woche steht unser Maibaum an gewohnter Ort und Stelle und versch\u00f6nert Volkmarode wie traditionell zu dieser Zeit. Leider mussten wir in diesem Jahr auf die, noch so sch\u00f6nen, Feierlichkeiten verzichten. Im Anschluss wurden die Kameraden durch Ortsbrandmeister Claa\u00dfen ernannt \/ bef\u00f6rdert. Lina Lentge, ernennung zur Feuerwehrfrau Niklas B\u00f6ger, Oberfeuerwehrmann Daniele Canete,","inLanguage":"de-DE","isPartOf":{"@id":"https:\/\/www.feuerwehr-volkmarode.de\/#website"},"breadcrumb":{"@id":"https:\/\/www.feuerwehr-volkmarode.de\/?p=49784#breadcrumblist"},"author":{"@id":"https:\/\/www.feuerwehr-volkmarode.de\/?author=3#author"},"creator":{"@id":"https:\/\/www.feuerwehr-volkmarode.de\/?author=3#author"},"image":{"@type":"ImageObject","url":"https:\/\/www.feuerwehr-volkmarode.de\/wp-content\/uploads\/2021\/06\/IMG_3876-scaled-e1624010068819.jpg","@id":"https:\/\/www.feuerwehr-volkmarode.de\/?p=49784\/#mainImage","width":350,"height":280},"primaryImageOfPage":{"@id":"https:\/\/www.feuerwehr-volkmarode.de\/?p=49784#mainImage"},"datePublished":"2021-05-08T11:57:53+02:00","dateModified":"2021-06-18T11:58:34+02:00"},{"@type":"WebSite","@id":"https:\/\/www.feuerwehr-volkmarode.de\/#website","url":"https:\/\/www.feuerwehr-volkmarode.de\/","name":"Freiwillige Feuerwehr Volkmarode","description":"#OF33","inLanguage":"de-DE","publisher":{"@id":"https:\/\/www.feuerwehr-volkmarode.de\/#organization"}}]},"og:locale":"de_DE","og:site_name":"Freiwillige Feuerwehr Volkmarode - #OF33","og:type":"article","og:title":"Maibaum aufstellung - Freiwillige Feuerwehr Volkmarode","og:description":"Seit nun schon einer Woche steht unser Maibaum an gewohnter Ort und Stelle und versch\u00f6nert Volkmarode wie traditionell zu dieser Zeit. Leider mussten wir in diesem Jahr auf die, noch so sch\u00f6nen, Feierlichkeiten verzichten. Im Anschluss wurden die Kameraden durch Ortsbrandmeister Claa\u00dfen ernannt \/ bef\u00f6rdert. Lina Lentge, ernennung zur Feuerwehrfrau Niklas B\u00f6ger, Oberfeuerwehrmann Daniele Canete,","og:url":"https:\/\/www.feuerwehr-volkmarode.de\/?p=49784","article:published_time":"2021-05-08T09:57:53+00:00","article:modified_time":"2021-06-18T09:58:34+00:00","twitter:card":"summary_large_image","twitter:title":"Maibaum aufstellung - Freiwillige Feuerwehr Volkmarode","twitter:description":"Seit nun schon einer Woche steht unser Maibaum an gewohnter Ort und Stelle und versch\u00f6nert Volkmarode wie traditionell zu dieser Zeit. Leider mussten wir in diesem Jahr auf die, noch so sch\u00f6nen, Feierlichkeiten verzichten. Im Anschluss wurden die Kameraden durch Ortsbrandmeister Claa\u00dfen ernannt \/ bef\u00f6rdert. Lina Lentge, ernennung zur Feuerwehrfrau Niklas B\u00f6ger, Oberfeuerwehrmann Daniele Canete,"},"aioseo_meta_data":{"post_id":"49784","title":null,"description":null,"keywords":null,"keyphrases":null,"primary_term":null,"canonical_url":null,"og_title":null,"og_description":null,"og_object_type":"default","og_image_type":"default","og_image_url":null,"og_image_width":null,"og_image_height":null,"og_image_custom_url":null,"og_image_custom_fields":null,"og_video":null,"og_custom_url":null,"og_article_section":null,"og_article_tags":null,"twitter_use_og":false,"twitter_card":"default","twitter_image_type":"default","twitter_image_url":null,"twitter_image_custom_url":null,"twitter_image_custom_fields":null,"twitter_title":null,"twitter_description":null,"schema":{"blockGraphs":[],"customGraphs":[],"default":{"data":{"Article":[],"Course":[],"Dataset":[],"FAQPage":[],"Movie":[],"Person":[],"Product":[],"ProductReview":[],"Car":[],"Recipe":[],"Service":[],"SoftwareApplication":[],"WebPage":[]},"graphName":"","isEnabled":true},"graphs":[]},"schema_type":"default","schema_type_options":null,"pillar_content":false,"robots_default":true,"robots_noindex":false,"robots_noarchive":false,"robots_nosnippet":false,"robots_nofollow":false,"robots_noimageindex":false,"robots_noodp":false,"robots_notranslate":false,"robots_max_snippet":null,"robots_max_videopreview":null,"robots_max_imagepreview":"large","priority":null,"frequency":null,"local_seo":null,"breadcrumb_settings":null,"limit_modified_date":false,"ai":null,"created":"2025-11-19 19:14:13","updated":"2025-11-19 19:14:13","focus_keyword":null,"additional_keywords":null,"truseo_locale":null,"seo_analyzer_scan_date":null},"aioseo_breadcrumb":"<div class=\"aioseo-breadcrumbs\"><span class=\"aioseo-breadcrumb\">\n\t\t\t<a href=\"https:\/\/www.feuerwehr-volkmarode.de\" title=\"Home\">Home<\/a>\n\t\t<\/span><span class=\"aioseo-breadcrumb-separator\">&raquo;<\/span><span class=\"aioseo-breadcrumb\">\n\t\t\t<a href=\"https:\/\/www.feuerwehr-volkmarode.de\/?cat=1\" title=\"Aktuelles\">Aktuelles<\/a>\n\t\t<\/span><span class=\"aioseo-breadcrumb-separator\">&raquo;<\/span><span class=\"aioseo-breadcrumb\">\n\t\t\tMaibaum aufstellung\n\t\t<\/span><\/div>","aioseo_breadcrumb_json":[{"label":"Home","link":"https:\/\/www.feuerwehr-volkmarode.de"},{"label":"Aktuelles","link":"https:\/\/www.feuerwehr-volkmarode.de\/?cat=1"},{"label":"Maibaum aufstellung","link":"https:\/\/www.feuerwehr-volkmarode.de\/?p=49784"}],"jetpack_featured_media_url":"https:\/\/www.feuerwehr-volkmarode.de\/wp-content\/uploads\/2021\/06\/IMG_3876-scaled-e1624010068819.jpg","jetpack_publicize_connections":[],"jetpack_sharing_enabled":true,"_links":{"self":[{"href":"https:\/\/www.feuerwehr-volkmarode.de\/index.php?rest_route=\/wp\/v2\/posts\/49784","targetHints":{"allow":["GET"]}}],"collection":[{"href":"https:\/\/www.feuerwehr-volkmarode.de\/index.php?rest_route=\/wp\/v2\/posts"}],"about":[{"href":"https:\/\/www.feuerwehr-volkmarode.de\/index.php?rest_route=\/wp\/v2\/types\/post"}],"author":[{"embeddable":true,"href":"https:\/\/www.feuerwehr-volkmarode.de\/index.php?rest_route=\/wp\/v2\/users\/3"}],"replies":[{"embeddable":true,"href":"https:\/\/www.feuerwehr-volkmarode.de\/index.php?rest_route=%2Fwp%2Fv2%2Fcomments&post=49784"}],"version-history":[{"count":2,"href":"https:\/\/www.feuerwehr-volkmarode.de\/index.php?rest_route=\/wp\/v2\/posts\/49784\/revisions"}],"predecessor-version":[{"id":49787,"href":"https:\/\/www.feuerwehr-volkmarode.de\/index.php?rest_route=\/wp\/v2\/posts\/49784\/revisions\/49787"}],"wp:featuredmedia":[{"embeddable":true,"href":"https:\/\/www.feuerwehr-volkmarode.de\/index.php?rest_route=\/wp\/v2\/media\/49783"}],"wp:attachment":[{"href":"https:\/\/www.feuerwehr-volkmarode.de\/index.php?rest_route=%2Fwp%2Fv2%2Fmedia&parent=49784"}],"wp:term":[{"taxonomy":"category","embeddable":true,"href":"https:\/\/www.feuerwehr-volkmarode.de\/index.php?rest_route=%2Fwp%2Fv2%2Fcategories&post=49784"},{"taxonomy":"post_tag","embeddable":true,"href":"https:\/\/www.feuerwehr-volkmarode.de\/index.php?rest_route=%2Fwp%2Fv2%2Ftags&post=49784"}],"curies":[{"name":"wp","href":"https:\/\/api.w.org\/{rel}","templated":true}]}}