{"id":49117,"date":"2020-09-07T20:22:05","date_gmt":"2020-09-07T18:22:05","guid":{"rendered":"http:\/\/www.feuerwehr-volkmarode.de\/?p=49117"},"modified":"2020-09-08T20:40:47","modified_gmt":"2020-09-08T18:40:47","slug":"endlich-gehts-wieder-los","status":"publish","type":"post","link":"https:\/\/www.feuerwehr-volkmarode.de\/?p=49117","title":{"rendered":"Endlich geht\u00b4s wieder los"},"content":{"rendered":"\t\t<div data-elementor-type=\"wp-post\" data-elementor-id=\"49117\" class=\"elementor elementor-49117\" data-elementor-settings=\"[]\">\n\t\t\t\t\t\t<div class=\"elementor-inner\">\n\t\t\t\t\t\t\t<div class=\"elementor-section-wrap\">\n\t\t\t\t\t\t\t<section class=\"elementor-section elementor-top-section elementor-element elementor-element-b205830 elementor-section-boxed elementor-section-height-default elementor-section-height-default\" data-id=\"b205830\" data-element_type=\"section\">\n\t\t\t\t\t\t<div class=\"elementor-container elementor-column-gap-default\">\n\t\t\t\t\t\t\t<div class=\"elementor-row\">\n\t\t\t\t\t<div class=\"elementor-column elementor-col-100 elementor-top-column elementor-element elementor-element-026083c\" data-id=\"026083c\" data-element_type=\"column\">\n\t\t\t<div class=\"elementor-column-wrap elementor-element-populated\">\n\t\t\t\t\t\t\t<div class=\"elementor-widget-wrap\">\n\t\t\t\t\t\t<div class=\"elementor-element elementor-element-bc8df6c elementor-widget elementor-widget-text-editor\" data-id=\"bc8df6c\" data-element_type=\"widget\" data-widget_type=\"text-editor.default\">\n\t\t\t\t<div class=\"elementor-widget-container\">\n\t\t\t\t\t<div class=\"elementor-text-editor elementor-clearfix\"><p>Lang nicht mehr gesehen und doch alle wiedererkannt!\u00a0<\/p><p>Die Freude war gro\u00df, als wir uns am vergangenen Freitag nach 6 Monaten Pause wiedersehen konnten.\u00a0<\/p><p>Nach einer ausf\u00fchrlichen Belehrung und einem Check, ob denn noch alle Teile der Uniform passen, starteten wir mit der Wiederholung der FwDV 3 am Fahrzeug.\u00a0<\/p><p>Wir sind froh, uns nun wieder regelm\u00e4\u00dfig sehen zu k\u00f6nnen.\u00a0<\/p><\/div>\n\t\t\t\t<\/div>\n\t\t\t\t<\/div>\n\t\t\t\t\t\t<\/div>\n\t\t\t\t\t<\/div>\n\t\t<\/div>\n\t\t\t\t\t\t\t\t<\/div>\n\t\t\t\t\t<\/div>\n\t\t<\/section>\n\t\t\t\t<section class=\"elementor-section elementor-top-section elementor-element elementor-element-6740877 elementor-section-boxed elementor-section-height-default elementor-section-height-default\" data-id=\"6740877\" data-element_type=\"section\">\n\t\t\t\t\t\t<div class=\"elementor-container elementor-column-gap-default\">\n\t\t\t\t\t\t\t<div class=\"elementor-row\">\n\t\t\t\t\t<div class=\"elementor-column elementor-col-100 elementor-top-column elementor-element elementor-element-1f10058\" data-id=\"1f10058\" data-element_type=\"column\">\n\t\t\t<div class=\"elementor-column-wrap elementor-element-populated\">\n\t\t\t\t\t\t\t<div class=\"elementor-widget-wrap\">\n\t\t\t\t\t\t<div class=\"elementor-element elementor-element-c60ccf7 elementor-widget elementor-widget-image\" data-id=\"c60ccf7\" data-element_type=\"widget\" data-widget_type=\"image.default\">\n\t\t\t\t<div class=\"elementor-widget-container\">\n\t\t\t\t\t<div class=\"elementor-image\">\n\t\t\t\t\t\t\t\t\t\t<img loading=\"lazy\" decoding=\"async\" width=\"1024\" height=\"768\" src=\"https:\/\/www.feuerwehr-volkmarode.de\/wp-content\/uploads\/2020\/09\/IMG_3599-1024x768.jpg\" class=\"attachment-large size-large\" alt=\"\" srcset=\"https:\/\/www.feuerwehr-volkmarode.de\/wp-content\/uploads\/2020\/09\/IMG_3599-1024x768.jpg 1024w, https:\/\/www.feuerwehr-volkmarode.de\/wp-content\/uploads\/2020\/09\/IMG_3599-300x225.jpg 300w, https:\/\/www.feuerwehr-volkmarode.de\/wp-content\/uploads\/2020\/09\/IMG_3599-768x576.jpg 768w, https:\/\/www.feuerwehr-volkmarode.de\/wp-content\/uploads\/2020\/09\/IMG_3599-1536x1152.jpg 1536w, https:\/\/www.feuerwehr-volkmarode.de\/wp-content\/uploads\/2020\/09\/IMG_3599-2048x1536.jpg 2048w\" sizes=\"auto, (max-width: 1024px) 100vw, 1024px\" \/>\t\t\t\t\t\t\t\t\t\t\t<\/div>\n\t\t\t\t<\/div>\n\t\t\t\t<\/div>\n\t\t\t\t\t\t<\/div>\n\t\t\t\t\t<\/div>\n\t\t<\/div>\n\t\t\t\t\t\t\t\t<\/div>\n\t\t\t\t\t<\/div>\n\t\t<\/section>\n\t\t\t\t<section class=\"elementor-section elementor-top-section elementor-element elementor-element-d1c6df3 elementor-section-boxed elementor-section-height-default elementor-section-height-default\" data-id=\"d1c6df3\" data-element_type=\"section\" data-settings=\"{&quot;background_background&quot;:&quot;gradient&quot;}\">\n\t\t\t\t\t\t<div class=\"elementor-container elementor-column-gap-default\">\n\t\t\t\t\t\t\t<div class=\"elementor-row\">\n\t\t\t\t\t<div class=\"elementor-column elementor-col-100 elementor-top-column elementor-element elementor-element-740ffe9\" data-id=\"740ffe9\" data-element_type=\"column\">\n\t\t\t<div class=\"elementor-column-wrap elementor-element-populated\">\n\t\t\t\t\t\t\t<div class=\"elementor-widget-wrap\">\n\t\t\t\t\t\t<div class=\"elementor-element elementor-element-909a666 elementor-view-stacked animated-slow elementor-shape-circle elementor-invisible elementor-widget elementor-widget-icon\" data-id=\"909a666\" data-element_type=\"widget\" data-settings=\"{&quot;_animation&quot;:&quot;zoomIn&quot;}\" data-widget_type=\"icon.default\">\n\t\t\t\t<div class=\"elementor-widget-container\">\n\t\t\t\t\t<div class=\"elementor-icon-wrapper\">\n\t\t\t<a class=\"elementor-icon\" href=\"https:\/\/www.instagram.com\/jugendfeuerwehr_volkmarode\/\">\n\t\t\t<i aria-hidden=\"true\" class=\"fab fa-instagram\"><\/i>\t\t\t<\/a>\n\t\t<\/div>\n\t\t\t\t<\/div>\n\t\t\t\t<\/div>\n\t\t\t\t\t\t<\/div>\n\t\t\t\t\t<\/div>\n\t\t<\/div>\n\t\t\t\t\t\t\t\t<\/div>\n\t\t\t\t\t<\/div>\n\t\t<\/section>\n\t\t\t\t\t\t<\/div>\n\t\t\t\t\t\t<\/div>\n\t\t\t\t\t<\/div>\n\t\t","protected":false},"excerpt":{"rendered":"<p>Lang nicht mehr gesehen und doch alle wiedererkannt!\u00a0 Die Freude war gro\u00df, als wir uns am vergangenen Freitag nach 6 Monaten Pause wiedersehen konnten.\u00a0 Nach einer ausf\u00fchrlichen Belehrung und einem Check, ob denn noch alle Teile der Uniform passen, starteten wir mit der Wiederholung der FwDV 3 am Fahrzeug.\u00a0 Wir sind froh, uns nun wieder [&hellip;]<\/p>\n","protected":false},"author":3,"featured_media":0,"comment_status":"closed","ping_status":"open","sticky":false,"template":"","format":"standard","meta":{"_monsterinsights_skip_tracking":false,"spay_email":"","footnotes":"","jetpack_publicize_message":"","jetpack_is_tweetstorm":false,"jetpack_publicize_feature_enabled":true},"categories":[143],"tags":[],"class_list":["post-49117","post","type-post","status-publish","format-standard","hentry","category-aktuelles-jf"],"aioseo_notices":[],"aioseo_head":"\n\t\t<!-- All in One SEO 5.0.0.1 - aioseo.com -->\n\t<meta name=\"description\" content=\"Lang nicht mehr gesehen und doch alle wiedererkannt! Die Freude war gro\u00df, als wir uns am vergangenen Freitag nach 6 Monaten Pause wiedersehen konnten. Nach einer ausf\u00fchrlichen Belehrung und einem Check, ob denn noch alle Teile der Uniform passen, starteten wir mit der Wiederholung der FwDV 3 am Fahrzeug. Wir sind froh, uns nun wieder regelm\u00e4\u00dfig sehen zu\" \/>\n\t<meta name=\"robots\" content=\"max-image-preview:large\" \/>\n\t<meta name=\"author\" content=\"Claa\u00dfen\"\/>\n\t<link rel=\"canonical\" href=\"https:\/\/www.feuerwehr-volkmarode.de\/?p=49117\" \/>\n\t<meta name=\"generator\" content=\"All in One SEO (AIOSEO) 5.0.0.1\" \/>\n\t\t<meta property=\"og:locale\" content=\"de_DE\" \/>\n\t\t<meta property=\"og:site_name\" content=\"Freiwillige Feuerwehr Volkmarode - #OF33\" \/>\n\t\t<meta property=\"og:type\" content=\"article\" \/>\n\t\t<meta property=\"og:title\" content=\"Endlich geht\u00b4s wieder los - Freiwillige Feuerwehr Volkmarode\" \/>\n\t\t<meta property=\"og:description\" content=\"Lang nicht mehr gesehen und doch alle wiedererkannt! Die Freude war gro\u00df, als wir uns am vergangenen Freitag nach 6 Monaten Pause wiedersehen konnten. Nach einer ausf\u00fchrlichen Belehrung und einem Check, ob denn noch alle Teile der Uniform passen, starteten wir mit der Wiederholung der FwDV 3 am Fahrzeug. Wir sind froh, uns nun wieder regelm\u00e4\u00dfig sehen zu\" \/>\n\t\t<meta property=\"og:url\" content=\"https:\/\/www.feuerwehr-volkmarode.de\/?p=49117\" \/>\n\t\t<meta property=\"article:published_time\" content=\"2020-09-07T18:22:05+00:00\" \/>\n\t\t<meta property=\"article:modified_time\" content=\"2020-09-08T18:40:47+00:00\" \/>\n\t\t<meta name=\"twitter:card\" content=\"summary_large_image\" \/>\n\t\t<meta name=\"twitter:title\" content=\"Endlich geht\u00b4s wieder los - Freiwillige Feuerwehr Volkmarode\" \/>\n\t\t<meta name=\"twitter:description\" content=\"Lang nicht mehr gesehen und doch alle wiedererkannt! Die Freude war gro\u00df, als wir uns am vergangenen Freitag nach 6 Monaten Pause wiedersehen konnten. Nach einer ausf\u00fchrlichen Belehrung und einem Check, ob denn noch alle Teile der Uniform passen, starteten wir mit der Wiederholung der FwDV 3 am Fahrzeug. Wir sind froh, uns nun wieder regelm\u00e4\u00dfig sehen zu\" \/>\n\t\t<script type=\"application\/ld+json\" class=\"aioseo-schema\">\n\t\t\t{\"@context\":\"https:\\\/\\\/schema.org\",\"@graph\":[{\"@type\":\"BlogPosting\",\"@id\":\"https:\\\/\\\/www.feuerwehr-volkmarode.de\\\/?p=49117#blogposting\",\"name\":\"Endlich geht\\u00b4s wieder los - Freiwillige Feuerwehr Volkmarode\",\"headline\":\"Endlich geht\\u00b4s wieder los\",\"author\":{\"@id\":\"https:\\\/\\\/www.feuerwehr-volkmarode.de\\\/?author=3#author\"},\"publisher\":{\"@id\":\"https:\\\/\\\/www.feuerwehr-volkmarode.de\\\/#organization\"},\"image\":{\"@type\":\"ImageObject\",\"url\":\"http:\\\/\\\/www.feuerwehr-volkmarode.de\\\/wp-content\\\/uploads\\\/2020\\\/09\\\/IMG_3599-1024x768.jpg\",\"@id\":\"https:\\\/\\\/www.feuerwehr-volkmarode.de\\\/?p=49117\\\/#articleImage\"},\"datePublished\":\"2020-09-07T20:22:05+02:00\",\"dateModified\":\"2020-09-08T20:40:47+02:00\",\"inLanguage\":\"de-DE\",\"mainEntityOfPage\":{\"@id\":\"https:\\\/\\\/www.feuerwehr-volkmarode.de\\\/?p=49117#webpage\"},\"isPartOf\":{\"@id\":\"https:\\\/\\\/www.feuerwehr-volkmarode.de\\\/?p=49117#webpage\"},\"articleSection\":\"Aktuelles JF\"},{\"@type\":\"BreadcrumbList\",\"@id\":\"https:\\\/\\\/www.feuerwehr-volkmarode.de\\\/?p=49117#breadcrumblist\",\"itemListElement\":[{\"@type\":\"ListItem\",\"@id\":\"https:\\\/\\\/www.feuerwehr-volkmarode.de#listItem\",\"position\":1,\"name\":\"Home\",\"item\":\"https:\\\/\\\/www.feuerwehr-volkmarode.de\",\"nextItem\":{\"@type\":\"ListItem\",\"@id\":\"https:\\\/\\\/www.feuerwehr-volkmarode.de\\\/?cat=143#listItem\",\"name\":\"Aktuelles JF\"}},{\"@type\":\"ListItem\",\"@id\":\"https:\\\/\\\/www.feuerwehr-volkmarode.de\\\/?cat=143#listItem\",\"position\":2,\"name\":\"Aktuelles JF\",\"item\":\"https:\\\/\\\/www.feuerwehr-volkmarode.de\\\/?cat=143\",\"nextItem\":{\"@type\":\"ListItem\",\"@id\":\"https:\\\/\\\/www.feuerwehr-volkmarode.de\\\/?p=49117#listItem\",\"name\":\"Endlich geht\\u00b4s wieder los\"},\"previousItem\":{\"@type\":\"ListItem\",\"@id\":\"https:\\\/\\\/www.feuerwehr-volkmarode.de#listItem\",\"name\":\"Home\"}},{\"@type\":\"ListItem\",\"@id\":\"https:\\\/\\\/www.feuerwehr-volkmarode.de\\\/?p=49117#listItem\",\"position\":3,\"name\":\"Endlich geht\\u00b4s wieder los\",\"previousItem\":{\"@type\":\"ListItem\",\"@id\":\"https:\\\/\\\/www.feuerwehr-volkmarode.de\\\/?cat=143#listItem\",\"name\":\"Aktuelles JF\"}}]},{\"@type\":\"Organization\",\"@id\":\"https:\\\/\\\/www.feuerwehr-volkmarode.de\\\/#organization\",\"name\":\"Freiwillige Feuerwehr Volkmarode\",\"description\":\"#OF33\",\"url\":\"https:\\\/\\\/www.feuerwehr-volkmarode.de\\\/\"},{\"@type\":\"Person\",\"@id\":\"https:\\\/\\\/www.feuerwehr-volkmarode.de\\\/?author=3#author\",\"url\":\"https:\\\/\\\/www.feuerwehr-volkmarode.de\\\/?author=3\",\"name\":\"Claa\\u00dfen\"},{\"@type\":\"WebPage\",\"@id\":\"https:\\\/\\\/www.feuerwehr-volkmarode.de\\\/?p=49117#webpage\",\"url\":\"https:\\\/\\\/www.feuerwehr-volkmarode.de\\\/?p=49117\",\"name\":\"Endlich geht\\u00b4s wieder los - Freiwillige Feuerwehr Volkmarode\",\"description\":\"Lang nicht mehr gesehen und doch alle wiedererkannt! Die Freude war gro\\u00df, als wir uns am vergangenen Freitag nach 6 Monaten Pause wiedersehen konnten. Nach einer ausf\\u00fchrlichen Belehrung und einem Check, ob denn noch alle Teile der Uniform passen, starteten wir mit der Wiederholung der FwDV 3 am Fahrzeug. Wir sind froh, uns nun wieder regelm\\u00e4\\u00dfig sehen zu\",\"inLanguage\":\"de-DE\",\"isPartOf\":{\"@id\":\"https:\\\/\\\/www.feuerwehr-volkmarode.de\\\/#website\"},\"breadcrumb\":{\"@id\":\"https:\\\/\\\/www.feuerwehr-volkmarode.de\\\/?p=49117#breadcrumblist\"},\"author\":{\"@id\":\"https:\\\/\\\/www.feuerwehr-volkmarode.de\\\/?author=3#author\"},\"creator\":{\"@id\":\"https:\\\/\\\/www.feuerwehr-volkmarode.de\\\/?author=3#author\"},\"datePublished\":\"2020-09-07T20:22:05+02:00\",\"dateModified\":\"2020-09-08T20:40:47+02:00\"},{\"@type\":\"WebSite\",\"@id\":\"https:\\\/\\\/www.feuerwehr-volkmarode.de\\\/#website\",\"url\":\"https:\\\/\\\/www.feuerwehr-volkmarode.de\\\/\",\"name\":\"Freiwillige Feuerwehr Volkmarode\",\"description\":\"#OF33\",\"inLanguage\":\"de-DE\",\"publisher\":{\"@id\":\"https:\\\/\\\/www.feuerwehr-volkmarode.de\\\/#organization\"}}]}\n\t\t<\/script>\n\t\t<!-- All in One SEO -->\n\n","aioseo_head_json":{"title":"Endlich geht\u00b4s wieder los - Freiwillige Feuerwehr Volkmarode","description":"Lang nicht mehr gesehen und doch alle wiedererkannt! Die Freude war gro\u00df, als wir uns am vergangenen Freitag nach 6 Monaten Pause wiedersehen konnten. Nach einer ausf\u00fchrlichen Belehrung und einem Check, ob denn noch alle Teile der Uniform passen, starteten wir mit der Wiederholung der FwDV 3 am Fahrzeug. Wir sind froh, uns nun wieder regelm\u00e4\u00dfig sehen zu","canonical_url":"https:\/\/www.feuerwehr-volkmarode.de\/?p=49117","robots":"max-image-preview:large","keywords":"","webmasterTools":{"miscellaneous":""},"schema":{"@context":"https:\/\/schema.org","@graph":[{"@type":"BlogPosting","@id":"https:\/\/www.feuerwehr-volkmarode.de\/?p=49117#blogposting","name":"Endlich geht\u00b4s wieder los - Freiwillige Feuerwehr Volkmarode","headline":"Endlich geht\u00b4s wieder los","author":{"@id":"https:\/\/www.feuerwehr-volkmarode.de\/?author=3#author"},"publisher":{"@id":"https:\/\/www.feuerwehr-volkmarode.de\/#organization"},"image":{"@type":"ImageObject","url":"http:\/\/www.feuerwehr-volkmarode.de\/wp-content\/uploads\/2020\/09\/IMG_3599-1024x768.jpg","@id":"https:\/\/www.feuerwehr-volkmarode.de\/?p=49117\/#articleImage"},"datePublished":"2020-09-07T20:22:05+02:00","dateModified":"2020-09-08T20:40:47+02:00","inLanguage":"de-DE","mainEntityOfPage":{"@id":"https:\/\/www.feuerwehr-volkmarode.de\/?p=49117#webpage"},"isPartOf":{"@id":"https:\/\/www.feuerwehr-volkmarode.de\/?p=49117#webpage"},"articleSection":"Aktuelles JF"},{"@type":"BreadcrumbList","@id":"https:\/\/www.feuerwehr-volkmarode.de\/?p=49117#breadcrumblist","itemListElement":[{"@type":"ListItem","@id":"https:\/\/www.feuerwehr-volkmarode.de#listItem","position":1,"name":"Home","item":"https:\/\/www.feuerwehr-volkmarode.de","nextItem":{"@type":"ListItem","@id":"https:\/\/www.feuerwehr-volkmarode.de\/?cat=143#listItem","name":"Aktuelles JF"}},{"@type":"ListItem","@id":"https:\/\/www.feuerwehr-volkmarode.de\/?cat=143#listItem","position":2,"name":"Aktuelles JF","item":"https:\/\/www.feuerwehr-volkmarode.de\/?cat=143","nextItem":{"@type":"ListItem","@id":"https:\/\/www.feuerwehr-volkmarode.de\/?p=49117#listItem","name":"Endlich geht\u00b4s wieder los"},"previousItem":{"@type":"ListItem","@id":"https:\/\/www.feuerwehr-volkmarode.de#listItem","name":"Home"}},{"@type":"ListItem","@id":"https:\/\/www.feuerwehr-volkmarode.de\/?p=49117#listItem","position":3,"name":"Endlich geht\u00b4s wieder los","previousItem":{"@type":"ListItem","@id":"https:\/\/www.feuerwehr-volkmarode.de\/?cat=143#listItem","name":"Aktuelles JF"}}]},{"@type":"Organization","@id":"https:\/\/www.feuerwehr-volkmarode.de\/#organization","name":"Freiwillige Feuerwehr Volkmarode","description":"#OF33","url":"https:\/\/www.feuerwehr-volkmarode.de\/"},{"@type":"Person","@id":"https:\/\/www.feuerwehr-volkmarode.de\/?author=3#author","url":"https:\/\/www.feuerwehr-volkmarode.de\/?author=3","name":"Claa\u00dfen"},{"@type":"WebPage","@id":"https:\/\/www.feuerwehr-volkmarode.de\/?p=49117#webpage","url":"https:\/\/www.feuerwehr-volkmarode.de\/?p=49117","name":"Endlich geht\u00b4s wieder los - Freiwillige Feuerwehr Volkmarode","description":"Lang nicht mehr gesehen und doch alle wiedererkannt! Die Freude war gro\u00df, als wir uns am vergangenen Freitag nach 6 Monaten Pause wiedersehen konnten. Nach einer ausf\u00fchrlichen Belehrung und einem Check, ob denn noch alle Teile der Uniform passen, starteten wir mit der Wiederholung der FwDV 3 am Fahrzeug. Wir sind froh, uns nun wieder regelm\u00e4\u00dfig sehen zu","inLanguage":"de-DE","isPartOf":{"@id":"https:\/\/www.feuerwehr-volkmarode.de\/#website"},"breadcrumb":{"@id":"https:\/\/www.feuerwehr-volkmarode.de\/?p=49117#breadcrumblist"},"author":{"@id":"https:\/\/www.feuerwehr-volkmarode.de\/?author=3#author"},"creator":{"@id":"https:\/\/www.feuerwehr-volkmarode.de\/?author=3#author"},"datePublished":"2020-09-07T20:22:05+02:00","dateModified":"2020-09-08T20:40:47+02:00"},{"@type":"WebSite","@id":"https:\/\/www.feuerwehr-volkmarode.de\/#website","url":"https:\/\/www.feuerwehr-volkmarode.de\/","name":"Freiwillige Feuerwehr Volkmarode","description":"#OF33","inLanguage":"de-DE","publisher":{"@id":"https:\/\/www.feuerwehr-volkmarode.de\/#organization"}}]},"og:locale":"de_DE","og:site_name":"Freiwillige Feuerwehr Volkmarode - #OF33","og:type":"article","og:title":"Endlich geht\u00b4s wieder los - Freiwillige Feuerwehr Volkmarode","og:description":"Lang nicht mehr gesehen und doch alle wiedererkannt! Die Freude war gro\u00df, als wir uns am vergangenen Freitag nach 6 Monaten Pause wiedersehen konnten. Nach einer ausf\u00fchrlichen Belehrung und einem Check, ob denn noch alle Teile der Uniform passen, starteten wir mit der Wiederholung der FwDV 3 am Fahrzeug. Wir sind froh, uns nun wieder regelm\u00e4\u00dfig sehen zu","og:url":"https:\/\/www.feuerwehr-volkmarode.de\/?p=49117","article:published_time":"2020-09-07T18:22:05+00:00","article:modified_time":"2020-09-08T18:40:47+00:00","twitter:card":"summary_large_image","twitter:title":"Endlich geht\u00b4s wieder los - Freiwillige Feuerwehr Volkmarode","twitter:description":"Lang nicht mehr gesehen und doch alle wiedererkannt! Die Freude war gro\u00df, als wir uns am vergangenen Freitag nach 6 Monaten Pause wiedersehen konnten. Nach einer ausf\u00fchrlichen Belehrung und einem Check, ob denn noch alle Teile der Uniform passen, starteten wir mit der Wiederholung der FwDV 3 am Fahrzeug. Wir sind froh, uns nun wieder regelm\u00e4\u00dfig sehen zu"},"aioseo_meta_data":{"post_id":"49117","title":null,"description":null,"keywords":null,"keyphrases":null,"primary_term":null,"canonical_url":null,"og_title":null,"og_description":null,"og_object_type":"default","og_image_type":"default","og_image_url":null,"og_image_width":null,"og_image_height":null,"og_image_custom_url":null,"og_image_custom_fields":null,"og_video":null,"og_custom_url":null,"og_article_section":null,"og_article_tags":null,"twitter_use_og":false,"twitter_card":"default","twitter_image_type":"default","twitter_image_url":null,"twitter_image_custom_url":null,"twitter_image_custom_fields":null,"twitter_title":null,"twitter_description":null,"schema":{"blockGraphs":[],"customGraphs":[],"default":{"data":{"Article":[],"Course":[],"Dataset":[],"FAQPage":[],"Movie":[],"Person":[],"Product":[],"ProductReview":[],"Car":[],"Recipe":[],"Service":[],"SoftwareApplication":[],"WebPage":[]},"graphName":"","isEnabled":true},"graphs":[]},"schema_type":"default","schema_type_options":null,"pillar_content":false,"robots_default":true,"robots_noindex":false,"robots_noarchive":false,"robots_nosnippet":false,"robots_nofollow":false,"robots_noimageindex":false,"robots_noodp":false,"robots_notranslate":false,"robots_max_snippet":null,"robots_max_videopreview":null,"robots_max_imagepreview":"large","priority":null,"frequency":null,"local_seo":null,"breadcrumb_settings":null,"limit_modified_date":false,"ai":null,"created":"2025-11-19 19:12:22","updated":"2025-11-19 19:12:22","focus_keyword":null,"additional_keywords":null,"truseo_locale":null,"seo_analyzer_scan_date":null},"aioseo_breadcrumb":"<div class=\"aioseo-breadcrumbs\"><span class=\"aioseo-breadcrumb\">\n\t\t\t<a href=\"https:\/\/www.feuerwehr-volkmarode.de\" title=\"Home\">Home<\/a>\n\t\t<\/span><span class=\"aioseo-breadcrumb-separator\">&raquo;<\/span><span class=\"aioseo-breadcrumb\">\n\t\t\t<a href=\"https:\/\/www.feuerwehr-volkmarode.de\/?cat=143\" title=\"Aktuelles JF\">Aktuelles JF<\/a>\n\t\t<\/span><span class=\"aioseo-breadcrumb-separator\">&raquo;<\/span><span class=\"aioseo-breadcrumb\">\n\t\t\tEndlich geht\u00b4s wieder los\n\t\t<\/span><\/div>","aioseo_breadcrumb_json":[{"label":"Home","link":"https:\/\/www.feuerwehr-volkmarode.de"},{"label":"Aktuelles JF","link":"https:\/\/www.feuerwehr-volkmarode.de\/?cat=143"},{"label":"Endlich geht\u00b4s wieder los","link":"https:\/\/www.feuerwehr-volkmarode.de\/?p=49117"}],"jetpack_featured_media_url":"","jetpack_publicize_connections":[],"jetpack_sharing_enabled":true,"_links":{"self":[{"href":"https:\/\/www.feuerwehr-volkmarode.de\/index.php?rest_route=\/wp\/v2\/posts\/49117","targetHints":{"allow":["GET"]}}],"collection":[{"href":"https:\/\/www.feuerwehr-volkmarode.de\/index.php?rest_route=\/wp\/v2\/posts"}],"about":[{"href":"https:\/\/www.feuerwehr-volkmarode.de\/index.php?rest_route=\/wp\/v2\/types\/post"}],"author":[{"embeddable":true,"href":"https:\/\/www.feuerwehr-volkmarode.de\/index.php?rest_route=\/wp\/v2\/users\/3"}],"replies":[{"embeddable":true,"href":"https:\/\/www.feuerwehr-volkmarode.de\/index.php?rest_route=%2Fwp%2Fv2%2Fcomments&post=49117"}],"version-history":[{"count":14,"href":"https:\/\/www.feuerwehr-volkmarode.de\/index.php?rest_route=\/wp\/v2\/posts\/49117\/revisions"}],"predecessor-version":[{"id":49159,"href":"https:\/\/www.feuerwehr-volkmarode.de\/index.php?rest_route=\/wp\/v2\/posts\/49117\/revisions\/49159"}],"wp:attachment":[{"href":"https:\/\/www.feuerwehr-volkmarode.de\/index.php?rest_route=%2Fwp%2Fv2%2Fmedia&parent=49117"}],"wp:term":[{"taxonomy":"category","embeddable":true,"href":"https:\/\/www.feuerwehr-volkmarode.de\/index.php?rest_route=%2Fwp%2Fv2%2Fcategories&post=49117"},{"taxonomy":"post_tag","embeddable":true,"href":"https:\/\/www.feuerwehr-volkmarode.de\/index.php?rest_route=%2Fwp%2Fv2%2Ftags&post=49117"}],"curies":[{"name":"wp","href":"https:\/\/api.w.org\/{rel}","templated":true}]}}