{"id":48972,"date":"2020-04-04T21:39:09","date_gmt":"2020-04-04T19:39:09","guid":{"rendered":"http:\/\/www.feuerwehr-volkmarode.de\/?p=48972"},"modified":"2020-08-21T20:36:56","modified_gmt":"2020-08-21T18:36:56","slug":"maibaumabsage-2020","status":"publish","type":"post","link":"https:\/\/www.feuerwehr-volkmarode.de\/?p=48972","title":{"rendered":"Maibaumabsage 2020"},"content":{"rendered":"<p><\/p>\n<p class=\"has-text-align-left wp-block-paragraph\"><strong>Liebe Volkmaroder, liebe Freunde,&nbsp;<br><\/strong><br>normalerweise w\u00fcrdet ihr hier einen Artikel \u00fcber unseren Maibaum und seine Aufstellung lesen. Dieses Jahr jedoch l\u00e4uft alles anders, als wir es uns zu Beginn des Jahres gedacht haben. Wir mussten unsere geliebte Maibaumaufstellung zu Ihrem und zu unserem eigenen Schutz absagen. Auch wenn wir ziemlich traurig dar\u00fcber gewesen sind, wissen wir, dass es die bestm\u00f6gliche Entscheidung war. Umso mehr <!--more-->k\u00f6nnen wir uns aufkommende gemeinsame Veranstaltungen mit Ihnen freuen. Mit der Absage der Maibaumaufstellung einher ging, dass wir sowohl den Dienstbetrieb der Jugendfeuerwehr als auch den Dienstbetrieb der aktiven Abteilung unserer Feuerwehr bis auf weiteres einstellen mussten. In der Zeit, die wir nun Zuhause verbrachten, nahmen wir an der sogenannten <em>\u201e#stayathome<\/em>\u201c Challenge teil. Diese Challenge wurde von unseren Braunschweiger Kameraden aus <a href=\"https:\/\/www.feuerwehr-melverode.de\/\" target=\"_blank\" rel=\"noreferrer noopener\">Melverode <\/a>ins Leben gerufen und ging im Internet viral und wurde von Feuerwehren in ganz Deutschland individuell umgesetzt.<\/p>\n<p> <\/p>\n<figure class=\"wp-block-image size-large is-resized is-style-default\"><img loading=\"lazy\" decoding=\"async\" class=\"wp-image-48977\" src=\"http:\/\/www.feuerwehr-volkmarode.de\/wp-content\/uploads\/2020\/08\/IMG_1A7B4F6CA1D0-1-1-4.jpeg\" alt=\"\" width=\"375\" height=\"279\"><\/figure>\n<p> <\/p>\n<p class=\"wp-block-paragraph\">&nbsp;<\/p>\n<p> <\/p>\n<p class=\"wp-block-paragraph\">Unser Ergebnis k\u00f6nnen Sie auf dem unteren Bild sehen. Wir wollen nun auch nicht noch mehr Worte \u00fcber die Pandemie verlieren, da Sie davon in den letzten Monaten sicherlich genug geh\u00f6rt haben, au\u00dfer die Bitte: Helfen Sie sich einander und bleiben Sie gesund, denn nur dann k\u00f6nnen wir uns 2021 zur Maibaumaufstellung wiedersehen!<\/p>\n<p><\/p>\n\n\n<p class=\"wp-block-paragraph\"><\/p>\n\n\n\n<p class=\"wp-block-paragraph\"><\/p>\n","protected":false},"excerpt":{"rendered":"<p>Liebe Volkmaroder, liebe Freunde,&nbsp;normalerweise w\u00fcrdet ihr hier einen Artikel \u00fcber unseren Maibaum und seine Aufstellung lesen. Dieses Jahr jedoch l\u00e4uft alles anders, als wir es uns zu Beginn des Jahres gedacht haben. Wir mussten unsere geliebte Maibaumaufstellung zu Ihrem und zu unserem eigenen Schutz absagen. Auch wenn wir ziemlich traurig dar\u00fcber gewesen sind, wissen wir, [&hellip;]<\/p>\n","protected":false},"author":3,"featured_media":30348,"comment_status":"closed","ping_status":"open","sticky":false,"template":"","format":"standard","meta":{"_monsterinsights_skip_tracking":false,"spay_email":"","footnotes":"","jetpack_publicize_message":"","jetpack_is_tweetstorm":false,"jetpack_publicize_feature_enabled":true},"categories":[1],"tags":[],"class_list":["post-48972","post","type-post","status-publish","format-standard","has-post-thumbnail","hentry","category-aktuelles"],"aioseo_notices":[],"aioseo_head":"\n\t\t<!-- All in One SEO 5.0.0.1 - aioseo.com -->\n\t<meta name=\"description\" content=\"Liebe Volkmaroder, liebe Freunde, normalerweise w\u00fcrdet ihr hier einen Artikel \u00fcber unseren Maibaum und seine Aufstellung lesen. Dieses Jahr jedoch l\u00e4uft alles anders, als wir es uns zu Beginn des Jahres gedacht haben. Wir mussten unsere geliebte Maibaumaufstellung zu Ihrem und zu unserem eigenen Schutz absagen. Auch wenn wir ziemlich traurig dar\u00fcber gewesen sind, wissen wir,\" \/>\n\t<meta name=\"robots\" content=\"max-image-preview:large\" \/>\n\t<meta name=\"author\" content=\"Claa\u00dfen\"\/>\n\t<link rel=\"canonical\" href=\"https:\/\/www.feuerwehr-volkmarode.de\/?p=48972\" \/>\n\t<meta name=\"generator\" content=\"All in One SEO (AIOSEO) 5.0.0.1\" \/>\n\t\t<meta property=\"og:locale\" content=\"de_DE\" \/>\n\t\t<meta property=\"og:site_name\" content=\"Freiwillige Feuerwehr Volkmarode - #OF33\" \/>\n\t\t<meta property=\"og:type\" content=\"article\" \/>\n\t\t<meta property=\"og:title\" content=\"Maibaumabsage 2020 - Freiwillige Feuerwehr Volkmarode\" \/>\n\t\t<meta property=\"og:description\" content=\"Liebe Volkmaroder, liebe Freunde, normalerweise w\u00fcrdet ihr hier einen Artikel \u00fcber unseren Maibaum und seine Aufstellung lesen. Dieses Jahr jedoch l\u00e4uft alles anders, als wir es uns zu Beginn des Jahres gedacht haben. Wir mussten unsere geliebte Maibaumaufstellung zu Ihrem und zu unserem eigenen Schutz absagen. Auch wenn wir ziemlich traurig dar\u00fcber gewesen sind, wissen wir,\" \/>\n\t\t<meta property=\"og:url\" content=\"https:\/\/www.feuerwehr-volkmarode.de\/?p=48972\" \/>\n\t\t<meta property=\"article:published_time\" content=\"2020-04-04T19:39:09+00:00\" \/>\n\t\t<meta property=\"article:modified_time\" content=\"2020-08-21T18:36:56+00:00\" \/>\n\t\t<meta name=\"twitter:card\" content=\"summary_large_image\" \/>\n\t\t<meta name=\"twitter:title\" content=\"Maibaumabsage 2020 - Freiwillige Feuerwehr Volkmarode\" \/>\n\t\t<meta name=\"twitter:description\" content=\"Liebe Volkmaroder, liebe Freunde, normalerweise w\u00fcrdet ihr hier einen Artikel \u00fcber unseren Maibaum und seine Aufstellung lesen. Dieses Jahr jedoch l\u00e4uft alles anders, als wir es uns zu Beginn des Jahres gedacht haben. Wir mussten unsere geliebte Maibaumaufstellung zu Ihrem und zu unserem eigenen Schutz absagen. Auch wenn wir ziemlich traurig dar\u00fcber gewesen sind, wissen wir,\" \/>\n\t\t<script type=\"application\/ld+json\" class=\"aioseo-schema\">\n\t\t\t{\"@context\":\"https:\\\/\\\/schema.org\",\"@graph\":[{\"@type\":\"BlogPosting\",\"@id\":\"https:\\\/\\\/www.feuerwehr-volkmarode.de\\\/?p=48972#blogposting\",\"name\":\"Maibaumabsage 2020 - Freiwillige Feuerwehr Volkmarode\",\"headline\":\"Maibaumabsage 2020\",\"author\":{\"@id\":\"https:\\\/\\\/www.feuerwehr-volkmarode.de\\\/?author=3#author\"},\"publisher\":{\"@id\":\"https:\\\/\\\/www.feuerwehr-volkmarode.de\\\/#organization\"},\"image\":{\"@type\":\"ImageObject\",\"url\":\"https:\\\/\\\/www.feuerwehr-volkmarode.de\\\/wp-content\\\/uploads\\\/2020\\\/04\\\/91473261_2618273301753291_1940463050351968256_n-e1597693230445.jpg\",\"width\":300,\"height\":225},\"datePublished\":\"2020-04-04T21:39:09+02:00\",\"dateModified\":\"2020-08-21T20:36:56+02:00\",\"inLanguage\":\"de-DE\",\"mainEntityOfPage\":{\"@id\":\"https:\\\/\\\/www.feuerwehr-volkmarode.de\\\/?p=48972#webpage\"},\"isPartOf\":{\"@id\":\"https:\\\/\\\/www.feuerwehr-volkmarode.de\\\/?p=48972#webpage\"},\"articleSection\":\"Aktuelles\"},{\"@type\":\"BreadcrumbList\",\"@id\":\"https:\\\/\\\/www.feuerwehr-volkmarode.de\\\/?p=48972#breadcrumblist\",\"itemListElement\":[{\"@type\":\"ListItem\",\"@id\":\"https:\\\/\\\/www.feuerwehr-volkmarode.de#listItem\",\"position\":1,\"name\":\"Home\",\"item\":\"https:\\\/\\\/www.feuerwehr-volkmarode.de\",\"nextItem\":{\"@type\":\"ListItem\",\"@id\":\"https:\\\/\\\/www.feuerwehr-volkmarode.de\\\/?cat=1#listItem\",\"name\":\"Aktuelles\"}},{\"@type\":\"ListItem\",\"@id\":\"https:\\\/\\\/www.feuerwehr-volkmarode.de\\\/?cat=1#listItem\",\"position\":2,\"name\":\"Aktuelles\",\"item\":\"https:\\\/\\\/www.feuerwehr-volkmarode.de\\\/?cat=1\",\"nextItem\":{\"@type\":\"ListItem\",\"@id\":\"https:\\\/\\\/www.feuerwehr-volkmarode.de\\\/?p=48972#listItem\",\"name\":\"Maibaumabsage 2020\"},\"previousItem\":{\"@type\":\"ListItem\",\"@id\":\"https:\\\/\\\/www.feuerwehr-volkmarode.de#listItem\",\"name\":\"Home\"}},{\"@type\":\"ListItem\",\"@id\":\"https:\\\/\\\/www.feuerwehr-volkmarode.de\\\/?p=48972#listItem\",\"position\":3,\"name\":\"Maibaumabsage 2020\",\"previousItem\":{\"@type\":\"ListItem\",\"@id\":\"https:\\\/\\\/www.feuerwehr-volkmarode.de\\\/?cat=1#listItem\",\"name\":\"Aktuelles\"}}]},{\"@type\":\"Organization\",\"@id\":\"https:\\\/\\\/www.feuerwehr-volkmarode.de\\\/#organization\",\"name\":\"Freiwillige Feuerwehr Volkmarode\",\"description\":\"#OF33\",\"url\":\"https:\\\/\\\/www.feuerwehr-volkmarode.de\\\/\"},{\"@type\":\"Person\",\"@id\":\"https:\\\/\\\/www.feuerwehr-volkmarode.de\\\/?author=3#author\",\"url\":\"https:\\\/\\\/www.feuerwehr-volkmarode.de\\\/?author=3\",\"name\":\"Claa\\u00dfen\"},{\"@type\":\"WebPage\",\"@id\":\"https:\\\/\\\/www.feuerwehr-volkmarode.de\\\/?p=48972#webpage\",\"url\":\"https:\\\/\\\/www.feuerwehr-volkmarode.de\\\/?p=48972\",\"name\":\"Maibaumabsage 2020 - Freiwillige Feuerwehr Volkmarode\",\"description\":\"Liebe Volkmaroder, liebe Freunde, normalerweise w\\u00fcrdet ihr hier einen Artikel \\u00fcber unseren Maibaum und seine Aufstellung lesen. Dieses Jahr jedoch l\\u00e4uft alles anders, als wir es uns zu Beginn des Jahres gedacht haben. Wir mussten unsere geliebte Maibaumaufstellung zu Ihrem und zu unserem eigenen Schutz absagen. Auch wenn wir ziemlich traurig dar\\u00fcber gewesen sind, wissen wir,\",\"inLanguage\":\"de-DE\",\"isPartOf\":{\"@id\":\"https:\\\/\\\/www.feuerwehr-volkmarode.de\\\/#website\"},\"breadcrumb\":{\"@id\":\"https:\\\/\\\/www.feuerwehr-volkmarode.de\\\/?p=48972#breadcrumblist\"},\"author\":{\"@id\":\"https:\\\/\\\/www.feuerwehr-volkmarode.de\\\/?author=3#author\"},\"creator\":{\"@id\":\"https:\\\/\\\/www.feuerwehr-volkmarode.de\\\/?author=3#author\"},\"image\":{\"@type\":\"ImageObject\",\"url\":\"https:\\\/\\\/www.feuerwehr-volkmarode.de\\\/wp-content\\\/uploads\\\/2020\\\/04\\\/91473261_2618273301753291_1940463050351968256_n-e1597693230445.jpg\",\"@id\":\"https:\\\/\\\/www.feuerwehr-volkmarode.de\\\/?p=48972\\\/#mainImage\",\"width\":300,\"height\":225},\"primaryImageOfPage\":{\"@id\":\"https:\\\/\\\/www.feuerwehr-volkmarode.de\\\/?p=48972#mainImage\"},\"datePublished\":\"2020-04-04T21:39:09+02:00\",\"dateModified\":\"2020-08-21T20:36:56+02:00\"},{\"@type\":\"WebSite\",\"@id\":\"https:\\\/\\\/www.feuerwehr-volkmarode.de\\\/#website\",\"url\":\"https:\\\/\\\/www.feuerwehr-volkmarode.de\\\/\",\"name\":\"Freiwillige Feuerwehr Volkmarode\",\"description\":\"#OF33\",\"inLanguage\":\"de-DE\",\"publisher\":{\"@id\":\"https:\\\/\\\/www.feuerwehr-volkmarode.de\\\/#organization\"}}]}\n\t\t<\/script>\n\t\t<!-- All in One SEO -->\n\n","aioseo_head_json":{"title":"Maibaumabsage 2020 - Freiwillige Feuerwehr Volkmarode","description":"Liebe Volkmaroder, liebe Freunde, normalerweise w\u00fcrdet ihr hier einen Artikel \u00fcber unseren Maibaum und seine Aufstellung lesen. Dieses Jahr jedoch l\u00e4uft alles anders, als wir es uns zu Beginn des Jahres gedacht haben. Wir mussten unsere geliebte Maibaumaufstellung zu Ihrem und zu unserem eigenen Schutz absagen. Auch wenn wir ziemlich traurig dar\u00fcber gewesen sind, wissen wir,","canonical_url":"https:\/\/www.feuerwehr-volkmarode.de\/?p=48972","robots":"max-image-preview:large","keywords":"","webmasterTools":{"miscellaneous":""},"schema":{"@context":"https:\/\/schema.org","@graph":[{"@type":"BlogPosting","@id":"https:\/\/www.feuerwehr-volkmarode.de\/?p=48972#blogposting","name":"Maibaumabsage 2020 - Freiwillige Feuerwehr Volkmarode","headline":"Maibaumabsage 2020","author":{"@id":"https:\/\/www.feuerwehr-volkmarode.de\/?author=3#author"},"publisher":{"@id":"https:\/\/www.feuerwehr-volkmarode.de\/#organization"},"image":{"@type":"ImageObject","url":"https:\/\/www.feuerwehr-volkmarode.de\/wp-content\/uploads\/2020\/04\/91473261_2618273301753291_1940463050351968256_n-e1597693230445.jpg","width":300,"height":225},"datePublished":"2020-04-04T21:39:09+02:00","dateModified":"2020-08-21T20:36:56+02:00","inLanguage":"de-DE","mainEntityOfPage":{"@id":"https:\/\/www.feuerwehr-volkmarode.de\/?p=48972#webpage"},"isPartOf":{"@id":"https:\/\/www.feuerwehr-volkmarode.de\/?p=48972#webpage"},"articleSection":"Aktuelles"},{"@type":"BreadcrumbList","@id":"https:\/\/www.feuerwehr-volkmarode.de\/?p=48972#breadcrumblist","itemListElement":[{"@type":"ListItem","@id":"https:\/\/www.feuerwehr-volkmarode.de#listItem","position":1,"name":"Home","item":"https:\/\/www.feuerwehr-volkmarode.de","nextItem":{"@type":"ListItem","@id":"https:\/\/www.feuerwehr-volkmarode.de\/?cat=1#listItem","name":"Aktuelles"}},{"@type":"ListItem","@id":"https:\/\/www.feuerwehr-volkmarode.de\/?cat=1#listItem","position":2,"name":"Aktuelles","item":"https:\/\/www.feuerwehr-volkmarode.de\/?cat=1","nextItem":{"@type":"ListItem","@id":"https:\/\/www.feuerwehr-volkmarode.de\/?p=48972#listItem","name":"Maibaumabsage 2020"},"previousItem":{"@type":"ListItem","@id":"https:\/\/www.feuerwehr-volkmarode.de#listItem","name":"Home"}},{"@type":"ListItem","@id":"https:\/\/www.feuerwehr-volkmarode.de\/?p=48972#listItem","position":3,"name":"Maibaumabsage 2020","previousItem":{"@type":"ListItem","@id":"https:\/\/www.feuerwehr-volkmarode.de\/?cat=1#listItem","name":"Aktuelles"}}]},{"@type":"Organization","@id":"https:\/\/www.feuerwehr-volkmarode.de\/#organization","name":"Freiwillige Feuerwehr Volkmarode","description":"#OF33","url":"https:\/\/www.feuerwehr-volkmarode.de\/"},{"@type":"Person","@id":"https:\/\/www.feuerwehr-volkmarode.de\/?author=3#author","url":"https:\/\/www.feuerwehr-volkmarode.de\/?author=3","name":"Claa\u00dfen"},{"@type":"WebPage","@id":"https:\/\/www.feuerwehr-volkmarode.de\/?p=48972#webpage","url":"https:\/\/www.feuerwehr-volkmarode.de\/?p=48972","name":"Maibaumabsage 2020 - Freiwillige Feuerwehr Volkmarode","description":"Liebe Volkmaroder, liebe Freunde, normalerweise w\u00fcrdet ihr hier einen Artikel \u00fcber unseren Maibaum und seine Aufstellung lesen. Dieses Jahr jedoch l\u00e4uft alles anders, als wir es uns zu Beginn des Jahres gedacht haben. Wir mussten unsere geliebte Maibaumaufstellung zu Ihrem und zu unserem eigenen Schutz absagen. Auch wenn wir ziemlich traurig dar\u00fcber gewesen sind, wissen wir,","inLanguage":"de-DE","isPartOf":{"@id":"https:\/\/www.feuerwehr-volkmarode.de\/#website"},"breadcrumb":{"@id":"https:\/\/www.feuerwehr-volkmarode.de\/?p=48972#breadcrumblist"},"author":{"@id":"https:\/\/www.feuerwehr-volkmarode.de\/?author=3#author"},"creator":{"@id":"https:\/\/www.feuerwehr-volkmarode.de\/?author=3#author"},"image":{"@type":"ImageObject","url":"https:\/\/www.feuerwehr-volkmarode.de\/wp-content\/uploads\/2020\/04\/91473261_2618273301753291_1940463050351968256_n-e1597693230445.jpg","@id":"https:\/\/www.feuerwehr-volkmarode.de\/?p=48972\/#mainImage","width":300,"height":225},"primaryImageOfPage":{"@id":"https:\/\/www.feuerwehr-volkmarode.de\/?p=48972#mainImage"},"datePublished":"2020-04-04T21:39:09+02:00","dateModified":"2020-08-21T20:36:56+02:00"},{"@type":"WebSite","@id":"https:\/\/www.feuerwehr-volkmarode.de\/#website","url":"https:\/\/www.feuerwehr-volkmarode.de\/","name":"Freiwillige Feuerwehr Volkmarode","description":"#OF33","inLanguage":"de-DE","publisher":{"@id":"https:\/\/www.feuerwehr-volkmarode.de\/#organization"}}]},"og:locale":"de_DE","og:site_name":"Freiwillige Feuerwehr Volkmarode - #OF33","og:type":"article","og:title":"Maibaumabsage 2020 - Freiwillige Feuerwehr Volkmarode","og:description":"Liebe Volkmaroder, liebe Freunde, normalerweise w\u00fcrdet ihr hier einen Artikel \u00fcber unseren Maibaum und seine Aufstellung lesen. Dieses Jahr jedoch l\u00e4uft alles anders, als wir es uns zu Beginn des Jahres gedacht haben. Wir mussten unsere geliebte Maibaumaufstellung zu Ihrem und zu unserem eigenen Schutz absagen. Auch wenn wir ziemlich traurig dar\u00fcber gewesen sind, wissen wir,","og:url":"https:\/\/www.feuerwehr-volkmarode.de\/?p=48972","article:published_time":"2020-04-04T19:39:09+00:00","article:modified_time":"2020-08-21T18:36:56+00:00","twitter:card":"summary_large_image","twitter:title":"Maibaumabsage 2020 - Freiwillige Feuerwehr Volkmarode","twitter:description":"Liebe Volkmaroder, liebe Freunde, normalerweise w\u00fcrdet ihr hier einen Artikel \u00fcber unseren Maibaum und seine Aufstellung lesen. Dieses Jahr jedoch l\u00e4uft alles anders, als wir es uns zu Beginn des Jahres gedacht haben. Wir mussten unsere geliebte Maibaumaufstellung zu Ihrem und zu unserem eigenen Schutz absagen. Auch wenn wir ziemlich traurig dar\u00fcber gewesen sind, wissen wir,"},"aioseo_meta_data":{"post_id":"48972","title":null,"description":null,"keywords":null,"keyphrases":null,"primary_term":null,"canonical_url":null,"og_title":null,"og_description":null,"og_object_type":"default","og_image_type":"default","og_image_url":null,"og_image_width":null,"og_image_height":null,"og_image_custom_url":null,"og_image_custom_fields":null,"og_video":null,"og_custom_url":null,"og_article_section":null,"og_article_tags":null,"twitter_use_og":false,"twitter_card":"default","twitter_image_type":"default","twitter_image_url":null,"twitter_image_custom_url":null,"twitter_image_custom_fields":null,"twitter_title":null,"twitter_description":null,"schema":{"blockGraphs":[],"customGraphs":[],"default":{"data":{"Article":[],"Course":[],"Dataset":[],"FAQPage":[],"Movie":[],"Person":[],"Product":[],"ProductReview":[],"Car":[],"Recipe":[],"Service":[],"SoftwareApplication":[],"WebPage":[]},"graphName":"","isEnabled":true},"graphs":[]},"schema_type":"default","schema_type_options":null,"pillar_content":false,"robots_default":true,"robots_noindex":false,"robots_noarchive":false,"robots_nosnippet":false,"robots_nofollow":false,"robots_noimageindex":false,"robots_noodp":false,"robots_notranslate":false,"robots_max_snippet":null,"robots_max_videopreview":null,"robots_max_imagepreview":"large","priority":null,"frequency":null,"local_seo":null,"breadcrumb_settings":null,"limit_modified_date":false,"ai":null,"created":"2025-11-19 19:12:22","updated":"2025-11-19 19:12:22","focus_keyword":null,"additional_keywords":null,"truseo_locale":null,"seo_analyzer_scan_date":null},"aioseo_breadcrumb":"<div class=\"aioseo-breadcrumbs\"><span class=\"aioseo-breadcrumb\">\n\t\t\t<a href=\"https:\/\/www.feuerwehr-volkmarode.de\" title=\"Home\">Home<\/a>\n\t\t<\/span><span class=\"aioseo-breadcrumb-separator\">&raquo;<\/span><span class=\"aioseo-breadcrumb\">\n\t\t\t<a href=\"https:\/\/www.feuerwehr-volkmarode.de\/?cat=1\" title=\"Aktuelles\">Aktuelles<\/a>\n\t\t<\/span><span class=\"aioseo-breadcrumb-separator\">&raquo;<\/span><span class=\"aioseo-breadcrumb\">\n\t\t\tMaibaumabsage 2020\n\t\t<\/span><\/div>","aioseo_breadcrumb_json":[{"label":"Home","link":"https:\/\/www.feuerwehr-volkmarode.de"},{"label":"Aktuelles","link":"https:\/\/www.feuerwehr-volkmarode.de\/?cat=1"},{"label":"Maibaumabsage 2020","link":"https:\/\/www.feuerwehr-volkmarode.de\/?p=48972"}],"jetpack_featured_media_url":"https:\/\/www.feuerwehr-volkmarode.de\/wp-content\/uploads\/2020\/04\/91473261_2618273301753291_1940463050351968256_n-e1597693230445.jpg","jetpack_publicize_connections":[],"jetpack_sharing_enabled":true,"_links":{"self":[{"href":"https:\/\/www.feuerwehr-volkmarode.de\/index.php?rest_route=\/wp\/v2\/posts\/48972","targetHints":{"allow":["GET"]}}],"collection":[{"href":"https:\/\/www.feuerwehr-volkmarode.de\/index.php?rest_route=\/wp\/v2\/posts"}],"about":[{"href":"https:\/\/www.feuerwehr-volkmarode.de\/index.php?rest_route=\/wp\/v2\/types\/post"}],"author":[{"embeddable":true,"href":"https:\/\/www.feuerwehr-volkmarode.de\/index.php?rest_route=\/wp\/v2\/users\/3"}],"replies":[{"embeddable":true,"href":"https:\/\/www.feuerwehr-volkmarode.de\/index.php?rest_route=%2Fwp%2Fv2%2Fcomments&post=48972"}],"version-history":[{"count":4,"href":"https:\/\/www.feuerwehr-volkmarode.de\/index.php?rest_route=\/wp\/v2\/posts\/48972\/revisions"}],"predecessor-version":[{"id":48990,"href":"https:\/\/www.feuerwehr-volkmarode.de\/index.php?rest_route=\/wp\/v2\/posts\/48972\/revisions\/48990"}],"wp:featuredmedia":[{"embeddable":true,"href":"https:\/\/www.feuerwehr-volkmarode.de\/index.php?rest_route=\/wp\/v2\/media\/30348"}],"wp:attachment":[{"href":"https:\/\/www.feuerwehr-volkmarode.de\/index.php?rest_route=%2Fwp%2Fv2%2Fmedia&parent=48972"}],"wp:term":[{"taxonomy":"category","embeddable":true,"href":"https:\/\/www.feuerwehr-volkmarode.de\/index.php?rest_route=%2Fwp%2Fv2%2Fcategories&post=48972"},{"taxonomy":"post_tag","embeddable":true,"href":"https:\/\/www.feuerwehr-volkmarode.de\/index.php?rest_route=%2Fwp%2Fv2%2Ftags&post=48972"}],"curies":[{"name":"wp","href":"https:\/\/api.w.org\/{rel}","templated":true}]}}