{"id":48954,"date":"2020-04-16T15:18:01","date_gmt":"2020-04-16T13:18:01","guid":{"rendered":"http:\/\/www.feuerwehr-volkmarode.de\/?p=48954"},"modified":"2020-08-21T20:27:18","modified_gmt":"2020-08-21T18:27:18","slug":"dienstausfall-aufgrund-von-covid-19","status":"publish","type":"post","link":"https:\/\/www.feuerwehr-volkmarode.de\/?p=48954","title":{"rendered":"Dienstausfall aufgrund von Covid-19"},"content":{"rendered":"\n<p class=\"wp-block-paragraph\">Aufgrund der aktuellen Lage findet  vorerst kein Dienst der Jugendfeuerwehr Volkmarode statt. Das ist sehr schade &#8211; aber wir freuen uns schon darauf, hoffentlich bald wieder gemeinsam \u00dcbungsdienste mit Euch durchf\u00fchren zu d\u00fcrfen.<\/p>\n\n\n\n<figure class=\"wp-block-image size-large is-resized is-style-default\"><img loading=\"lazy\" decoding=\"async\" src=\"http:\/\/www.feuerwehr-volkmarode.de\/wp-content\/uploads\/2020\/08\/IMG-20200817-WA0022.jpg\" alt=\"\" class=\"wp-image-48937\" width=\"512\" height=\"512\" srcset=\"https:\/\/www.feuerwehr-volkmarode.de\/wp-content\/uploads\/2020\/08\/IMG-20200817-WA0022.jpg 1024w, https:\/\/www.feuerwehr-volkmarode.de\/wp-content\/uploads\/2020\/08\/IMG-20200817-WA0022-300x300.jpg 300w, https:\/\/www.feuerwehr-volkmarode.de\/wp-content\/uploads\/2020\/08\/IMG-20200817-WA0022-150x150.jpg 150w, https:\/\/www.feuerwehr-volkmarode.de\/wp-content\/uploads\/2020\/08\/IMG-20200817-WA0022-768x767.jpg 768w\" sizes=\"auto, (max-width: 512px) 100vw, 512px\" \/><figcaption>(Das Bild entstand vor der Corona Zeit)<\/figcaption><\/figure>\n","protected":false},"excerpt":{"rendered":"<p>Aufgrund der aktuellen Lage findet vorerst kein Dienst der Jugendfeuerwehr Volkmarode statt. Das ist sehr schade &#8211; aber wir freuen uns schon darauf, hoffentlich bald wieder gemeinsam \u00dcbungsdienste mit Euch durchf\u00fchren zu d\u00fcrfen.<\/p>\n","protected":false},"author":3,"featured_media":0,"comment_status":"closed","ping_status":"open","sticky":false,"template":"","format":"standard","meta":{"_monsterinsights_skip_tracking":false,"spay_email":"","footnotes":"","jetpack_publicize_message":"","jetpack_is_tweetstorm":false,"jetpack_publicize_feature_enabled":true},"categories":[143],"tags":[],"class_list":["post-48954","post","type-post","status-publish","format-standard","hentry","category-aktuelles-jf"],"aioseo_notices":[],"aioseo_head":"\n\t\t<!-- All in One SEO 5.0.0.1 - aioseo.com -->\n\t<meta name=\"description\" content=\"Aufgrund der aktuellen Lage findet vorerst kein Dienst der Jugendfeuerwehr Volkmarode statt. Das ist sehr schade - aber wir freuen uns schon darauf, hoffentlich bald wieder gemeinsam \u00dcbungsdienste mit Euch durchf\u00fchren zu d\u00fcrfen.\" \/>\n\t<meta name=\"robots\" content=\"max-image-preview:large\" \/>\n\t<meta name=\"author\" content=\"Claa\u00dfen\"\/>\n\t<link rel=\"canonical\" href=\"https:\/\/www.feuerwehr-volkmarode.de\/?p=48954\" \/>\n\t<meta name=\"generator\" content=\"All in One SEO (AIOSEO) 5.0.0.1\" \/>\n\t\t<meta property=\"og:locale\" content=\"de_DE\" \/>\n\t\t<meta property=\"og:site_name\" content=\"Freiwillige Feuerwehr Volkmarode - #OF33\" \/>\n\t\t<meta property=\"og:type\" content=\"article\" \/>\n\t\t<meta property=\"og:title\" content=\"Dienstausfall aufgrund von Covid-19 - Freiwillige Feuerwehr Volkmarode\" \/>\n\t\t<meta property=\"og:description\" content=\"Aufgrund der aktuellen Lage findet vorerst kein Dienst der Jugendfeuerwehr Volkmarode statt. Das ist sehr schade - aber wir freuen uns schon darauf, hoffentlich bald wieder gemeinsam \u00dcbungsdienste mit Euch durchf\u00fchren zu d\u00fcrfen.\" \/>\n\t\t<meta property=\"og:url\" content=\"https:\/\/www.feuerwehr-volkmarode.de\/?p=48954\" \/>\n\t\t<meta property=\"article:published_time\" content=\"2020-04-16T13:18:01+00:00\" \/>\n\t\t<meta property=\"article:modified_time\" content=\"2020-08-21T18:27:18+00:00\" \/>\n\t\t<meta name=\"twitter:card\" content=\"summary_large_image\" \/>\n\t\t<meta name=\"twitter:title\" content=\"Dienstausfall aufgrund von Covid-19 - Freiwillige Feuerwehr Volkmarode\" \/>\n\t\t<meta name=\"twitter:description\" content=\"Aufgrund der aktuellen Lage findet vorerst kein Dienst der Jugendfeuerwehr Volkmarode statt. Das ist sehr schade - aber wir freuen uns schon darauf, hoffentlich bald wieder gemeinsam \u00dcbungsdienste mit Euch durchf\u00fchren zu d\u00fcrfen.\" \/>\n\t\t<script type=\"application\/ld+json\" class=\"aioseo-schema\">\n\t\t\t{\"@context\":\"https:\\\/\\\/schema.org\",\"@graph\":[{\"@type\":\"BlogPosting\",\"@id\":\"https:\\\/\\\/www.feuerwehr-volkmarode.de\\\/?p=48954#blogposting\",\"name\":\"Dienstausfall aufgrund von Covid-19 - Freiwillige Feuerwehr Volkmarode\",\"headline\":\"Dienstausfall aufgrund von Covid-19\",\"author\":{\"@id\":\"https:\\\/\\\/www.feuerwehr-volkmarode.de\\\/?author=3#author\"},\"publisher\":{\"@id\":\"https:\\\/\\\/www.feuerwehr-volkmarode.de\\\/#organization\"},\"image\":{\"@type\":\"ImageObject\",\"url\":\"https:\\\/\\\/www.feuerwehr-volkmarode.de\\\/wp-content\\\/uploads\\\/2020\\\/08\\\/IMG-20200817-WA0022.jpg\",\"@id\":\"https:\\\/\\\/www.feuerwehr-volkmarode.de\\\/?p=48954\\\/#articleImage\",\"width\":1024,\"height\":1023},\"datePublished\":\"2020-04-16T15:18:01+02:00\",\"dateModified\":\"2020-08-21T20:27:18+02:00\",\"inLanguage\":\"de-DE\",\"mainEntityOfPage\":{\"@id\":\"https:\\\/\\\/www.feuerwehr-volkmarode.de\\\/?p=48954#webpage\"},\"isPartOf\":{\"@id\":\"https:\\\/\\\/www.feuerwehr-volkmarode.de\\\/?p=48954#webpage\"},\"articleSection\":\"Aktuelles JF\"},{\"@type\":\"BreadcrumbList\",\"@id\":\"https:\\\/\\\/www.feuerwehr-volkmarode.de\\\/?p=48954#breadcrumblist\",\"itemListElement\":[{\"@type\":\"ListItem\",\"@id\":\"https:\\\/\\\/www.feuerwehr-volkmarode.de#listItem\",\"position\":1,\"name\":\"Home\",\"item\":\"https:\\\/\\\/www.feuerwehr-volkmarode.de\",\"nextItem\":{\"@type\":\"ListItem\",\"@id\":\"https:\\\/\\\/www.feuerwehr-volkmarode.de\\\/?cat=143#listItem\",\"name\":\"Aktuelles JF\"}},{\"@type\":\"ListItem\",\"@id\":\"https:\\\/\\\/www.feuerwehr-volkmarode.de\\\/?cat=143#listItem\",\"position\":2,\"name\":\"Aktuelles JF\",\"item\":\"https:\\\/\\\/www.feuerwehr-volkmarode.de\\\/?cat=143\",\"nextItem\":{\"@type\":\"ListItem\",\"@id\":\"https:\\\/\\\/www.feuerwehr-volkmarode.de\\\/?p=48954#listItem\",\"name\":\"Dienstausfall aufgrund von Covid-19\"},\"previousItem\":{\"@type\":\"ListItem\",\"@id\":\"https:\\\/\\\/www.feuerwehr-volkmarode.de#listItem\",\"name\":\"Home\"}},{\"@type\":\"ListItem\",\"@id\":\"https:\\\/\\\/www.feuerwehr-volkmarode.de\\\/?p=48954#listItem\",\"position\":3,\"name\":\"Dienstausfall aufgrund von Covid-19\",\"previousItem\":{\"@type\":\"ListItem\",\"@id\":\"https:\\\/\\\/www.feuerwehr-volkmarode.de\\\/?cat=143#listItem\",\"name\":\"Aktuelles JF\"}}]},{\"@type\":\"Organization\",\"@id\":\"https:\\\/\\\/www.feuerwehr-volkmarode.de\\\/#organization\",\"name\":\"Freiwillige Feuerwehr Volkmarode\",\"description\":\"#OF33\",\"url\":\"https:\\\/\\\/www.feuerwehr-volkmarode.de\\\/\"},{\"@type\":\"Person\",\"@id\":\"https:\\\/\\\/www.feuerwehr-volkmarode.de\\\/?author=3#author\",\"url\":\"https:\\\/\\\/www.feuerwehr-volkmarode.de\\\/?author=3\",\"name\":\"Claa\\u00dfen\"},{\"@type\":\"WebPage\",\"@id\":\"https:\\\/\\\/www.feuerwehr-volkmarode.de\\\/?p=48954#webpage\",\"url\":\"https:\\\/\\\/www.feuerwehr-volkmarode.de\\\/?p=48954\",\"name\":\"Dienstausfall aufgrund von Covid-19 - Freiwillige Feuerwehr Volkmarode\",\"description\":\"Aufgrund der aktuellen Lage findet vorerst kein Dienst der Jugendfeuerwehr Volkmarode statt. Das ist sehr schade - aber wir freuen uns schon darauf, hoffentlich bald wieder gemeinsam \\u00dcbungsdienste mit Euch durchf\\u00fchren zu d\\u00fcrfen.\",\"inLanguage\":\"de-DE\",\"isPartOf\":{\"@id\":\"https:\\\/\\\/www.feuerwehr-volkmarode.de\\\/#website\"},\"breadcrumb\":{\"@id\":\"https:\\\/\\\/www.feuerwehr-volkmarode.de\\\/?p=48954#breadcrumblist\"},\"author\":{\"@id\":\"https:\\\/\\\/www.feuerwehr-volkmarode.de\\\/?author=3#author\"},\"creator\":{\"@id\":\"https:\\\/\\\/www.feuerwehr-volkmarode.de\\\/?author=3#author\"},\"datePublished\":\"2020-04-16T15:18:01+02:00\",\"dateModified\":\"2020-08-21T20:27:18+02:00\"},{\"@type\":\"WebSite\",\"@id\":\"https:\\\/\\\/www.feuerwehr-volkmarode.de\\\/#website\",\"url\":\"https:\\\/\\\/www.feuerwehr-volkmarode.de\\\/\",\"name\":\"Freiwillige Feuerwehr Volkmarode\",\"description\":\"#OF33\",\"inLanguage\":\"de-DE\",\"publisher\":{\"@id\":\"https:\\\/\\\/www.feuerwehr-volkmarode.de\\\/#organization\"}}]}\n\t\t<\/script>\n\t\t<!-- All in One SEO -->\n\n","aioseo_head_json":{"title":"Dienstausfall aufgrund von Covid-19 - Freiwillige Feuerwehr Volkmarode","description":"Aufgrund der aktuellen Lage findet vorerst kein Dienst der Jugendfeuerwehr Volkmarode statt. Das ist sehr schade - aber wir freuen uns schon darauf, hoffentlich bald wieder gemeinsam \u00dcbungsdienste mit Euch durchf\u00fchren zu d\u00fcrfen.","canonical_url":"https:\/\/www.feuerwehr-volkmarode.de\/?p=48954","robots":"max-image-preview:large","keywords":"","webmasterTools":{"miscellaneous":""},"schema":{"@context":"https:\/\/schema.org","@graph":[{"@type":"BlogPosting","@id":"https:\/\/www.feuerwehr-volkmarode.de\/?p=48954#blogposting","name":"Dienstausfall aufgrund von Covid-19 - Freiwillige Feuerwehr Volkmarode","headline":"Dienstausfall aufgrund von Covid-19","author":{"@id":"https:\/\/www.feuerwehr-volkmarode.de\/?author=3#author"},"publisher":{"@id":"https:\/\/www.feuerwehr-volkmarode.de\/#organization"},"image":{"@type":"ImageObject","url":"https:\/\/www.feuerwehr-volkmarode.de\/wp-content\/uploads\/2020\/08\/IMG-20200817-WA0022.jpg","@id":"https:\/\/www.feuerwehr-volkmarode.de\/?p=48954\/#articleImage","width":1024,"height":1023},"datePublished":"2020-04-16T15:18:01+02:00","dateModified":"2020-08-21T20:27:18+02:00","inLanguage":"de-DE","mainEntityOfPage":{"@id":"https:\/\/www.feuerwehr-volkmarode.de\/?p=48954#webpage"},"isPartOf":{"@id":"https:\/\/www.feuerwehr-volkmarode.de\/?p=48954#webpage"},"articleSection":"Aktuelles JF"},{"@type":"BreadcrumbList","@id":"https:\/\/www.feuerwehr-volkmarode.de\/?p=48954#breadcrumblist","itemListElement":[{"@type":"ListItem","@id":"https:\/\/www.feuerwehr-volkmarode.de#listItem","position":1,"name":"Home","item":"https:\/\/www.feuerwehr-volkmarode.de","nextItem":{"@type":"ListItem","@id":"https:\/\/www.feuerwehr-volkmarode.de\/?cat=143#listItem","name":"Aktuelles JF"}},{"@type":"ListItem","@id":"https:\/\/www.feuerwehr-volkmarode.de\/?cat=143#listItem","position":2,"name":"Aktuelles JF","item":"https:\/\/www.feuerwehr-volkmarode.de\/?cat=143","nextItem":{"@type":"ListItem","@id":"https:\/\/www.feuerwehr-volkmarode.de\/?p=48954#listItem","name":"Dienstausfall aufgrund von Covid-19"},"previousItem":{"@type":"ListItem","@id":"https:\/\/www.feuerwehr-volkmarode.de#listItem","name":"Home"}},{"@type":"ListItem","@id":"https:\/\/www.feuerwehr-volkmarode.de\/?p=48954#listItem","position":3,"name":"Dienstausfall aufgrund von Covid-19","previousItem":{"@type":"ListItem","@id":"https:\/\/www.feuerwehr-volkmarode.de\/?cat=143#listItem","name":"Aktuelles JF"}}]},{"@type":"Organization","@id":"https:\/\/www.feuerwehr-volkmarode.de\/#organization","name":"Freiwillige Feuerwehr Volkmarode","description":"#OF33","url":"https:\/\/www.feuerwehr-volkmarode.de\/"},{"@type":"Person","@id":"https:\/\/www.feuerwehr-volkmarode.de\/?author=3#author","url":"https:\/\/www.feuerwehr-volkmarode.de\/?author=3","name":"Claa\u00dfen"},{"@type":"WebPage","@id":"https:\/\/www.feuerwehr-volkmarode.de\/?p=48954#webpage","url":"https:\/\/www.feuerwehr-volkmarode.de\/?p=48954","name":"Dienstausfall aufgrund von Covid-19 - Freiwillige Feuerwehr Volkmarode","description":"Aufgrund der aktuellen Lage findet vorerst kein Dienst der Jugendfeuerwehr Volkmarode statt. Das ist sehr schade - aber wir freuen uns schon darauf, hoffentlich bald wieder gemeinsam \u00dcbungsdienste mit Euch durchf\u00fchren zu d\u00fcrfen.","inLanguage":"de-DE","isPartOf":{"@id":"https:\/\/www.feuerwehr-volkmarode.de\/#website"},"breadcrumb":{"@id":"https:\/\/www.feuerwehr-volkmarode.de\/?p=48954#breadcrumblist"},"author":{"@id":"https:\/\/www.feuerwehr-volkmarode.de\/?author=3#author"},"creator":{"@id":"https:\/\/www.feuerwehr-volkmarode.de\/?author=3#author"},"datePublished":"2020-04-16T15:18:01+02:00","dateModified":"2020-08-21T20:27:18+02:00"},{"@type":"WebSite","@id":"https:\/\/www.feuerwehr-volkmarode.de\/#website","url":"https:\/\/www.feuerwehr-volkmarode.de\/","name":"Freiwillige Feuerwehr Volkmarode","description":"#OF33","inLanguage":"de-DE","publisher":{"@id":"https:\/\/www.feuerwehr-volkmarode.de\/#organization"}}]},"og:locale":"de_DE","og:site_name":"Freiwillige Feuerwehr Volkmarode - #OF33","og:type":"article","og:title":"Dienstausfall aufgrund von Covid-19 - Freiwillige Feuerwehr Volkmarode","og:description":"Aufgrund der aktuellen Lage findet vorerst kein Dienst der Jugendfeuerwehr Volkmarode statt. Das ist sehr schade - aber wir freuen uns schon darauf, hoffentlich bald wieder gemeinsam \u00dcbungsdienste mit Euch durchf\u00fchren zu d\u00fcrfen.","og:url":"https:\/\/www.feuerwehr-volkmarode.de\/?p=48954","article:published_time":"2020-04-16T13:18:01+00:00","article:modified_time":"2020-08-21T18:27:18+00:00","twitter:card":"summary_large_image","twitter:title":"Dienstausfall aufgrund von Covid-19 - Freiwillige Feuerwehr Volkmarode","twitter:description":"Aufgrund der aktuellen Lage findet vorerst kein Dienst der Jugendfeuerwehr Volkmarode statt. Das ist sehr schade - aber wir freuen uns schon darauf, hoffentlich bald wieder gemeinsam \u00dcbungsdienste mit Euch durchf\u00fchren zu d\u00fcrfen."},"aioseo_meta_data":{"post_id":"48954","title":null,"description":null,"keywords":null,"keyphrases":null,"primary_term":null,"canonical_url":null,"og_title":null,"og_description":null,"og_object_type":"default","og_image_type":"default","og_image_url":null,"og_image_width":null,"og_image_height":null,"og_image_custom_url":null,"og_image_custom_fields":null,"og_video":null,"og_custom_url":null,"og_article_section":null,"og_article_tags":null,"twitter_use_og":false,"twitter_card":"default","twitter_image_type":"default","twitter_image_url":null,"twitter_image_custom_url":null,"twitter_image_custom_fields":null,"twitter_title":null,"twitter_description":null,"schema":{"blockGraphs":[],"customGraphs":[],"default":{"data":{"Article":[],"Course":[],"Dataset":[],"FAQPage":[],"Movie":[],"Person":[],"Product":[],"ProductReview":[],"Car":[],"Recipe":[],"Service":[],"SoftwareApplication":[],"WebPage":[]},"graphName":"","isEnabled":true},"graphs":[]},"schema_type":"default","schema_type_options":null,"pillar_content":false,"robots_default":true,"robots_noindex":false,"robots_noarchive":false,"robots_nosnippet":false,"robots_nofollow":false,"robots_noimageindex":false,"robots_noodp":false,"robots_notranslate":false,"robots_max_snippet":null,"robots_max_videopreview":null,"robots_max_imagepreview":"large","priority":null,"frequency":null,"local_seo":null,"breadcrumb_settings":null,"limit_modified_date":false,"ai":null,"created":"2025-11-19 19:12:22","updated":"2025-11-19 19:12:22","focus_keyword":null,"additional_keywords":null,"truseo_locale":null,"seo_analyzer_scan_date":null},"aioseo_breadcrumb":"<div class=\"aioseo-breadcrumbs\"><span class=\"aioseo-breadcrumb\">\n\t\t\t<a href=\"https:\/\/www.feuerwehr-volkmarode.de\" title=\"Home\">Home<\/a>\n\t\t<\/span><span class=\"aioseo-breadcrumb-separator\">&raquo;<\/span><span class=\"aioseo-breadcrumb\">\n\t\t\t<a href=\"https:\/\/www.feuerwehr-volkmarode.de\/?cat=143\" title=\"Aktuelles JF\">Aktuelles JF<\/a>\n\t\t<\/span><span class=\"aioseo-breadcrumb-separator\">&raquo;<\/span><span class=\"aioseo-breadcrumb\">\n\t\t\tDienstausfall aufgrund von Covid-19\n\t\t<\/span><\/div>","aioseo_breadcrumb_json":[{"label":"Home","link":"https:\/\/www.feuerwehr-volkmarode.de"},{"label":"Aktuelles JF","link":"https:\/\/www.feuerwehr-volkmarode.de\/?cat=143"},{"label":"Dienstausfall aufgrund von Covid-19","link":"https:\/\/www.feuerwehr-volkmarode.de\/?p=48954"}],"jetpack_featured_media_url":"","jetpack_publicize_connections":[],"jetpack_sharing_enabled":true,"_links":{"self":[{"href":"https:\/\/www.feuerwehr-volkmarode.de\/index.php?rest_route=\/wp\/v2\/posts\/48954","targetHints":{"allow":["GET"]}}],"collection":[{"href":"https:\/\/www.feuerwehr-volkmarode.de\/index.php?rest_route=\/wp\/v2\/posts"}],"about":[{"href":"https:\/\/www.feuerwehr-volkmarode.de\/index.php?rest_route=\/wp\/v2\/types\/post"}],"author":[{"embeddable":true,"href":"https:\/\/www.feuerwehr-volkmarode.de\/index.php?rest_route=\/wp\/v2\/users\/3"}],"replies":[{"embeddable":true,"href":"https:\/\/www.feuerwehr-volkmarode.de\/index.php?rest_route=%2Fwp%2Fv2%2Fcomments&post=48954"}],"version-history":[{"count":2,"href":"https:\/\/www.feuerwehr-volkmarode.de\/index.php?rest_route=\/wp\/v2\/posts\/48954\/revisions"}],"predecessor-version":[{"id":48987,"href":"https:\/\/www.feuerwehr-volkmarode.de\/index.php?rest_route=\/wp\/v2\/posts\/48954\/revisions\/48987"}],"wp:attachment":[{"href":"https:\/\/www.feuerwehr-volkmarode.de\/index.php?rest_route=%2Fwp%2Fv2%2Fmedia&parent=48954"}],"wp:term":[{"taxonomy":"category","embeddable":true,"href":"https:\/\/www.feuerwehr-volkmarode.de\/index.php?rest_route=%2Fwp%2Fv2%2Fcategories&post=48954"},{"taxonomy":"post_tag","embeddable":true,"href":"https:\/\/www.feuerwehr-volkmarode.de\/index.php?rest_route=%2Fwp%2Fv2%2Ftags&post=48954"}],"curies":[{"name":"wp","href":"https:\/\/api.w.org\/{rel}","templated":true}]}}