{"id":48940,"date":"2019-09-28T21:11:40","date_gmt":"2019-09-28T19:11:40","guid":{"rendered":"http:\/\/www.feuerwehr-volkmarode.de\/?p=48940"},"modified":"2020-08-17T21:21:23","modified_gmt":"2020-08-17T19:21:23","slug":"eimerfestspiele-am-28-09-2019","status":"publish","type":"post","link":"https:\/\/www.feuerwehr-volkmarode.de\/?p=48940","title":{"rendered":"Eimerfestspiele am 28.09.2019"},"content":{"rendered":"\n<p class=\"wp-block-paragraph\">An den allj\u00e4hrlichen Eimerfestspielen nehmen einige der Einsatzabteilungen und Jugendfeuerwehren des alten L\u00f6schbezirks 3 teil. 2019 hat die Freiwillige Feuerwehr Volkmarode die Eimerfestspiele organisiert. Dabei sind wir auf dem Parkplatz der Sally-Perell-Gesamtschule mit einer Aktiven-Gruppe und einer Gruppe der Jugendfeuerwehr gegen die anderen Feuerwehren angetreten. Ziel ist es, so schnell und fehlerfrei wie m\u00f6glich einen L\u00f6schangriff mit Saugl\u00e4ngen aufzubauen, um am Ende 3 Eimer, welche sich auf einer Erh\u00f6hung befinden, mit Wasser runterzuschie\u00dfen.<\/p>\n\n\n\n<p class=\"wp-block-paragraph\">Bei diesem Fest k\u00f6nnen auch Familie, Freunde und alle die Lust haben zugucken und die Mannschaften anfeuern! Die Eimerfestspiele 2019 waren ein gelungener Tag, den wir mit einem gemeinsamen Abendessen ausklingen lassen haben.<\/p>\n\n\n\n<div class=\"wp-block-image is-style-default\"><figure class=\"aligncenter size-large\"><img loading=\"lazy\" decoding=\"async\" width=\"507\" height=\"285\" src=\"https:\/\/www.feuerwehr-volkmarode.de\/wp-content\/uploads\/2020\/08\/image-8.png\" alt=\"\" class=\"wp-image-48942\" srcset=\"https:\/\/www.feuerwehr-volkmarode.de\/wp-content\/uploads\/2020\/08\/image-8.png 507w, https:\/\/www.feuerwehr-volkmarode.de\/wp-content\/uploads\/2020\/08\/image-8-300x169.png 300w\" sizes=\"auto, (max-width: 507px) 100vw, 507px\" \/><\/figure><\/div>\n","protected":false},"excerpt":{"rendered":"<p>An den allj\u00e4hrlichen Eimerfestspielen nehmen einige der Einsatzabteilungen und Jugendfeuerwehren des alten L\u00f6schbezirks 3 teil. 2019 hat die Freiwillige Feuerwehr Volkmarode die Eimerfestspiele organisiert. Dabei sind wir auf dem Parkplatz der Sally-Perell-Gesamtschule mit einer Aktiven-Gruppe und einer Gruppe der Jugendfeuerwehr gegen die anderen Feuerwehren angetreten. Ziel ist es, so schnell und fehlerfrei wie m\u00f6glich einen [&hellip;]<\/p>\n","protected":false},"author":3,"featured_media":0,"comment_status":"closed","ping_status":"open","sticky":false,"template":"","format":"standard","meta":{"_monsterinsights_skip_tracking":false,"spay_email":"","footnotes":"","jetpack_publicize_message":"","jetpack_is_tweetstorm":false,"jetpack_publicize_feature_enabled":true},"categories":[143],"tags":[],"class_list":["post-48940","post","type-post","status-publish","format-standard","hentry","category-aktuelles-jf"],"aioseo_notices":[],"aioseo_head":"\n\t\t<!-- All in One SEO 5.0.0.1 - aioseo.com -->\n\t<meta name=\"description\" content=\"An den allj\u00e4hrlichen Eimerfestspielen nehmen einige der Einsatzabteilungen und Jugendfeuerwehren des alten L\u00f6schbezirks 3 teil. 2019 hat die Freiwillige Feuerwehr Volkmarode die Eimerfestspiele organisiert. Dabei sind wir auf dem Parkplatz der Sally-Perell-Gesamtschule mit einer Aktiven-Gruppe und einer Gruppe der Jugendfeuerwehr gegen die anderen Feuerwehren angetreten. Ziel ist es, so schnell und fehlerfrei wie m\u00f6glich einen\" \/>\n\t<meta name=\"robots\" content=\"max-image-preview:large\" \/>\n\t<meta name=\"author\" content=\"Claa\u00dfen\"\/>\n\t<link rel=\"canonical\" href=\"https:\/\/www.feuerwehr-volkmarode.de\/?p=48940\" \/>\n\t<meta name=\"generator\" content=\"All in One SEO (AIOSEO) 5.0.0.1\" \/>\n\t\t<meta property=\"og:locale\" content=\"de_DE\" \/>\n\t\t<meta property=\"og:site_name\" content=\"Freiwillige Feuerwehr Volkmarode - #OF33\" \/>\n\t\t<meta property=\"og:type\" content=\"article\" \/>\n\t\t<meta property=\"og:title\" content=\"Eimerfestspiele am 28.09.2019 - Freiwillige Feuerwehr Volkmarode\" \/>\n\t\t<meta property=\"og:description\" content=\"An den allj\u00e4hrlichen Eimerfestspielen nehmen einige der Einsatzabteilungen und Jugendfeuerwehren des alten L\u00f6schbezirks 3 teil. 2019 hat die Freiwillige Feuerwehr Volkmarode die Eimerfestspiele organisiert. Dabei sind wir auf dem Parkplatz der Sally-Perell-Gesamtschule mit einer Aktiven-Gruppe und einer Gruppe der Jugendfeuerwehr gegen die anderen Feuerwehren angetreten. Ziel ist es, so schnell und fehlerfrei wie m\u00f6glich einen\" \/>\n\t\t<meta property=\"og:url\" content=\"https:\/\/www.feuerwehr-volkmarode.de\/?p=48940\" \/>\n\t\t<meta property=\"article:published_time\" content=\"2019-09-28T19:11:40+00:00\" \/>\n\t\t<meta property=\"article:modified_time\" content=\"2020-08-17T19:21:23+00:00\" \/>\n\t\t<meta name=\"twitter:card\" content=\"summary_large_image\" \/>\n\t\t<meta name=\"twitter:title\" content=\"Eimerfestspiele am 28.09.2019 - Freiwillige Feuerwehr Volkmarode\" \/>\n\t\t<meta name=\"twitter:description\" content=\"An den allj\u00e4hrlichen Eimerfestspielen nehmen einige der Einsatzabteilungen und Jugendfeuerwehren des alten L\u00f6schbezirks 3 teil. 2019 hat die Freiwillige Feuerwehr Volkmarode die Eimerfestspiele organisiert. Dabei sind wir auf dem Parkplatz der Sally-Perell-Gesamtschule mit einer Aktiven-Gruppe und einer Gruppe der Jugendfeuerwehr gegen die anderen Feuerwehren angetreten. Ziel ist es, so schnell und fehlerfrei wie m\u00f6glich einen\" \/>\n\t\t<script type=\"application\/ld+json\" class=\"aioseo-schema\">\n\t\t\t{\"@context\":\"https:\\\/\\\/schema.org\",\"@graph\":[{\"@type\":\"BlogPosting\",\"@id\":\"https:\\\/\\\/www.feuerwehr-volkmarode.de\\\/?p=48940#blogposting\",\"name\":\"Eimerfestspiele am 28.09.2019 - Freiwillige Feuerwehr Volkmarode\",\"headline\":\"Eimerfestspiele am 28.09.2019\",\"author\":{\"@id\":\"https:\\\/\\\/www.feuerwehr-volkmarode.de\\\/?author=3#author\"},\"publisher\":{\"@id\":\"https:\\\/\\\/www.feuerwehr-volkmarode.de\\\/#organization\"},\"image\":{\"@type\":\"ImageObject\",\"url\":\"https:\\\/\\\/www.feuerwehr-volkmarode.de\\\/wp-content\\\/uploads\\\/2020\\\/08\\\/image-8.png\",\"@id\":\"https:\\\/\\\/www.feuerwehr-volkmarode.de\\\/?p=48940\\\/#articleImage\",\"width\":507,\"height\":285},\"datePublished\":\"2019-09-28T21:11:40+02:00\",\"dateModified\":\"2020-08-17T21:21:23+02:00\",\"inLanguage\":\"de-DE\",\"mainEntityOfPage\":{\"@id\":\"https:\\\/\\\/www.feuerwehr-volkmarode.de\\\/?p=48940#webpage\"},\"isPartOf\":{\"@id\":\"https:\\\/\\\/www.feuerwehr-volkmarode.de\\\/?p=48940#webpage\"},\"articleSection\":\"Aktuelles JF\"},{\"@type\":\"BreadcrumbList\",\"@id\":\"https:\\\/\\\/www.feuerwehr-volkmarode.de\\\/?p=48940#breadcrumblist\",\"itemListElement\":[{\"@type\":\"ListItem\",\"@id\":\"https:\\\/\\\/www.feuerwehr-volkmarode.de#listItem\",\"position\":1,\"name\":\"Home\",\"item\":\"https:\\\/\\\/www.feuerwehr-volkmarode.de\",\"nextItem\":{\"@type\":\"ListItem\",\"@id\":\"https:\\\/\\\/www.feuerwehr-volkmarode.de\\\/?cat=143#listItem\",\"name\":\"Aktuelles JF\"}},{\"@type\":\"ListItem\",\"@id\":\"https:\\\/\\\/www.feuerwehr-volkmarode.de\\\/?cat=143#listItem\",\"position\":2,\"name\":\"Aktuelles JF\",\"item\":\"https:\\\/\\\/www.feuerwehr-volkmarode.de\\\/?cat=143\",\"nextItem\":{\"@type\":\"ListItem\",\"@id\":\"https:\\\/\\\/www.feuerwehr-volkmarode.de\\\/?p=48940#listItem\",\"name\":\"Eimerfestspiele am 28.09.2019\"},\"previousItem\":{\"@type\":\"ListItem\",\"@id\":\"https:\\\/\\\/www.feuerwehr-volkmarode.de#listItem\",\"name\":\"Home\"}},{\"@type\":\"ListItem\",\"@id\":\"https:\\\/\\\/www.feuerwehr-volkmarode.de\\\/?p=48940#listItem\",\"position\":3,\"name\":\"Eimerfestspiele am 28.09.2019\",\"previousItem\":{\"@type\":\"ListItem\",\"@id\":\"https:\\\/\\\/www.feuerwehr-volkmarode.de\\\/?cat=143#listItem\",\"name\":\"Aktuelles JF\"}}]},{\"@type\":\"Organization\",\"@id\":\"https:\\\/\\\/www.feuerwehr-volkmarode.de\\\/#organization\",\"name\":\"Freiwillige Feuerwehr Volkmarode\",\"description\":\"#OF33\",\"url\":\"https:\\\/\\\/www.feuerwehr-volkmarode.de\\\/\"},{\"@type\":\"Person\",\"@id\":\"https:\\\/\\\/www.feuerwehr-volkmarode.de\\\/?author=3#author\",\"url\":\"https:\\\/\\\/www.feuerwehr-volkmarode.de\\\/?author=3\",\"name\":\"Claa\\u00dfen\"},{\"@type\":\"WebPage\",\"@id\":\"https:\\\/\\\/www.feuerwehr-volkmarode.de\\\/?p=48940#webpage\",\"url\":\"https:\\\/\\\/www.feuerwehr-volkmarode.de\\\/?p=48940\",\"name\":\"Eimerfestspiele am 28.09.2019 - Freiwillige Feuerwehr Volkmarode\",\"description\":\"An den allj\\u00e4hrlichen Eimerfestspielen nehmen einige der Einsatzabteilungen und Jugendfeuerwehren des alten L\\u00f6schbezirks 3 teil. 2019 hat die Freiwillige Feuerwehr Volkmarode die Eimerfestspiele organisiert. Dabei sind wir auf dem Parkplatz der Sally-Perell-Gesamtschule mit einer Aktiven-Gruppe und einer Gruppe der Jugendfeuerwehr gegen die anderen Feuerwehren angetreten. Ziel ist es, so schnell und fehlerfrei wie m\\u00f6glich einen\",\"inLanguage\":\"de-DE\",\"isPartOf\":{\"@id\":\"https:\\\/\\\/www.feuerwehr-volkmarode.de\\\/#website\"},\"breadcrumb\":{\"@id\":\"https:\\\/\\\/www.feuerwehr-volkmarode.de\\\/?p=48940#breadcrumblist\"},\"author\":{\"@id\":\"https:\\\/\\\/www.feuerwehr-volkmarode.de\\\/?author=3#author\"},\"creator\":{\"@id\":\"https:\\\/\\\/www.feuerwehr-volkmarode.de\\\/?author=3#author\"},\"datePublished\":\"2019-09-28T21:11:40+02:00\",\"dateModified\":\"2020-08-17T21:21:23+02:00\"},{\"@type\":\"WebSite\",\"@id\":\"https:\\\/\\\/www.feuerwehr-volkmarode.de\\\/#website\",\"url\":\"https:\\\/\\\/www.feuerwehr-volkmarode.de\\\/\",\"name\":\"Freiwillige Feuerwehr Volkmarode\",\"description\":\"#OF33\",\"inLanguage\":\"de-DE\",\"publisher\":{\"@id\":\"https:\\\/\\\/www.feuerwehr-volkmarode.de\\\/#organization\"}}]}\n\t\t<\/script>\n\t\t<!-- All in One SEO -->\n\n","aioseo_head_json":{"title":"Eimerfestspiele am 28.09.2019 - Freiwillige Feuerwehr Volkmarode","description":"An den allj\u00e4hrlichen Eimerfestspielen nehmen einige der Einsatzabteilungen und Jugendfeuerwehren des alten L\u00f6schbezirks 3 teil. 2019 hat die Freiwillige Feuerwehr Volkmarode die Eimerfestspiele organisiert. Dabei sind wir auf dem Parkplatz der Sally-Perell-Gesamtschule mit einer Aktiven-Gruppe und einer Gruppe der Jugendfeuerwehr gegen die anderen Feuerwehren angetreten. Ziel ist es, so schnell und fehlerfrei wie m\u00f6glich einen","canonical_url":"https:\/\/www.feuerwehr-volkmarode.de\/?p=48940","robots":"max-image-preview:large","keywords":"","webmasterTools":{"miscellaneous":""},"schema":{"@context":"https:\/\/schema.org","@graph":[{"@type":"BlogPosting","@id":"https:\/\/www.feuerwehr-volkmarode.de\/?p=48940#blogposting","name":"Eimerfestspiele am 28.09.2019 - Freiwillige Feuerwehr Volkmarode","headline":"Eimerfestspiele am 28.09.2019","author":{"@id":"https:\/\/www.feuerwehr-volkmarode.de\/?author=3#author"},"publisher":{"@id":"https:\/\/www.feuerwehr-volkmarode.de\/#organization"},"image":{"@type":"ImageObject","url":"https:\/\/www.feuerwehr-volkmarode.de\/wp-content\/uploads\/2020\/08\/image-8.png","@id":"https:\/\/www.feuerwehr-volkmarode.de\/?p=48940\/#articleImage","width":507,"height":285},"datePublished":"2019-09-28T21:11:40+02:00","dateModified":"2020-08-17T21:21:23+02:00","inLanguage":"de-DE","mainEntityOfPage":{"@id":"https:\/\/www.feuerwehr-volkmarode.de\/?p=48940#webpage"},"isPartOf":{"@id":"https:\/\/www.feuerwehr-volkmarode.de\/?p=48940#webpage"},"articleSection":"Aktuelles JF"},{"@type":"BreadcrumbList","@id":"https:\/\/www.feuerwehr-volkmarode.de\/?p=48940#breadcrumblist","itemListElement":[{"@type":"ListItem","@id":"https:\/\/www.feuerwehr-volkmarode.de#listItem","position":1,"name":"Home","item":"https:\/\/www.feuerwehr-volkmarode.de","nextItem":{"@type":"ListItem","@id":"https:\/\/www.feuerwehr-volkmarode.de\/?cat=143#listItem","name":"Aktuelles JF"}},{"@type":"ListItem","@id":"https:\/\/www.feuerwehr-volkmarode.de\/?cat=143#listItem","position":2,"name":"Aktuelles JF","item":"https:\/\/www.feuerwehr-volkmarode.de\/?cat=143","nextItem":{"@type":"ListItem","@id":"https:\/\/www.feuerwehr-volkmarode.de\/?p=48940#listItem","name":"Eimerfestspiele am 28.09.2019"},"previousItem":{"@type":"ListItem","@id":"https:\/\/www.feuerwehr-volkmarode.de#listItem","name":"Home"}},{"@type":"ListItem","@id":"https:\/\/www.feuerwehr-volkmarode.de\/?p=48940#listItem","position":3,"name":"Eimerfestspiele am 28.09.2019","previousItem":{"@type":"ListItem","@id":"https:\/\/www.feuerwehr-volkmarode.de\/?cat=143#listItem","name":"Aktuelles JF"}}]},{"@type":"Organization","@id":"https:\/\/www.feuerwehr-volkmarode.de\/#organization","name":"Freiwillige Feuerwehr Volkmarode","description":"#OF33","url":"https:\/\/www.feuerwehr-volkmarode.de\/"},{"@type":"Person","@id":"https:\/\/www.feuerwehr-volkmarode.de\/?author=3#author","url":"https:\/\/www.feuerwehr-volkmarode.de\/?author=3","name":"Claa\u00dfen"},{"@type":"WebPage","@id":"https:\/\/www.feuerwehr-volkmarode.de\/?p=48940#webpage","url":"https:\/\/www.feuerwehr-volkmarode.de\/?p=48940","name":"Eimerfestspiele am 28.09.2019 - Freiwillige Feuerwehr Volkmarode","description":"An den allj\u00e4hrlichen Eimerfestspielen nehmen einige der Einsatzabteilungen und Jugendfeuerwehren des alten L\u00f6schbezirks 3 teil. 2019 hat die Freiwillige Feuerwehr Volkmarode die Eimerfestspiele organisiert. Dabei sind wir auf dem Parkplatz der Sally-Perell-Gesamtschule mit einer Aktiven-Gruppe und einer Gruppe der Jugendfeuerwehr gegen die anderen Feuerwehren angetreten. Ziel ist es, so schnell und fehlerfrei wie m\u00f6glich einen","inLanguage":"de-DE","isPartOf":{"@id":"https:\/\/www.feuerwehr-volkmarode.de\/#website"},"breadcrumb":{"@id":"https:\/\/www.feuerwehr-volkmarode.de\/?p=48940#breadcrumblist"},"author":{"@id":"https:\/\/www.feuerwehr-volkmarode.de\/?author=3#author"},"creator":{"@id":"https:\/\/www.feuerwehr-volkmarode.de\/?author=3#author"},"datePublished":"2019-09-28T21:11:40+02:00","dateModified":"2020-08-17T21:21:23+02:00"},{"@type":"WebSite","@id":"https:\/\/www.feuerwehr-volkmarode.de\/#website","url":"https:\/\/www.feuerwehr-volkmarode.de\/","name":"Freiwillige Feuerwehr Volkmarode","description":"#OF33","inLanguage":"de-DE","publisher":{"@id":"https:\/\/www.feuerwehr-volkmarode.de\/#organization"}}]},"og:locale":"de_DE","og:site_name":"Freiwillige Feuerwehr Volkmarode - #OF33","og:type":"article","og:title":"Eimerfestspiele am 28.09.2019 - Freiwillige Feuerwehr Volkmarode","og:description":"An den allj\u00e4hrlichen Eimerfestspielen nehmen einige der Einsatzabteilungen und Jugendfeuerwehren des alten L\u00f6schbezirks 3 teil. 2019 hat die Freiwillige Feuerwehr Volkmarode die Eimerfestspiele organisiert. Dabei sind wir auf dem Parkplatz der Sally-Perell-Gesamtschule mit einer Aktiven-Gruppe und einer Gruppe der Jugendfeuerwehr gegen die anderen Feuerwehren angetreten. Ziel ist es, so schnell und fehlerfrei wie m\u00f6glich einen","og:url":"https:\/\/www.feuerwehr-volkmarode.de\/?p=48940","article:published_time":"2019-09-28T19:11:40+00:00","article:modified_time":"2020-08-17T19:21:23+00:00","twitter:card":"summary_large_image","twitter:title":"Eimerfestspiele am 28.09.2019 - Freiwillige Feuerwehr Volkmarode","twitter:description":"An den allj\u00e4hrlichen Eimerfestspielen nehmen einige der Einsatzabteilungen und Jugendfeuerwehren des alten L\u00f6schbezirks 3 teil. 2019 hat die Freiwillige Feuerwehr Volkmarode die Eimerfestspiele organisiert. Dabei sind wir auf dem Parkplatz der Sally-Perell-Gesamtschule mit einer Aktiven-Gruppe und einer Gruppe der Jugendfeuerwehr gegen die anderen Feuerwehren angetreten. Ziel ist es, so schnell und fehlerfrei wie m\u00f6glich einen"},"aioseo_meta_data":{"post_id":"48940","title":null,"description":null,"keywords":null,"keyphrases":null,"primary_term":null,"canonical_url":null,"og_title":null,"og_description":null,"og_object_type":"default","og_image_type":"default","og_image_url":null,"og_image_width":null,"og_image_height":null,"og_image_custom_url":null,"og_image_custom_fields":null,"og_video":null,"og_custom_url":null,"og_article_section":null,"og_article_tags":null,"twitter_use_og":false,"twitter_card":"default","twitter_image_type":"default","twitter_image_url":null,"twitter_image_custom_url":null,"twitter_image_custom_fields":null,"twitter_title":null,"twitter_description":null,"schema":{"blockGraphs":[],"customGraphs":[],"default":{"data":{"Article":[],"Course":[],"Dataset":[],"FAQPage":[],"Movie":[],"Person":[],"Product":[],"ProductReview":[],"Car":[],"Recipe":[],"Service":[],"SoftwareApplication":[],"WebPage":[]},"graphName":"","isEnabled":true},"graphs":[]},"schema_type":"default","schema_type_options":null,"pillar_content":false,"robots_default":true,"robots_noindex":false,"robots_noarchive":false,"robots_nosnippet":false,"robots_nofollow":false,"robots_noimageindex":false,"robots_noodp":false,"robots_notranslate":false,"robots_max_snippet":null,"robots_max_videopreview":null,"robots_max_imagepreview":"large","priority":null,"frequency":null,"local_seo":null,"breadcrumb_settings":null,"limit_modified_date":false,"ai":null,"created":"2025-11-19 19:12:22","updated":"2025-11-19 19:12:22","focus_keyword":null,"additional_keywords":null,"truseo_locale":null,"seo_analyzer_scan_date":null},"aioseo_breadcrumb":"<div class=\"aioseo-breadcrumbs\"><span class=\"aioseo-breadcrumb\">\n\t\t\t<a href=\"https:\/\/www.feuerwehr-volkmarode.de\" title=\"Home\">Home<\/a>\n\t\t<\/span><span class=\"aioseo-breadcrumb-separator\">&raquo;<\/span><span class=\"aioseo-breadcrumb\">\n\t\t\t<a href=\"https:\/\/www.feuerwehr-volkmarode.de\/?cat=143\" title=\"Aktuelles JF\">Aktuelles JF<\/a>\n\t\t<\/span><span class=\"aioseo-breadcrumb-separator\">&raquo;<\/span><span class=\"aioseo-breadcrumb\">\n\t\t\tEimerfestspiele am 28.09.2019\n\t\t<\/span><\/div>","aioseo_breadcrumb_json":[{"label":"Home","link":"https:\/\/www.feuerwehr-volkmarode.de"},{"label":"Aktuelles JF","link":"https:\/\/www.feuerwehr-volkmarode.de\/?cat=143"},{"label":"Eimerfestspiele am 28.09.2019","link":"https:\/\/www.feuerwehr-volkmarode.de\/?p=48940"}],"jetpack_featured_media_url":"","jetpack_publicize_connections":[],"jetpack_sharing_enabled":true,"_links":{"self":[{"href":"https:\/\/www.feuerwehr-volkmarode.de\/index.php?rest_route=\/wp\/v2\/posts\/48940","targetHints":{"allow":["GET"]}}],"collection":[{"href":"https:\/\/www.feuerwehr-volkmarode.de\/index.php?rest_route=\/wp\/v2\/posts"}],"about":[{"href":"https:\/\/www.feuerwehr-volkmarode.de\/index.php?rest_route=\/wp\/v2\/types\/post"}],"author":[{"embeddable":true,"href":"https:\/\/www.feuerwehr-volkmarode.de\/index.php?rest_route=\/wp\/v2\/users\/3"}],"replies":[{"embeddable":true,"href":"https:\/\/www.feuerwehr-volkmarode.de\/index.php?rest_route=%2Fwp%2Fv2%2Fcomments&post=48940"}],"version-history":[{"count":1,"href":"https:\/\/www.feuerwehr-volkmarode.de\/index.php?rest_route=\/wp\/v2\/posts\/48940\/revisions"}],"predecessor-version":[{"id":48943,"href":"https:\/\/www.feuerwehr-volkmarode.de\/index.php?rest_route=\/wp\/v2\/posts\/48940\/revisions\/48943"}],"wp:attachment":[{"href":"https:\/\/www.feuerwehr-volkmarode.de\/index.php?rest_route=%2Fwp%2Fv2%2Fmedia&parent=48940"}],"wp:term":[{"taxonomy":"category","embeddable":true,"href":"https:\/\/www.feuerwehr-volkmarode.de\/index.php?rest_route=%2Fwp%2Fv2%2Fcategories&post=48940"},{"taxonomy":"post_tag","embeddable":true,"href":"https:\/\/www.feuerwehr-volkmarode.de\/index.php?rest_route=%2Fwp%2Fv2%2Ftags&post=48940"}],"curies":[{"name":"wp","href":"https:\/\/api.w.org\/{rel}","templated":true}]}}