{"id":197,"date":"2015-01-29T20:09:29","date_gmt":"2015-01-29T19:09:29","guid":{"rendered":"http:\/\/www.feuerwehr-volkmarode.de\/?p=197"},"modified":"2020-08-21T21:05:44","modified_gmt":"2020-08-21T19:05:44","slug":"uebungsdienst-2","status":"publish","type":"post","link":"https:\/\/www.feuerwehr-volkmarode.de\/?p=197","title":{"rendered":"\u00dcbungsdienst"},"content":{"rendered":"<div class=\"_5pbx userContent\" data-ft=\"{&quot;tn&quot;:&quot;K&quot;}\">\n<p>Die Kameraden der Ortsfeuerwehr Volkmarode treffen sich zu Ihrem w\u00f6chentlichen \u00dcbungsdienst. Im Mittelpunkt des heutigen Dienstes steht die Atemschutzausbildung. Ge\u00fcbt werden verschiedene Suchtechniken<\/p>\n<p>Im Ernstfall muss jeder Handgriff sitzen&#8230;<a href=\"http:\/\/www.feuerwehr-volkmarode.de\/wp-content\/uploads\/2015\/02\/10426108_1578439329070032_5335759798203253853_n.jpg\"><img loading=\"lazy\" decoding=\"async\" class=\"aligncenter size-full wp-image-198\" src=\"http:\/\/www.feuerwehr-volkmarode.de\/wp-content\/uploads\/2015\/02\/10426108_1578439329070032_5335759798203253853_n.jpg\" alt=\"10426108_1578439329070032_5335759798203253853_n\" width=\"960\" height=\"543\" srcset=\"https:\/\/www.feuerwehr-volkmarode.de\/wp-content\/uploads\/2015\/02\/10426108_1578439329070032_5335759798203253853_n.jpg 960w, https:\/\/www.feuerwehr-volkmarode.de\/wp-content\/uploads\/2015\/02\/10426108_1578439329070032_5335759798203253853_n-300x170.jpg 300w\" sizes=\"auto, (max-width: 960px) 100vw, 960px\" \/><\/a> <a href=\"http:\/\/www.feuerwehr-volkmarode.de\/wp-content\/uploads\/2015\/02\/1510647_1578439769069988_6474929631336820429_n.jpg\"><img loading=\"lazy\" decoding=\"async\" class=\"aligncenter size-full wp-image-199\" src=\"http:\/\/www.feuerwehr-volkmarode.de\/wp-content\/uploads\/2015\/02\/1510647_1578439769069988_6474929631336820429_n.jpg\" alt=\"1510647_1578439769069988_6474929631336820429_n\" width=\"960\" height=\"543\" srcset=\"https:\/\/www.feuerwehr-volkmarode.de\/wp-content\/uploads\/2015\/02\/1510647_1578439769069988_6474929631336820429_n.jpg 960w, https:\/\/www.feuerwehr-volkmarode.de\/wp-content\/uploads\/2015\/02\/1510647_1578439769069988_6474929631336820429_n-300x170.jpg 300w\" sizes=\"auto, (max-width: 960px) 100vw, 960px\" \/><\/a> <a href=\"http:\/\/www.feuerwehr-volkmarode.de\/wp-content\/uploads\/2015\/02\/10429303_1578440079069957_4511632208201894217_n.jpg\"><img loading=\"lazy\" decoding=\"async\" class=\"aligncenter size-full wp-image-200\" src=\"http:\/\/www.feuerwehr-volkmarode.de\/wp-content\/uploads\/2015\/02\/10429303_1578440079069957_4511632208201894217_n.jpg\" alt=\"10429303_1578440079069957_4511632208201894217_n\" width=\"960\" height=\"543\"><\/a> <a href=\"http:\/\/www.feuerwehr-volkmarode.de\/wp-content\/uploads\/2015\/02\/10685332_1578440445736587_4817810978209063788_n.jpg\"><img loading=\"lazy\" decoding=\"async\" class=\"aligncenter size-full wp-image-201\" src=\"http:\/\/www.feuerwehr-volkmarode.de\/wp-content\/uploads\/2015\/02\/10685332_1578440445736587_4817810978209063788_n.jpg\" alt=\"10685332_1578440445736587_4817810978209063788_n\" width=\"960\" height=\"543\" srcset=\"https:\/\/www.feuerwehr-volkmarode.de\/wp-content\/uploads\/2015\/02\/10685332_1578440445736587_4817810978209063788_n.jpg 960w, https:\/\/www.feuerwehr-volkmarode.de\/wp-content\/uploads\/2015\/02\/10685332_1578440445736587_4817810978209063788_n-300x170.jpg 300w\" sizes=\"auto, (max-width: 960px) 100vw, 960px\" \/><\/a> <a href=\"http:\/\/www.feuerwehr-volkmarode.de\/wp-content\/uploads\/2015\/02\/10801909_1578440875736544_8366682324186160165_n.jpg\"><img loading=\"lazy\" decoding=\"async\" class=\"aligncenter size-full wp-image-202\" src=\"http:\/\/www.feuerwehr-volkmarode.de\/wp-content\/uploads\/2015\/02\/10801909_1578440875736544_8366682324186160165_n.jpg\" alt=\"10801909_1578440875736544_8366682324186160165_n\" width=\"960\" height=\"543\" srcset=\"https:\/\/www.feuerwehr-volkmarode.de\/wp-content\/uploads\/2015\/02\/10801909_1578440875736544_8366682324186160165_n.jpg 960w, https:\/\/www.feuerwehr-volkmarode.de\/wp-content\/uploads\/2015\/02\/10801909_1578440875736544_8366682324186160165_n-300x170.jpg 300w\" sizes=\"auto, (max-width: 960px) 100vw, 960px\" \/><\/a><\/p>\n<\/div>\n<p><!--more--><\/p>\n","protected":false},"excerpt":{"rendered":"<p>Die Kameraden der Ortsfeuerwehr Volkmarode treffen sich zu Ihrem w\u00f6chentlichen \u00dcbungsdienst. Im Mittelpunkt des heutigen Dienstes steht die Atemschutzausbildung. Ge\u00fcbt werden verschiedene Suchtechniken Im Ernstfall muss jeder Handgriff sitzen&#8230;<\/p>\n","protected":false},"author":3,"featured_media":200,"comment_status":"closed","ping_status":"open","sticky":false,"template":"","format":"standard","meta":{"_monsterinsights_skip_tracking":false,"spay_email":"","footnotes":"","jetpack_publicize_message":"\u00dcbungsdienst","jetpack_is_tweetstorm":false,"jetpack_publicize_feature_enabled":true},"categories":[28],"tags":[29],"class_list":["post-197","post","type-post","status-publish","format-standard","has-post-thumbnail","hentry","category-uebungsdienste","tag-uebungsdienst"],"aioseo_notices":[],"aioseo_head":"\n\t\t<!-- All in One SEO 5.0.0.1 - aioseo.com -->\n\t<meta name=\"description\" content=\"Die Kameraden der Ortsfeuerwehr Volkmarode treffen sich zu Ihrem w\u00f6chentlichen \u00dcbungsdienst. Im Mittelpunkt des heutigen Dienstes steht die Atemschutzausbildung. Ge\u00fcbt werden verschiedene Suchtechniken Im Ernstfall muss jeder Handgriff sitzen...\" \/>\n\t<meta name=\"robots\" content=\"max-image-preview:large\" \/>\n\t<meta name=\"author\" content=\"Claa\u00dfen\"\/>\n\t<link rel=\"canonical\" href=\"https:\/\/www.feuerwehr-volkmarode.de\/?p=197\" \/>\n\t<meta name=\"generator\" content=\"All in One SEO (AIOSEO) 5.0.0.1\" \/>\n\t\t<meta property=\"og:locale\" content=\"de_DE\" \/>\n\t\t<meta property=\"og:site_name\" content=\"Freiwillige Feuerwehr Volkmarode - #OF33\" \/>\n\t\t<meta property=\"og:type\" content=\"article\" \/>\n\t\t<meta property=\"og:title\" content=\"\u00dcbungsdienst - Freiwillige Feuerwehr Volkmarode\" \/>\n\t\t<meta property=\"og:description\" content=\"Die Kameraden der Ortsfeuerwehr Volkmarode treffen sich zu Ihrem w\u00f6chentlichen \u00dcbungsdienst. Im Mittelpunkt des heutigen Dienstes steht die Atemschutzausbildung. Ge\u00fcbt werden verschiedene Suchtechniken Im Ernstfall muss jeder Handgriff sitzen...\" \/>\n\t\t<meta property=\"og:url\" content=\"https:\/\/www.feuerwehr-volkmarode.de\/?p=197\" \/>\n\t\t<meta property=\"article:published_time\" content=\"2015-01-29T19:09:29+00:00\" \/>\n\t\t<meta property=\"article:modified_time\" content=\"2020-08-21T19:05:44+00:00\" \/>\n\t\t<meta name=\"twitter:card\" content=\"summary_large_image\" \/>\n\t\t<meta name=\"twitter:title\" content=\"\u00dcbungsdienst - Freiwillige Feuerwehr Volkmarode\" \/>\n\t\t<meta name=\"twitter:description\" content=\"Die Kameraden der Ortsfeuerwehr Volkmarode treffen sich zu Ihrem w\u00f6chentlichen \u00dcbungsdienst. Im Mittelpunkt des heutigen Dienstes steht die Atemschutzausbildung. Ge\u00fcbt werden verschiedene Suchtechniken Im Ernstfall muss jeder Handgriff sitzen...\" \/>\n\t\t<script type=\"application\/ld+json\" class=\"aioseo-schema\">\n\t\t\t{\"@context\":\"https:\\\/\\\/schema.org\",\"@graph\":[{\"@type\":\"BlogPosting\",\"@id\":\"https:\\\/\\\/www.feuerwehr-volkmarode.de\\\/?p=197#blogposting\",\"name\":\"\\u00dcbungsdienst - Freiwillige Feuerwehr Volkmarode\",\"headline\":\"\\u00dcbungsdienst\",\"author\":{\"@id\":\"https:\\\/\\\/www.feuerwehr-volkmarode.de\\\/?author=3#author\"},\"publisher\":{\"@id\":\"https:\\\/\\\/www.feuerwehr-volkmarode.de\\\/#organization\"},\"image\":{\"@type\":\"ImageObject\",\"url\":\"https:\\\/\\\/www.feuerwehr-volkmarode.de\\\/wp-content\\\/uploads\\\/2015\\\/02\\\/10429303_1578440079069957_4511632208201894217_n-e1598036754822.jpg\",\"width\":300,\"height\":170},\"datePublished\":\"2015-01-29T20:09:29+01:00\",\"dateModified\":\"2020-08-21T21:05:44+02:00\",\"inLanguage\":\"de-DE\",\"mainEntityOfPage\":{\"@id\":\"https:\\\/\\\/www.feuerwehr-volkmarode.de\\\/?p=197#webpage\"},\"isPartOf\":{\"@id\":\"https:\\\/\\\/www.feuerwehr-volkmarode.de\\\/?p=197#webpage\"},\"articleSection\":\"\\u00dcbungsdienste, \\u00dcbungsdienst\"},{\"@type\":\"BreadcrumbList\",\"@id\":\"https:\\\/\\\/www.feuerwehr-volkmarode.de\\\/?p=197#breadcrumblist\",\"itemListElement\":[{\"@type\":\"ListItem\",\"@id\":\"https:\\\/\\\/www.feuerwehr-volkmarode.de#listItem\",\"position\":1,\"name\":\"Home\",\"item\":\"https:\\\/\\\/www.feuerwehr-volkmarode.de\",\"nextItem\":{\"@type\":\"ListItem\",\"@id\":\"https:\\\/\\\/www.feuerwehr-volkmarode.de\\\/?cat=28#listItem\",\"name\":\"\\u00dcbungsdienste\"}},{\"@type\":\"ListItem\",\"@id\":\"https:\\\/\\\/www.feuerwehr-volkmarode.de\\\/?cat=28#listItem\",\"position\":2,\"name\":\"\\u00dcbungsdienste\",\"item\":\"https:\\\/\\\/www.feuerwehr-volkmarode.de\\\/?cat=28\",\"nextItem\":{\"@type\":\"ListItem\",\"@id\":\"https:\\\/\\\/www.feuerwehr-volkmarode.de\\\/?p=197#listItem\",\"name\":\"\\u00dcbungsdienst\"},\"previousItem\":{\"@type\":\"ListItem\",\"@id\":\"https:\\\/\\\/www.feuerwehr-volkmarode.de#listItem\",\"name\":\"Home\"}},{\"@type\":\"ListItem\",\"@id\":\"https:\\\/\\\/www.feuerwehr-volkmarode.de\\\/?p=197#listItem\",\"position\":3,\"name\":\"\\u00dcbungsdienst\",\"previousItem\":{\"@type\":\"ListItem\",\"@id\":\"https:\\\/\\\/www.feuerwehr-volkmarode.de\\\/?cat=28#listItem\",\"name\":\"\\u00dcbungsdienste\"}}]},{\"@type\":\"Organization\",\"@id\":\"https:\\\/\\\/www.feuerwehr-volkmarode.de\\\/#organization\",\"name\":\"Freiwillige Feuerwehr Volkmarode\",\"description\":\"#OF33\",\"url\":\"https:\\\/\\\/www.feuerwehr-volkmarode.de\\\/\"},{\"@type\":\"Person\",\"@id\":\"https:\\\/\\\/www.feuerwehr-volkmarode.de\\\/?author=3#author\",\"url\":\"https:\\\/\\\/www.feuerwehr-volkmarode.de\\\/?author=3\",\"name\":\"Claa\\u00dfen\"},{\"@type\":\"WebPage\",\"@id\":\"https:\\\/\\\/www.feuerwehr-volkmarode.de\\\/?p=197#webpage\",\"url\":\"https:\\\/\\\/www.feuerwehr-volkmarode.de\\\/?p=197\",\"name\":\"\\u00dcbungsdienst - Freiwillige Feuerwehr Volkmarode\",\"description\":\"Die Kameraden der Ortsfeuerwehr Volkmarode treffen sich zu Ihrem w\\u00f6chentlichen \\u00dcbungsdienst. Im Mittelpunkt des heutigen Dienstes steht die Atemschutzausbildung. Ge\\u00fcbt werden verschiedene Suchtechniken Im Ernstfall muss jeder Handgriff sitzen...\",\"inLanguage\":\"de-DE\",\"isPartOf\":{\"@id\":\"https:\\\/\\\/www.feuerwehr-volkmarode.de\\\/#website\"},\"breadcrumb\":{\"@id\":\"https:\\\/\\\/www.feuerwehr-volkmarode.de\\\/?p=197#breadcrumblist\"},\"author\":{\"@id\":\"https:\\\/\\\/www.feuerwehr-volkmarode.de\\\/?author=3#author\"},\"creator\":{\"@id\":\"https:\\\/\\\/www.feuerwehr-volkmarode.de\\\/?author=3#author\"},\"image\":{\"@type\":\"ImageObject\",\"url\":\"https:\\\/\\\/www.feuerwehr-volkmarode.de\\\/wp-content\\\/uploads\\\/2015\\\/02\\\/10429303_1578440079069957_4511632208201894217_n-e1598036754822.jpg\",\"@id\":\"https:\\\/\\\/www.feuerwehr-volkmarode.de\\\/?p=197\\\/#mainImage\",\"width\":300,\"height\":170},\"primaryImageOfPage\":{\"@id\":\"https:\\\/\\\/www.feuerwehr-volkmarode.de\\\/?p=197#mainImage\"},\"datePublished\":\"2015-01-29T20:09:29+01:00\",\"dateModified\":\"2020-08-21T21:05:44+02:00\"},{\"@type\":\"WebSite\",\"@id\":\"https:\\\/\\\/www.feuerwehr-volkmarode.de\\\/#website\",\"url\":\"https:\\\/\\\/www.feuerwehr-volkmarode.de\\\/\",\"name\":\"Freiwillige Feuerwehr Volkmarode\",\"description\":\"#OF33\",\"inLanguage\":\"de-DE\",\"publisher\":{\"@id\":\"https:\\\/\\\/www.feuerwehr-volkmarode.de\\\/#organization\"}}]}\n\t\t<\/script>\n\t\t<!-- All in One SEO -->\n\n","aioseo_head_json":{"title":"\u00dcbungsdienst - Freiwillige Feuerwehr Volkmarode","description":"Die Kameraden der Ortsfeuerwehr Volkmarode treffen sich zu Ihrem w\u00f6chentlichen \u00dcbungsdienst. Im Mittelpunkt des heutigen Dienstes steht die Atemschutzausbildung. Ge\u00fcbt werden verschiedene Suchtechniken Im Ernstfall muss jeder Handgriff sitzen...","canonical_url":"https:\/\/www.feuerwehr-volkmarode.de\/?p=197","robots":"max-image-preview:large","keywords":"","webmasterTools":{"miscellaneous":""},"schema":{"@context":"https:\/\/schema.org","@graph":[{"@type":"BlogPosting","@id":"https:\/\/www.feuerwehr-volkmarode.de\/?p=197#blogposting","name":"\u00dcbungsdienst - Freiwillige Feuerwehr Volkmarode","headline":"\u00dcbungsdienst","author":{"@id":"https:\/\/www.feuerwehr-volkmarode.de\/?author=3#author"},"publisher":{"@id":"https:\/\/www.feuerwehr-volkmarode.de\/#organization"},"image":{"@type":"ImageObject","url":"https:\/\/www.feuerwehr-volkmarode.de\/wp-content\/uploads\/2015\/02\/10429303_1578440079069957_4511632208201894217_n-e1598036754822.jpg","width":300,"height":170},"datePublished":"2015-01-29T20:09:29+01:00","dateModified":"2020-08-21T21:05:44+02:00","inLanguage":"de-DE","mainEntityOfPage":{"@id":"https:\/\/www.feuerwehr-volkmarode.de\/?p=197#webpage"},"isPartOf":{"@id":"https:\/\/www.feuerwehr-volkmarode.de\/?p=197#webpage"},"articleSection":"\u00dcbungsdienste, \u00dcbungsdienst"},{"@type":"BreadcrumbList","@id":"https:\/\/www.feuerwehr-volkmarode.de\/?p=197#breadcrumblist","itemListElement":[{"@type":"ListItem","@id":"https:\/\/www.feuerwehr-volkmarode.de#listItem","position":1,"name":"Home","item":"https:\/\/www.feuerwehr-volkmarode.de","nextItem":{"@type":"ListItem","@id":"https:\/\/www.feuerwehr-volkmarode.de\/?cat=28#listItem","name":"\u00dcbungsdienste"}},{"@type":"ListItem","@id":"https:\/\/www.feuerwehr-volkmarode.de\/?cat=28#listItem","position":2,"name":"\u00dcbungsdienste","item":"https:\/\/www.feuerwehr-volkmarode.de\/?cat=28","nextItem":{"@type":"ListItem","@id":"https:\/\/www.feuerwehr-volkmarode.de\/?p=197#listItem","name":"\u00dcbungsdienst"},"previousItem":{"@type":"ListItem","@id":"https:\/\/www.feuerwehr-volkmarode.de#listItem","name":"Home"}},{"@type":"ListItem","@id":"https:\/\/www.feuerwehr-volkmarode.de\/?p=197#listItem","position":3,"name":"\u00dcbungsdienst","previousItem":{"@type":"ListItem","@id":"https:\/\/www.feuerwehr-volkmarode.de\/?cat=28#listItem","name":"\u00dcbungsdienste"}}]},{"@type":"Organization","@id":"https:\/\/www.feuerwehr-volkmarode.de\/#organization","name":"Freiwillige Feuerwehr Volkmarode","description":"#OF33","url":"https:\/\/www.feuerwehr-volkmarode.de\/"},{"@type":"Person","@id":"https:\/\/www.feuerwehr-volkmarode.de\/?author=3#author","url":"https:\/\/www.feuerwehr-volkmarode.de\/?author=3","name":"Claa\u00dfen"},{"@type":"WebPage","@id":"https:\/\/www.feuerwehr-volkmarode.de\/?p=197#webpage","url":"https:\/\/www.feuerwehr-volkmarode.de\/?p=197","name":"\u00dcbungsdienst - Freiwillige Feuerwehr Volkmarode","description":"Die Kameraden der Ortsfeuerwehr Volkmarode treffen sich zu Ihrem w\u00f6chentlichen \u00dcbungsdienst. Im Mittelpunkt des heutigen Dienstes steht die Atemschutzausbildung. Ge\u00fcbt werden verschiedene Suchtechniken Im Ernstfall muss jeder Handgriff sitzen...","inLanguage":"de-DE","isPartOf":{"@id":"https:\/\/www.feuerwehr-volkmarode.de\/#website"},"breadcrumb":{"@id":"https:\/\/www.feuerwehr-volkmarode.de\/?p=197#breadcrumblist"},"author":{"@id":"https:\/\/www.feuerwehr-volkmarode.de\/?author=3#author"},"creator":{"@id":"https:\/\/www.feuerwehr-volkmarode.de\/?author=3#author"},"image":{"@type":"ImageObject","url":"https:\/\/www.feuerwehr-volkmarode.de\/wp-content\/uploads\/2015\/02\/10429303_1578440079069957_4511632208201894217_n-e1598036754822.jpg","@id":"https:\/\/www.feuerwehr-volkmarode.de\/?p=197\/#mainImage","width":300,"height":170},"primaryImageOfPage":{"@id":"https:\/\/www.feuerwehr-volkmarode.de\/?p=197#mainImage"},"datePublished":"2015-01-29T20:09:29+01:00","dateModified":"2020-08-21T21:05:44+02:00"},{"@type":"WebSite","@id":"https:\/\/www.feuerwehr-volkmarode.de\/#website","url":"https:\/\/www.feuerwehr-volkmarode.de\/","name":"Freiwillige Feuerwehr Volkmarode","description":"#OF33","inLanguage":"de-DE","publisher":{"@id":"https:\/\/www.feuerwehr-volkmarode.de\/#organization"}}]},"og:locale":"de_DE","og:site_name":"Freiwillige Feuerwehr Volkmarode - #OF33","og:type":"article","og:title":"\u00dcbungsdienst - Freiwillige Feuerwehr Volkmarode","og:description":"Die Kameraden der Ortsfeuerwehr Volkmarode treffen sich zu Ihrem w\u00f6chentlichen \u00dcbungsdienst. Im Mittelpunkt des heutigen Dienstes steht die Atemschutzausbildung. Ge\u00fcbt werden verschiedene Suchtechniken Im Ernstfall muss jeder Handgriff sitzen...","og:url":"https:\/\/www.feuerwehr-volkmarode.de\/?p=197","article:published_time":"2015-01-29T19:09:29+00:00","article:modified_time":"2020-08-21T19:05:44+00:00","twitter:card":"summary_large_image","twitter:title":"\u00dcbungsdienst - Freiwillige Feuerwehr Volkmarode","twitter:description":"Die Kameraden der Ortsfeuerwehr Volkmarode treffen sich zu Ihrem w\u00f6chentlichen \u00dcbungsdienst. Im Mittelpunkt des heutigen Dienstes steht die Atemschutzausbildung. Ge\u00fcbt werden verschiedene Suchtechniken Im Ernstfall muss jeder Handgriff sitzen..."},"aioseo_meta_data":{"post_id":"197","title":null,"description":null,"keywords":null,"keyphrases":null,"primary_term":null,"canonical_url":null,"og_title":null,"og_description":null,"og_object_type":"default","og_image_type":"default","og_image_url":null,"og_image_width":null,"og_image_height":null,"og_image_custom_url":null,"og_image_custom_fields":null,"og_video":null,"og_custom_url":null,"og_article_section":null,"og_article_tags":null,"twitter_use_og":false,"twitter_card":"default","twitter_image_type":"default","twitter_image_url":null,"twitter_image_custom_url":null,"twitter_image_custom_fields":null,"twitter_title":null,"twitter_description":null,"schema":{"blockGraphs":[],"customGraphs":[],"default":{"data":{"Article":[],"Course":[],"Dataset":[],"FAQPage":[],"Movie":[],"Person":[],"Product":[],"ProductReview":[],"Car":[],"Recipe":[],"Service":[],"SoftwareApplication":[],"WebPage":[]},"graphName":"","isEnabled":true},"graphs":[]},"schema_type":"default","schema_type_options":null,"pillar_content":false,"robots_default":true,"robots_noindex":false,"robots_noarchive":false,"robots_nosnippet":false,"robots_nofollow":false,"robots_noimageindex":false,"robots_noodp":false,"robots_notranslate":false,"robots_max_snippet":null,"robots_max_videopreview":null,"robots_max_imagepreview":"large","priority":null,"frequency":null,"local_seo":null,"breadcrumb_settings":null,"limit_modified_date":false,"ai":null,"created":"2025-11-19 18:48:42","updated":"2025-11-19 18:48:42","focus_keyword":null,"additional_keywords":null,"truseo_locale":null,"seo_analyzer_scan_date":null},"aioseo_breadcrumb":"<div class=\"aioseo-breadcrumbs\"><span class=\"aioseo-breadcrumb\">\n\t\t\t<a href=\"https:\/\/www.feuerwehr-volkmarode.de\" title=\"Home\">Home<\/a>\n\t\t<\/span><span class=\"aioseo-breadcrumb-separator\">&raquo;<\/span><span class=\"aioseo-breadcrumb\">\n\t\t\t<a href=\"https:\/\/www.feuerwehr-volkmarode.de\/?cat=28\" title=\"\u00dcbungsdienste\">\u00dcbungsdienste<\/a>\n\t\t<\/span><span class=\"aioseo-breadcrumb-separator\">&raquo;<\/span><span class=\"aioseo-breadcrumb\">\n\t\t\t\u00dcbungsdienst\n\t\t<\/span><\/div>","aioseo_breadcrumb_json":[{"label":"Home","link":"https:\/\/www.feuerwehr-volkmarode.de"},{"label":"\u00dcbungsdienste","link":"https:\/\/www.feuerwehr-volkmarode.de\/?cat=28"},{"label":"\u00dcbungsdienst","link":"https:\/\/www.feuerwehr-volkmarode.de\/?p=197"}],"jetpack_featured_media_url":"https:\/\/www.feuerwehr-volkmarode.de\/wp-content\/uploads\/2015\/02\/10429303_1578440079069957_4511632208201894217_n-e1598036754822.jpg","jetpack_publicize_connections":[],"jetpack_sharing_enabled":true,"_links":{"self":[{"href":"https:\/\/www.feuerwehr-volkmarode.de\/index.php?rest_route=\/wp\/v2\/posts\/197","targetHints":{"allow":["GET"]}}],"collection":[{"href":"https:\/\/www.feuerwehr-volkmarode.de\/index.php?rest_route=\/wp\/v2\/posts"}],"about":[{"href":"https:\/\/www.feuerwehr-volkmarode.de\/index.php?rest_route=\/wp\/v2\/types\/post"}],"author":[{"embeddable":true,"href":"https:\/\/www.feuerwehr-volkmarode.de\/index.php?rest_route=\/wp\/v2\/users\/3"}],"replies":[{"embeddable":true,"href":"https:\/\/www.feuerwehr-volkmarode.de\/index.php?rest_route=%2Fwp%2Fv2%2Fcomments&post=197"}],"version-history":[{"count":2,"href":"https:\/\/www.feuerwehr-volkmarode.de\/index.php?rest_route=\/wp\/v2\/posts\/197\/revisions"}],"predecessor-version":[{"id":49019,"href":"https:\/\/www.feuerwehr-volkmarode.de\/index.php?rest_route=\/wp\/v2\/posts\/197\/revisions\/49019"}],"wp:featuredmedia":[{"embeddable":true,"href":"https:\/\/www.feuerwehr-volkmarode.de\/index.php?rest_route=\/wp\/v2\/media\/200"}],"wp:attachment":[{"href":"https:\/\/www.feuerwehr-volkmarode.de\/index.php?rest_route=%2Fwp%2Fv2%2Fmedia&parent=197"}],"wp:term":[{"taxonomy":"category","embeddable":true,"href":"https:\/\/www.feuerwehr-volkmarode.de\/index.php?rest_route=%2Fwp%2Fv2%2Fcategories&post=197"},{"taxonomy":"post_tag","embeddable":true,"href":"https:\/\/www.feuerwehr-volkmarode.de\/index.php?rest_route=%2Fwp%2Fv2%2Ftags&post=197"}],"curies":[{"name":"wp","href":"https:\/\/api.w.org\/{rel}","templated":true}]}}