{"id":1470,"date":"2019-11-17T18:51:31","date_gmt":"2019-11-17T17:51:31","guid":{"rendered":"http:\/\/www.feuerwehr-volkmarode.de\/?p=1470"},"modified":"2020-08-21T20:40:56","modified_gmt":"2020-08-21T18:40:56","slug":"herbstfeuer-akki-gliesmarode","status":"publish","type":"post","link":"https:\/\/www.feuerwehr-volkmarode.de\/?p=1470","title":{"rendered":"Herbstfeuer Akki Gliesmarode"},"content":{"rendered":"\n<p class=\"wp-block-paragraph\">&#x1f6a8;\u00d6ffentlichkeitsarbeit&nbsp;&#x1f692;<\/p>\n\n\n\n<p class=\"wp-block-paragraph\">Am heutigen Abend (15.11.2019)  waren wir im Rahmen der \u00d6ffentlichkeitsarbeit auf dem Aktivspielplatz in Gliesmarode zu Gast. Dort fand das j\u00e4hrliche Herbstfeuer statt.<br><\/p>\n\n\n<p><!--more-->Bei Bratwurst und Punsch beantworteten wir Fragen rund um die Feuerwehr und genossen die wollige W\u00e4rme am Feuer.<!--more--><!--more--><\/p>\n\n\n<figure class=\"wp-block-image is-resized\"><img loading=\"lazy\" decoding=\"async\" src=\"http:\/\/www.feuerwehr-volkmarode.de\/wp-content\/uploads\/2019\/11\/IMG_20191115_185133-1024x768.jpg\" alt=\"\" class=\"wp-image-1471\" width=\"512\" height=\"384\" srcset=\"https:\/\/www.feuerwehr-volkmarode.de\/wp-content\/uploads\/2019\/11\/IMG_20191115_185133-1024x768.jpg 1024w, https:\/\/www.feuerwehr-volkmarode.de\/wp-content\/uploads\/2019\/11\/IMG_20191115_185133-300x225.jpg 300w, https:\/\/www.feuerwehr-volkmarode.de\/wp-content\/uploads\/2019\/11\/IMG_20191115_185133-768x576.jpg 768w\" sizes=\"auto, (max-width: 512px) 100vw, 512px\" \/><\/figure>\n\n\n\n<figure class=\"wp-block-image is-resized\"><img loading=\"lazy\" decoding=\"async\" src=\"http:\/\/www.feuerwehr-volkmarode.de\/wp-content\/uploads\/2019\/11\/IMG_20191115_185159-1024x768.jpg\" alt=\"\" class=\"wp-image-1472\" width=\"512\" height=\"384\"\/><\/figure>\n\n\n\n<figure class=\"wp-block-image is-resized\"><img loading=\"lazy\" decoding=\"async\" src=\"http:\/\/www.feuerwehr-volkmarode.de\/wp-content\/uploads\/2019\/11\/IMG_20191115_190124-768x1024.jpg\" alt=\"\" class=\"wp-image-1473\" width=\"384\" height=\"512\" srcset=\"https:\/\/www.feuerwehr-volkmarode.de\/wp-content\/uploads\/2019\/11\/IMG_20191115_190124-768x1024.jpg 768w, https:\/\/www.feuerwehr-volkmarode.de\/wp-content\/uploads\/2019\/11\/IMG_20191115_190124-225x300.jpg 225w\" sizes=\"auto, (max-width: 384px) 100vw, 384px\" \/><\/figure>\n","protected":false},"excerpt":{"rendered":"<p>&#x1f6a8;\u00d6ffentlichkeitsarbeit&nbsp;&#x1f692; Am heutigen Abend (15.11.2019) waren wir im Rahmen der \u00d6ffentlichkeitsarbeit auf dem Aktivspielplatz in Gliesmarode zu Gast. Dort fand das j\u00e4hrliche Herbstfeuer statt.<\/p>\n","protected":false},"author":3,"featured_media":1472,"comment_status":"closed","ping_status":"open","sticky":false,"template":"","format":"standard","meta":{"_monsterinsights_skip_tracking":false,"spay_email":"","footnotes":"","jetpack_publicize_message":"","jetpack_is_tweetstorm":false,"jetpack_publicize_feature_enabled":true},"categories":[1],"tags":[],"class_list":["post-1470","post","type-post","status-publish","format-standard","has-post-thumbnail","hentry","category-aktuelles"],"aioseo_notices":[],"aioseo_head":"\n\t\t<!-- All in One SEO 5.0.0.1 - aioseo.com -->\n\t<meta name=\"description\" content=\"\ud83d\udea8\u00d6ffentlichkeitsarbeit \ud83d\ude92 Am heutigen Abend (15.11.2019) waren wir im Rahmen der \u00d6ffentlichkeitsarbeit auf dem Aktivspielplatz in Gliesmarode zu Gast. Dort fand das j\u00e4hrliche Herbstfeuer statt. Bei Bratwurst und Punsch beantworteten wir Fragen rund um die Feuerwehr und genossen die wollige W\u00e4rme am Feuer.\" \/>\n\t<meta name=\"robots\" content=\"max-image-preview:large\" \/>\n\t<meta name=\"author\" content=\"Claa\u00dfen\"\/>\n\t<link rel=\"canonical\" href=\"https:\/\/www.feuerwehr-volkmarode.de\/?p=1470\" \/>\n\t<meta name=\"generator\" content=\"All in One SEO (AIOSEO) 5.0.0.1\" \/>\n\t\t<meta property=\"og:locale\" content=\"de_DE\" \/>\n\t\t<meta property=\"og:site_name\" content=\"Freiwillige Feuerwehr Volkmarode - #OF33\" \/>\n\t\t<meta property=\"og:type\" content=\"article\" \/>\n\t\t<meta property=\"og:title\" content=\"Herbstfeuer Akki Gliesmarode - Freiwillige Feuerwehr Volkmarode\" \/>\n\t\t<meta property=\"og:description\" content=\"\ud83d\udea8\u00d6ffentlichkeitsarbeit \ud83d\ude92 Am heutigen Abend (15.11.2019) waren wir im Rahmen der \u00d6ffentlichkeitsarbeit auf dem Aktivspielplatz in Gliesmarode zu Gast. Dort fand das j\u00e4hrliche Herbstfeuer statt. Bei Bratwurst und Punsch beantworteten wir Fragen rund um die Feuerwehr und genossen die wollige W\u00e4rme am Feuer.\" \/>\n\t\t<meta property=\"og:url\" content=\"https:\/\/www.feuerwehr-volkmarode.de\/?p=1470\" \/>\n\t\t<meta property=\"article:published_time\" content=\"2019-11-17T17:51:31+00:00\" \/>\n\t\t<meta property=\"article:modified_time\" content=\"2020-08-21T18:40:56+00:00\" \/>\n\t\t<meta name=\"twitter:card\" content=\"summary_large_image\" \/>\n\t\t<meta name=\"twitter:title\" content=\"Herbstfeuer Akki Gliesmarode - Freiwillige Feuerwehr Volkmarode\" \/>\n\t\t<meta name=\"twitter:description\" content=\"\ud83d\udea8\u00d6ffentlichkeitsarbeit \ud83d\ude92 Am heutigen Abend (15.11.2019) waren wir im Rahmen der \u00d6ffentlichkeitsarbeit auf dem Aktivspielplatz in Gliesmarode zu Gast. Dort fand das j\u00e4hrliche Herbstfeuer statt. Bei Bratwurst und Punsch beantworteten wir Fragen rund um die Feuerwehr und genossen die wollige W\u00e4rme am Feuer.\" \/>\n\t\t<script type=\"application\/ld+json\" class=\"aioseo-schema\">\n\t\t\t{\"@context\":\"https:\\\/\\\/schema.org\",\"@graph\":[{\"@type\":\"BlogPosting\",\"@id\":\"https:\\\/\\\/www.feuerwehr-volkmarode.de\\\/?p=1470#blogposting\",\"name\":\"Herbstfeuer Akki Gliesmarode - Freiwillige Feuerwehr Volkmarode\",\"headline\":\"Herbstfeuer Akki Gliesmarode\",\"author\":{\"@id\":\"https:\\\/\\\/www.feuerwehr-volkmarode.de\\\/?author=3#author\"},\"publisher\":{\"@id\":\"https:\\\/\\\/www.feuerwehr-volkmarode.de\\\/#organization\"},\"image\":{\"@type\":\"ImageObject\",\"url\":\"https:\\\/\\\/www.feuerwehr-volkmarode.de\\\/wp-content\\\/uploads\\\/2019\\\/11\\\/IMG_20191115_185159-e1598034013655.jpg\",\"width\":300,\"height\":225},\"datePublished\":\"2019-11-17T18:51:31+01:00\",\"dateModified\":\"2020-08-21T20:40:56+02:00\",\"inLanguage\":\"de-DE\",\"mainEntityOfPage\":{\"@id\":\"https:\\\/\\\/www.feuerwehr-volkmarode.de\\\/?p=1470#webpage\"},\"isPartOf\":{\"@id\":\"https:\\\/\\\/www.feuerwehr-volkmarode.de\\\/?p=1470#webpage\"},\"articleSection\":\"Aktuelles\"},{\"@type\":\"BreadcrumbList\",\"@id\":\"https:\\\/\\\/www.feuerwehr-volkmarode.de\\\/?p=1470#breadcrumblist\",\"itemListElement\":[{\"@type\":\"ListItem\",\"@id\":\"https:\\\/\\\/www.feuerwehr-volkmarode.de#listItem\",\"position\":1,\"name\":\"Home\",\"item\":\"https:\\\/\\\/www.feuerwehr-volkmarode.de\",\"nextItem\":{\"@type\":\"ListItem\",\"@id\":\"https:\\\/\\\/www.feuerwehr-volkmarode.de\\\/?cat=1#listItem\",\"name\":\"Aktuelles\"}},{\"@type\":\"ListItem\",\"@id\":\"https:\\\/\\\/www.feuerwehr-volkmarode.de\\\/?cat=1#listItem\",\"position\":2,\"name\":\"Aktuelles\",\"item\":\"https:\\\/\\\/www.feuerwehr-volkmarode.de\\\/?cat=1\",\"nextItem\":{\"@type\":\"ListItem\",\"@id\":\"https:\\\/\\\/www.feuerwehr-volkmarode.de\\\/?p=1470#listItem\",\"name\":\"Herbstfeuer Akki Gliesmarode\"},\"previousItem\":{\"@type\":\"ListItem\",\"@id\":\"https:\\\/\\\/www.feuerwehr-volkmarode.de#listItem\",\"name\":\"Home\"}},{\"@type\":\"ListItem\",\"@id\":\"https:\\\/\\\/www.feuerwehr-volkmarode.de\\\/?p=1470#listItem\",\"position\":3,\"name\":\"Herbstfeuer Akki Gliesmarode\",\"previousItem\":{\"@type\":\"ListItem\",\"@id\":\"https:\\\/\\\/www.feuerwehr-volkmarode.de\\\/?cat=1#listItem\",\"name\":\"Aktuelles\"}}]},{\"@type\":\"Organization\",\"@id\":\"https:\\\/\\\/www.feuerwehr-volkmarode.de\\\/#organization\",\"name\":\"Freiwillige Feuerwehr Volkmarode\",\"description\":\"#OF33\",\"url\":\"https:\\\/\\\/www.feuerwehr-volkmarode.de\\\/\"},{\"@type\":\"Person\",\"@id\":\"https:\\\/\\\/www.feuerwehr-volkmarode.de\\\/?author=3#author\",\"url\":\"https:\\\/\\\/www.feuerwehr-volkmarode.de\\\/?author=3\",\"name\":\"Claa\\u00dfen\"},{\"@type\":\"WebPage\",\"@id\":\"https:\\\/\\\/www.feuerwehr-volkmarode.de\\\/?p=1470#webpage\",\"url\":\"https:\\\/\\\/www.feuerwehr-volkmarode.de\\\/?p=1470\",\"name\":\"Herbstfeuer Akki Gliesmarode - Freiwillige Feuerwehr Volkmarode\",\"description\":\"\\ud83d\\udea8\\u00d6ffentlichkeitsarbeit \\ud83d\\ude92 Am heutigen Abend (15.11.2019) waren wir im Rahmen der \\u00d6ffentlichkeitsarbeit auf dem Aktivspielplatz in Gliesmarode zu Gast. Dort fand das j\\u00e4hrliche Herbstfeuer statt. Bei Bratwurst und Punsch beantworteten wir Fragen rund um die Feuerwehr und genossen die wollige W\\u00e4rme am Feuer.\",\"inLanguage\":\"de-DE\",\"isPartOf\":{\"@id\":\"https:\\\/\\\/www.feuerwehr-volkmarode.de\\\/#website\"},\"breadcrumb\":{\"@id\":\"https:\\\/\\\/www.feuerwehr-volkmarode.de\\\/?p=1470#breadcrumblist\"},\"author\":{\"@id\":\"https:\\\/\\\/www.feuerwehr-volkmarode.de\\\/?author=3#author\"},\"creator\":{\"@id\":\"https:\\\/\\\/www.feuerwehr-volkmarode.de\\\/?author=3#author\"},\"image\":{\"@type\":\"ImageObject\",\"url\":\"https:\\\/\\\/www.feuerwehr-volkmarode.de\\\/wp-content\\\/uploads\\\/2019\\\/11\\\/IMG_20191115_185159-e1598034013655.jpg\",\"@id\":\"https:\\\/\\\/www.feuerwehr-volkmarode.de\\\/?p=1470\\\/#mainImage\",\"width\":300,\"height\":225},\"primaryImageOfPage\":{\"@id\":\"https:\\\/\\\/www.feuerwehr-volkmarode.de\\\/?p=1470#mainImage\"},\"datePublished\":\"2019-11-17T18:51:31+01:00\",\"dateModified\":\"2020-08-21T20:40:56+02:00\"},{\"@type\":\"WebSite\",\"@id\":\"https:\\\/\\\/www.feuerwehr-volkmarode.de\\\/#website\",\"url\":\"https:\\\/\\\/www.feuerwehr-volkmarode.de\\\/\",\"name\":\"Freiwillige Feuerwehr Volkmarode\",\"description\":\"#OF33\",\"inLanguage\":\"de-DE\",\"publisher\":{\"@id\":\"https:\\\/\\\/www.feuerwehr-volkmarode.de\\\/#organization\"}}]}\n\t\t<\/script>\n\t\t<!-- All in One SEO -->\n\n","aioseo_head_json":{"title":"Herbstfeuer Akki Gliesmarode - Freiwillige Feuerwehr Volkmarode","description":"\ud83d\udea8\u00d6ffentlichkeitsarbeit \ud83d\ude92 Am heutigen Abend (15.11.2019) waren wir im Rahmen der \u00d6ffentlichkeitsarbeit auf dem Aktivspielplatz in Gliesmarode zu Gast. Dort fand das j\u00e4hrliche Herbstfeuer statt. Bei Bratwurst und Punsch beantworteten wir Fragen rund um die Feuerwehr und genossen die wollige W\u00e4rme am Feuer.","canonical_url":"https:\/\/www.feuerwehr-volkmarode.de\/?p=1470","robots":"max-image-preview:large","keywords":"","webmasterTools":{"miscellaneous":""},"schema":{"@context":"https:\/\/schema.org","@graph":[{"@type":"BlogPosting","@id":"https:\/\/www.feuerwehr-volkmarode.de\/?p=1470#blogposting","name":"Herbstfeuer Akki Gliesmarode - Freiwillige Feuerwehr Volkmarode","headline":"Herbstfeuer Akki Gliesmarode","author":{"@id":"https:\/\/www.feuerwehr-volkmarode.de\/?author=3#author"},"publisher":{"@id":"https:\/\/www.feuerwehr-volkmarode.de\/#organization"},"image":{"@type":"ImageObject","url":"https:\/\/www.feuerwehr-volkmarode.de\/wp-content\/uploads\/2019\/11\/IMG_20191115_185159-e1598034013655.jpg","width":300,"height":225},"datePublished":"2019-11-17T18:51:31+01:00","dateModified":"2020-08-21T20:40:56+02:00","inLanguage":"de-DE","mainEntityOfPage":{"@id":"https:\/\/www.feuerwehr-volkmarode.de\/?p=1470#webpage"},"isPartOf":{"@id":"https:\/\/www.feuerwehr-volkmarode.de\/?p=1470#webpage"},"articleSection":"Aktuelles"},{"@type":"BreadcrumbList","@id":"https:\/\/www.feuerwehr-volkmarode.de\/?p=1470#breadcrumblist","itemListElement":[{"@type":"ListItem","@id":"https:\/\/www.feuerwehr-volkmarode.de#listItem","position":1,"name":"Home","item":"https:\/\/www.feuerwehr-volkmarode.de","nextItem":{"@type":"ListItem","@id":"https:\/\/www.feuerwehr-volkmarode.de\/?cat=1#listItem","name":"Aktuelles"}},{"@type":"ListItem","@id":"https:\/\/www.feuerwehr-volkmarode.de\/?cat=1#listItem","position":2,"name":"Aktuelles","item":"https:\/\/www.feuerwehr-volkmarode.de\/?cat=1","nextItem":{"@type":"ListItem","@id":"https:\/\/www.feuerwehr-volkmarode.de\/?p=1470#listItem","name":"Herbstfeuer Akki Gliesmarode"},"previousItem":{"@type":"ListItem","@id":"https:\/\/www.feuerwehr-volkmarode.de#listItem","name":"Home"}},{"@type":"ListItem","@id":"https:\/\/www.feuerwehr-volkmarode.de\/?p=1470#listItem","position":3,"name":"Herbstfeuer Akki Gliesmarode","previousItem":{"@type":"ListItem","@id":"https:\/\/www.feuerwehr-volkmarode.de\/?cat=1#listItem","name":"Aktuelles"}}]},{"@type":"Organization","@id":"https:\/\/www.feuerwehr-volkmarode.de\/#organization","name":"Freiwillige Feuerwehr Volkmarode","description":"#OF33","url":"https:\/\/www.feuerwehr-volkmarode.de\/"},{"@type":"Person","@id":"https:\/\/www.feuerwehr-volkmarode.de\/?author=3#author","url":"https:\/\/www.feuerwehr-volkmarode.de\/?author=3","name":"Claa\u00dfen"},{"@type":"WebPage","@id":"https:\/\/www.feuerwehr-volkmarode.de\/?p=1470#webpage","url":"https:\/\/www.feuerwehr-volkmarode.de\/?p=1470","name":"Herbstfeuer Akki Gliesmarode - Freiwillige Feuerwehr Volkmarode","description":"\ud83d\udea8\u00d6ffentlichkeitsarbeit \ud83d\ude92 Am heutigen Abend (15.11.2019) waren wir im Rahmen der \u00d6ffentlichkeitsarbeit auf dem Aktivspielplatz in Gliesmarode zu Gast. Dort fand das j\u00e4hrliche Herbstfeuer statt. Bei Bratwurst und Punsch beantworteten wir Fragen rund um die Feuerwehr und genossen die wollige W\u00e4rme am Feuer.","inLanguage":"de-DE","isPartOf":{"@id":"https:\/\/www.feuerwehr-volkmarode.de\/#website"},"breadcrumb":{"@id":"https:\/\/www.feuerwehr-volkmarode.de\/?p=1470#breadcrumblist"},"author":{"@id":"https:\/\/www.feuerwehr-volkmarode.de\/?author=3#author"},"creator":{"@id":"https:\/\/www.feuerwehr-volkmarode.de\/?author=3#author"},"image":{"@type":"ImageObject","url":"https:\/\/www.feuerwehr-volkmarode.de\/wp-content\/uploads\/2019\/11\/IMG_20191115_185159-e1598034013655.jpg","@id":"https:\/\/www.feuerwehr-volkmarode.de\/?p=1470\/#mainImage","width":300,"height":225},"primaryImageOfPage":{"@id":"https:\/\/www.feuerwehr-volkmarode.de\/?p=1470#mainImage"},"datePublished":"2019-11-17T18:51:31+01:00","dateModified":"2020-08-21T20:40:56+02:00"},{"@type":"WebSite","@id":"https:\/\/www.feuerwehr-volkmarode.de\/#website","url":"https:\/\/www.feuerwehr-volkmarode.de\/","name":"Freiwillige Feuerwehr Volkmarode","description":"#OF33","inLanguage":"de-DE","publisher":{"@id":"https:\/\/www.feuerwehr-volkmarode.de\/#organization"}}]},"og:locale":"de_DE","og:site_name":"Freiwillige Feuerwehr Volkmarode - #OF33","og:type":"article","og:title":"Herbstfeuer Akki Gliesmarode - Freiwillige Feuerwehr Volkmarode","og:description":"\ud83d\udea8\u00d6ffentlichkeitsarbeit \ud83d\ude92 Am heutigen Abend (15.11.2019) waren wir im Rahmen der \u00d6ffentlichkeitsarbeit auf dem Aktivspielplatz in Gliesmarode zu Gast. Dort fand das j\u00e4hrliche Herbstfeuer statt. Bei Bratwurst und Punsch beantworteten wir Fragen rund um die Feuerwehr und genossen die wollige W\u00e4rme am Feuer.","og:url":"https:\/\/www.feuerwehr-volkmarode.de\/?p=1470","article:published_time":"2019-11-17T17:51:31+00:00","article:modified_time":"2020-08-21T18:40:56+00:00","twitter:card":"summary_large_image","twitter:title":"Herbstfeuer Akki Gliesmarode - Freiwillige Feuerwehr Volkmarode","twitter:description":"\ud83d\udea8\u00d6ffentlichkeitsarbeit \ud83d\ude92 Am heutigen Abend (15.11.2019) waren wir im Rahmen der \u00d6ffentlichkeitsarbeit auf dem Aktivspielplatz in Gliesmarode zu Gast. Dort fand das j\u00e4hrliche Herbstfeuer statt. Bei Bratwurst und Punsch beantworteten wir Fragen rund um die Feuerwehr und genossen die wollige W\u00e4rme am Feuer."},"aioseo_meta_data":{"post_id":"1470","title":null,"description":null,"keywords":null,"keyphrases":null,"primary_term":null,"canonical_url":null,"og_title":null,"og_description":null,"og_object_type":"default","og_image_type":"default","og_image_url":null,"og_image_width":null,"og_image_height":null,"og_image_custom_url":null,"og_image_custom_fields":null,"og_video":null,"og_custom_url":null,"og_article_section":null,"og_article_tags":null,"twitter_use_og":false,"twitter_card":"default","twitter_image_type":"default","twitter_image_url":null,"twitter_image_custom_url":null,"twitter_image_custom_fields":null,"twitter_title":null,"twitter_description":null,"schema":{"blockGraphs":[],"customGraphs":[],"default":{"data":{"Article":[],"Course":[],"Dataset":[],"FAQPage":[],"Movie":[],"Person":[],"Product":[],"ProductReview":[],"Car":[],"Recipe":[],"Service":[],"SoftwareApplication":[],"WebPage":[]},"graphName":"","isEnabled":true},"graphs":[]},"schema_type":"default","schema_type_options":null,"pillar_content":false,"robots_default":true,"robots_noindex":false,"robots_noarchive":false,"robots_nosnippet":false,"robots_nofollow":false,"robots_noimageindex":false,"robots_noodp":false,"robots_notranslate":false,"robots_max_snippet":null,"robots_max_videopreview":null,"robots_max_imagepreview":"large","priority":null,"frequency":null,"local_seo":null,"breadcrumb_settings":null,"limit_modified_date":false,"ai":null,"created":"2025-11-19 19:12:22","updated":"2025-11-19 19:12:22","focus_keyword":null,"additional_keywords":null,"truseo_locale":null,"seo_analyzer_scan_date":null},"aioseo_breadcrumb":"<div class=\"aioseo-breadcrumbs\"><span class=\"aioseo-breadcrumb\">\n\t\t\t<a href=\"https:\/\/www.feuerwehr-volkmarode.de\" title=\"Home\">Home<\/a>\n\t\t<\/span><span class=\"aioseo-breadcrumb-separator\">&raquo;<\/span><span class=\"aioseo-breadcrumb\">\n\t\t\t<a href=\"https:\/\/www.feuerwehr-volkmarode.de\/?cat=1\" title=\"Aktuelles\">Aktuelles<\/a>\n\t\t<\/span><span class=\"aioseo-breadcrumb-separator\">&raquo;<\/span><span class=\"aioseo-breadcrumb\">\n\t\t\tHerbstfeuer Akki Gliesmarode\n\t\t<\/span><\/div>","aioseo_breadcrumb_json":[{"label":"Home","link":"https:\/\/www.feuerwehr-volkmarode.de"},{"label":"Aktuelles","link":"https:\/\/www.feuerwehr-volkmarode.de\/?cat=1"},{"label":"Herbstfeuer Akki Gliesmarode","link":"https:\/\/www.feuerwehr-volkmarode.de\/?p=1470"}],"jetpack_featured_media_url":"https:\/\/www.feuerwehr-volkmarode.de\/wp-content\/uploads\/2019\/11\/IMG_20191115_185159-e1598034013655.jpg","jetpack_publicize_connections":[],"jetpack_sharing_enabled":true,"_links":{"self":[{"href":"https:\/\/www.feuerwehr-volkmarode.de\/index.php?rest_route=\/wp\/v2\/posts\/1470","targetHints":{"allow":["GET"]}}],"collection":[{"href":"https:\/\/www.feuerwehr-volkmarode.de\/index.php?rest_route=\/wp\/v2\/posts"}],"about":[{"href":"https:\/\/www.feuerwehr-volkmarode.de\/index.php?rest_route=\/wp\/v2\/types\/post"}],"author":[{"embeddable":true,"href":"https:\/\/www.feuerwehr-volkmarode.de\/index.php?rest_route=\/wp\/v2\/users\/3"}],"replies":[{"embeddable":true,"href":"https:\/\/www.feuerwehr-volkmarode.de\/index.php?rest_route=%2Fwp%2Fv2%2Fcomments&post=1470"}],"version-history":[{"count":4,"href":"https:\/\/www.feuerwehr-volkmarode.de\/index.php?rest_route=\/wp\/v2\/posts\/1470\/revisions"}],"predecessor-version":[{"id":48993,"href":"https:\/\/www.feuerwehr-volkmarode.de\/index.php?rest_route=\/wp\/v2\/posts\/1470\/revisions\/48993"}],"wp:featuredmedia":[{"embeddable":true,"href":"https:\/\/www.feuerwehr-volkmarode.de\/index.php?rest_route=\/wp\/v2\/media\/1472"}],"wp:attachment":[{"href":"https:\/\/www.feuerwehr-volkmarode.de\/index.php?rest_route=%2Fwp%2Fv2%2Fmedia&parent=1470"}],"wp:term":[{"taxonomy":"category","embeddable":true,"href":"https:\/\/www.feuerwehr-volkmarode.de\/index.php?rest_route=%2Fwp%2Fv2%2Fcategories&post=1470"},{"taxonomy":"post_tag","embeddable":true,"href":"https:\/\/www.feuerwehr-volkmarode.de\/index.php?rest_route=%2Fwp%2Fv2%2Ftags&post=1470"}],"curies":[{"name":"wp","href":"https:\/\/api.w.org\/{rel}","templated":true}]}}