{"id":1223,"date":"2018-11-18T12:55:31","date_gmt":"2018-11-18T11:55:31","guid":{"rendered":"http:\/\/www.feuerwehr-volkmarode.de\/?p=1223"},"modified":"2020-08-21T20:22:48","modified_gmt":"2020-08-21T18:22:48","slug":"volkstrauertag-2018","status":"publish","type":"post","link":"https:\/\/www.feuerwehr-volkmarode.de\/?p=1223","title":{"rendered":"Volkstrauertag 2018"},"content":{"rendered":"<p>Am heutigen&nbsp;<a href=\"https:\/\/www.instagram.com\/explore\/tags\/volkstrauertag\/\">#Volkstrauertag<\/a>, ehrten die Kameraden der&nbsp;<a href=\"https:\/\/www.instagram.com\/explore\/tags\/ortsfeuerwehr\/\">#Ortsfeuerwehr<\/a>&nbsp;<a href=\"https:\/\/www.instagram.com\/explore\/tags\/volkmarode\/\">#Volkmarode<\/a>&nbsp;all jene, die durch Krieg, Hass, Gewalt oder Terror ihr Leben in den beiden Weltkriegen und im Nationalsozialismus verloren.<!--more--><\/p>\n<p>\u201eKrieg war die Tat,<br \/>\nBlut und Tr\u00e4nen war die Saat,&nbsp;<br \/>\nM\u00f6gen Frieden und Freiheit&nbsp;<br \/>\ndie Fr\u00fcchte sein.\u201c<\/p>\n<p><a href=\"https:\/\/www.instagram.com\/explore\/tags\/ehrenamt\/\">#ehrenamt<\/a>&nbsp;<a href=\"https:\/\/www.instagram.com\/explore\/tags\/feuerwehr\/\">#feuerwehr<\/a>&nbsp;<a href=\"https:\/\/www.instagram.com\/explore\/tags\/freiwilligefeuerwehr\/\">#freiwilligefeuerwehr<\/a><a href=\"https:\/\/www.instagram.com\/explore\/tags\/112\/\">#112<\/a>&nbsp;<a href=\"https:\/\/www.instagram.com\/explore\/tags\/braunschweig\/\">#braunschweig<\/a>&nbsp;<a href=\"https:\/\/www.instagram.com\/explore\/tags\/denkmal\/\">#denkmal<\/a><a href=\"https:\/\/www.instagram.com\/explore\/tags\/ffwvolkmarode\/\">#ffwvolkmarode<\/a><\/p>\n<p><a href=\"http:\/\/www.feuerwehr-volkmarode.de\/wp-content\/uploads\/2018\/11\/IMG_20181118_114504.jpg\"><img loading=\"lazy\" decoding=\"async\" class=\"alignnone wp-image-1224 size-full\" src=\"http:\/\/www.feuerwehr-volkmarode.de\/wp-content\/uploads\/2018\/11\/IMG_20181118_114504.jpg\" alt=\"\" width=\"3968\" height=\"2976\"><\/a><!--more--><!--more--><\/p>\n","protected":false},"excerpt":{"rendered":"<p>Am heutigen&nbsp;#Volkstrauertag, ehrten die Kameraden der&nbsp;#Ortsfeuerwehr&nbsp;#Volkmarode&nbsp;all jene, die durch Krieg, Hass, Gewalt oder Terror ihr Leben in den beiden Weltkriegen und im Nationalsozialismus verloren.<\/p>\n","protected":false},"author":3,"featured_media":1224,"comment_status":"closed","ping_status":"open","sticky":false,"template":"","format":"standard","meta":{"_monsterinsights_skip_tracking":false,"spay_email":"","footnotes":"","jetpack_publicize_message":"","jetpack_is_tweetstorm":false,"jetpack_publicize_feature_enabled":true},"categories":[1],"tags":[109],"class_list":["post-1223","post","type-post","status-publish","format-standard","has-post-thumbnail","hentry","category-aktuelles","tag-volkstrauertag"],"aioseo_notices":[],"aioseo_head":"\n\t\t<!-- All in One SEO 5.0.0.1 - aioseo.com -->\n\t<meta name=\"description\" content=\"Am heutigen #Volkstrauertag, ehrten die Kameraden der #Ortsfeuerwehr #Volkmarode all jene, die durch Krieg, Hass, Gewalt oder Terror ihr Leben in den beiden Weltkriegen und im Nationalsozialismus verloren. \u201eKrieg war die Tat, Blut und Tr\u00e4nen war die Saat, M\u00f6gen Frieden und Freiheit die Fr\u00fcchte sein.\u201c #ehrenamt #feuerwehr #freiwilligefeuerwehr#112 #braunschweig #denkmal#ffwvolkmarode\" \/>\n\t<meta name=\"robots\" content=\"max-image-preview:large\" \/>\n\t<meta name=\"author\" content=\"Claa\u00dfen\"\/>\n\t<link rel=\"canonical\" href=\"https:\/\/www.feuerwehr-volkmarode.de\/?p=1223\" \/>\n\t<meta name=\"generator\" content=\"All in One SEO (AIOSEO) 5.0.0.1\" \/>\n\t\t<meta property=\"og:locale\" content=\"de_DE\" \/>\n\t\t<meta property=\"og:site_name\" content=\"Freiwillige Feuerwehr Volkmarode - #OF33\" \/>\n\t\t<meta property=\"og:type\" content=\"article\" \/>\n\t\t<meta property=\"og:title\" content=\"Volkstrauertag 2018 - Freiwillige Feuerwehr Volkmarode\" \/>\n\t\t<meta property=\"og:description\" content=\"Am heutigen #Volkstrauertag, ehrten die Kameraden der #Ortsfeuerwehr #Volkmarode all jene, die durch Krieg, Hass, Gewalt oder Terror ihr Leben in den beiden Weltkriegen und im Nationalsozialismus verloren. \u201eKrieg war die Tat, Blut und Tr\u00e4nen war die Saat, M\u00f6gen Frieden und Freiheit die Fr\u00fcchte sein.\u201c #ehrenamt #feuerwehr #freiwilligefeuerwehr#112 #braunschweig #denkmal#ffwvolkmarode\" \/>\n\t\t<meta property=\"og:url\" content=\"https:\/\/www.feuerwehr-volkmarode.de\/?p=1223\" \/>\n\t\t<meta property=\"article:published_time\" content=\"2018-11-18T11:55:31+00:00\" \/>\n\t\t<meta property=\"article:modified_time\" content=\"2020-08-21T18:22:48+00:00\" \/>\n\t\t<meta name=\"twitter:card\" content=\"summary_large_image\" \/>\n\t\t<meta name=\"twitter:title\" content=\"Volkstrauertag 2018 - Freiwillige Feuerwehr Volkmarode\" \/>\n\t\t<meta name=\"twitter:description\" content=\"Am heutigen #Volkstrauertag, ehrten die Kameraden der #Ortsfeuerwehr #Volkmarode all jene, die durch Krieg, Hass, Gewalt oder Terror ihr Leben in den beiden Weltkriegen und im Nationalsozialismus verloren. \u201eKrieg war die Tat, Blut und Tr\u00e4nen war die Saat, M\u00f6gen Frieden und Freiheit die Fr\u00fcchte sein.\u201c #ehrenamt #feuerwehr #freiwilligefeuerwehr#112 #braunschweig #denkmal#ffwvolkmarode\" \/>\n\t\t<script type=\"application\/ld+json\" class=\"aioseo-schema\">\n\t\t\t{\"@context\":\"https:\\\/\\\/schema.org\",\"@graph\":[{\"@type\":\"BlogPosting\",\"@id\":\"https:\\\/\\\/www.feuerwehr-volkmarode.de\\\/?p=1223#blogposting\",\"name\":\"Volkstrauertag 2018 - Freiwillige Feuerwehr Volkmarode\",\"headline\":\"Volkstrauertag 2018\",\"author\":{\"@id\":\"https:\\\/\\\/www.feuerwehr-volkmarode.de\\\/?author=3#author\"},\"publisher\":{\"@id\":\"https:\\\/\\\/www.feuerwehr-volkmarode.de\\\/#organization\"},\"image\":{\"@type\":\"ImageObject\",\"url\":\"https:\\\/\\\/www.feuerwehr-volkmarode.de\\\/wp-content\\\/uploads\\\/2018\\\/11\\\/IMG_20181118_114504-e1598034129832.jpg\",\"width\":300,\"height\":225,\"caption\":\"cof\"},\"datePublished\":\"2018-11-18T12:55:31+01:00\",\"dateModified\":\"2020-08-21T20:22:48+02:00\",\"inLanguage\":\"de-DE\",\"mainEntityOfPage\":{\"@id\":\"https:\\\/\\\/www.feuerwehr-volkmarode.de\\\/?p=1223#webpage\"},\"isPartOf\":{\"@id\":\"https:\\\/\\\/www.feuerwehr-volkmarode.de\\\/?p=1223#webpage\"},\"articleSection\":\"Aktuelles, Volkstrauertag\"},{\"@type\":\"BreadcrumbList\",\"@id\":\"https:\\\/\\\/www.feuerwehr-volkmarode.de\\\/?p=1223#breadcrumblist\",\"itemListElement\":[{\"@type\":\"ListItem\",\"@id\":\"https:\\\/\\\/www.feuerwehr-volkmarode.de#listItem\",\"position\":1,\"name\":\"Home\",\"item\":\"https:\\\/\\\/www.feuerwehr-volkmarode.de\",\"nextItem\":{\"@type\":\"ListItem\",\"@id\":\"https:\\\/\\\/www.feuerwehr-volkmarode.de\\\/?cat=1#listItem\",\"name\":\"Aktuelles\"}},{\"@type\":\"ListItem\",\"@id\":\"https:\\\/\\\/www.feuerwehr-volkmarode.de\\\/?cat=1#listItem\",\"position\":2,\"name\":\"Aktuelles\",\"item\":\"https:\\\/\\\/www.feuerwehr-volkmarode.de\\\/?cat=1\",\"nextItem\":{\"@type\":\"ListItem\",\"@id\":\"https:\\\/\\\/www.feuerwehr-volkmarode.de\\\/?p=1223#listItem\",\"name\":\"Volkstrauertag 2018\"},\"previousItem\":{\"@type\":\"ListItem\",\"@id\":\"https:\\\/\\\/www.feuerwehr-volkmarode.de#listItem\",\"name\":\"Home\"}},{\"@type\":\"ListItem\",\"@id\":\"https:\\\/\\\/www.feuerwehr-volkmarode.de\\\/?p=1223#listItem\",\"position\":3,\"name\":\"Volkstrauertag 2018\",\"previousItem\":{\"@type\":\"ListItem\",\"@id\":\"https:\\\/\\\/www.feuerwehr-volkmarode.de\\\/?cat=1#listItem\",\"name\":\"Aktuelles\"}}]},{\"@type\":\"Organization\",\"@id\":\"https:\\\/\\\/www.feuerwehr-volkmarode.de\\\/#organization\",\"name\":\"Freiwillige Feuerwehr Volkmarode\",\"description\":\"#OF33\",\"url\":\"https:\\\/\\\/www.feuerwehr-volkmarode.de\\\/\"},{\"@type\":\"Person\",\"@id\":\"https:\\\/\\\/www.feuerwehr-volkmarode.de\\\/?author=3#author\",\"url\":\"https:\\\/\\\/www.feuerwehr-volkmarode.de\\\/?author=3\",\"name\":\"Claa\\u00dfen\"},{\"@type\":\"WebPage\",\"@id\":\"https:\\\/\\\/www.feuerwehr-volkmarode.de\\\/?p=1223#webpage\",\"url\":\"https:\\\/\\\/www.feuerwehr-volkmarode.de\\\/?p=1223\",\"name\":\"Volkstrauertag 2018 - Freiwillige Feuerwehr Volkmarode\",\"description\":\"Am heutigen #Volkstrauertag, ehrten die Kameraden der #Ortsfeuerwehr #Volkmarode all jene, die durch Krieg, Hass, Gewalt oder Terror ihr Leben in den beiden Weltkriegen und im Nationalsozialismus verloren. \\u201eKrieg war die Tat, Blut und Tr\\u00e4nen war die Saat, M\\u00f6gen Frieden und Freiheit die Fr\\u00fcchte sein.\\u201c #ehrenamt #feuerwehr #freiwilligefeuerwehr#112 #braunschweig #denkmal#ffwvolkmarode\",\"inLanguage\":\"de-DE\",\"isPartOf\":{\"@id\":\"https:\\\/\\\/www.feuerwehr-volkmarode.de\\\/#website\"},\"breadcrumb\":{\"@id\":\"https:\\\/\\\/www.feuerwehr-volkmarode.de\\\/?p=1223#breadcrumblist\"},\"author\":{\"@id\":\"https:\\\/\\\/www.feuerwehr-volkmarode.de\\\/?author=3#author\"},\"creator\":{\"@id\":\"https:\\\/\\\/www.feuerwehr-volkmarode.de\\\/?author=3#author\"},\"image\":{\"@type\":\"ImageObject\",\"url\":\"https:\\\/\\\/www.feuerwehr-volkmarode.de\\\/wp-content\\\/uploads\\\/2018\\\/11\\\/IMG_20181118_114504-e1598034129832.jpg\",\"@id\":\"https:\\\/\\\/www.feuerwehr-volkmarode.de\\\/?p=1223\\\/#mainImage\",\"width\":300,\"height\":225,\"caption\":\"cof\"},\"primaryImageOfPage\":{\"@id\":\"https:\\\/\\\/www.feuerwehr-volkmarode.de\\\/?p=1223#mainImage\"},\"datePublished\":\"2018-11-18T12:55:31+01:00\",\"dateModified\":\"2020-08-21T20:22:48+02:00\"},{\"@type\":\"WebSite\",\"@id\":\"https:\\\/\\\/www.feuerwehr-volkmarode.de\\\/#website\",\"url\":\"https:\\\/\\\/www.feuerwehr-volkmarode.de\\\/\",\"name\":\"Freiwillige Feuerwehr Volkmarode\",\"description\":\"#OF33\",\"inLanguage\":\"de-DE\",\"publisher\":{\"@id\":\"https:\\\/\\\/www.feuerwehr-volkmarode.de\\\/#organization\"}}]}\n\t\t<\/script>\n\t\t<!-- All in One SEO -->\n\n","aioseo_head_json":{"title":"Volkstrauertag 2018 - Freiwillige Feuerwehr Volkmarode","description":"Am heutigen #Volkstrauertag, ehrten die Kameraden der #Ortsfeuerwehr #Volkmarode all jene, die durch Krieg, Hass, Gewalt oder Terror ihr Leben in den beiden Weltkriegen und im Nationalsozialismus verloren. \u201eKrieg war die Tat, Blut und Tr\u00e4nen war die Saat, M\u00f6gen Frieden und Freiheit die Fr\u00fcchte sein.\u201c #ehrenamt #feuerwehr #freiwilligefeuerwehr#112 #braunschweig #denkmal#ffwvolkmarode","canonical_url":"https:\/\/www.feuerwehr-volkmarode.de\/?p=1223","robots":"max-image-preview:large","keywords":"","webmasterTools":{"miscellaneous":""},"schema":{"@context":"https:\/\/schema.org","@graph":[{"@type":"BlogPosting","@id":"https:\/\/www.feuerwehr-volkmarode.de\/?p=1223#blogposting","name":"Volkstrauertag 2018 - Freiwillige Feuerwehr Volkmarode","headline":"Volkstrauertag 2018","author":{"@id":"https:\/\/www.feuerwehr-volkmarode.de\/?author=3#author"},"publisher":{"@id":"https:\/\/www.feuerwehr-volkmarode.de\/#organization"},"image":{"@type":"ImageObject","url":"https:\/\/www.feuerwehr-volkmarode.de\/wp-content\/uploads\/2018\/11\/IMG_20181118_114504-e1598034129832.jpg","width":300,"height":225,"caption":"cof"},"datePublished":"2018-11-18T12:55:31+01:00","dateModified":"2020-08-21T20:22:48+02:00","inLanguage":"de-DE","mainEntityOfPage":{"@id":"https:\/\/www.feuerwehr-volkmarode.de\/?p=1223#webpage"},"isPartOf":{"@id":"https:\/\/www.feuerwehr-volkmarode.de\/?p=1223#webpage"},"articleSection":"Aktuelles, Volkstrauertag"},{"@type":"BreadcrumbList","@id":"https:\/\/www.feuerwehr-volkmarode.de\/?p=1223#breadcrumblist","itemListElement":[{"@type":"ListItem","@id":"https:\/\/www.feuerwehr-volkmarode.de#listItem","position":1,"name":"Home","item":"https:\/\/www.feuerwehr-volkmarode.de","nextItem":{"@type":"ListItem","@id":"https:\/\/www.feuerwehr-volkmarode.de\/?cat=1#listItem","name":"Aktuelles"}},{"@type":"ListItem","@id":"https:\/\/www.feuerwehr-volkmarode.de\/?cat=1#listItem","position":2,"name":"Aktuelles","item":"https:\/\/www.feuerwehr-volkmarode.de\/?cat=1","nextItem":{"@type":"ListItem","@id":"https:\/\/www.feuerwehr-volkmarode.de\/?p=1223#listItem","name":"Volkstrauertag 2018"},"previousItem":{"@type":"ListItem","@id":"https:\/\/www.feuerwehr-volkmarode.de#listItem","name":"Home"}},{"@type":"ListItem","@id":"https:\/\/www.feuerwehr-volkmarode.de\/?p=1223#listItem","position":3,"name":"Volkstrauertag 2018","previousItem":{"@type":"ListItem","@id":"https:\/\/www.feuerwehr-volkmarode.de\/?cat=1#listItem","name":"Aktuelles"}}]},{"@type":"Organization","@id":"https:\/\/www.feuerwehr-volkmarode.de\/#organization","name":"Freiwillige Feuerwehr Volkmarode","description":"#OF33","url":"https:\/\/www.feuerwehr-volkmarode.de\/"},{"@type":"Person","@id":"https:\/\/www.feuerwehr-volkmarode.de\/?author=3#author","url":"https:\/\/www.feuerwehr-volkmarode.de\/?author=3","name":"Claa\u00dfen"},{"@type":"WebPage","@id":"https:\/\/www.feuerwehr-volkmarode.de\/?p=1223#webpage","url":"https:\/\/www.feuerwehr-volkmarode.de\/?p=1223","name":"Volkstrauertag 2018 - Freiwillige Feuerwehr Volkmarode","description":"Am heutigen #Volkstrauertag, ehrten die Kameraden der #Ortsfeuerwehr #Volkmarode all jene, die durch Krieg, Hass, Gewalt oder Terror ihr Leben in den beiden Weltkriegen und im Nationalsozialismus verloren. \u201eKrieg war die Tat, Blut und Tr\u00e4nen war die Saat, M\u00f6gen Frieden und Freiheit die Fr\u00fcchte sein.\u201c #ehrenamt #feuerwehr #freiwilligefeuerwehr#112 #braunschweig #denkmal#ffwvolkmarode","inLanguage":"de-DE","isPartOf":{"@id":"https:\/\/www.feuerwehr-volkmarode.de\/#website"},"breadcrumb":{"@id":"https:\/\/www.feuerwehr-volkmarode.de\/?p=1223#breadcrumblist"},"author":{"@id":"https:\/\/www.feuerwehr-volkmarode.de\/?author=3#author"},"creator":{"@id":"https:\/\/www.feuerwehr-volkmarode.de\/?author=3#author"},"image":{"@type":"ImageObject","url":"https:\/\/www.feuerwehr-volkmarode.de\/wp-content\/uploads\/2018\/11\/IMG_20181118_114504-e1598034129832.jpg","@id":"https:\/\/www.feuerwehr-volkmarode.de\/?p=1223\/#mainImage","width":300,"height":225,"caption":"cof"},"primaryImageOfPage":{"@id":"https:\/\/www.feuerwehr-volkmarode.de\/?p=1223#mainImage"},"datePublished":"2018-11-18T12:55:31+01:00","dateModified":"2020-08-21T20:22:48+02:00"},{"@type":"WebSite","@id":"https:\/\/www.feuerwehr-volkmarode.de\/#website","url":"https:\/\/www.feuerwehr-volkmarode.de\/","name":"Freiwillige Feuerwehr Volkmarode","description":"#OF33","inLanguage":"de-DE","publisher":{"@id":"https:\/\/www.feuerwehr-volkmarode.de\/#organization"}}]},"og:locale":"de_DE","og:site_name":"Freiwillige Feuerwehr Volkmarode - #OF33","og:type":"article","og:title":"Volkstrauertag 2018 - Freiwillige Feuerwehr Volkmarode","og:description":"Am heutigen #Volkstrauertag, ehrten die Kameraden der #Ortsfeuerwehr #Volkmarode all jene, die durch Krieg, Hass, Gewalt oder Terror ihr Leben in den beiden Weltkriegen und im Nationalsozialismus verloren. \u201eKrieg war die Tat, Blut und Tr\u00e4nen war die Saat, M\u00f6gen Frieden und Freiheit die Fr\u00fcchte sein.\u201c #ehrenamt #feuerwehr #freiwilligefeuerwehr#112 #braunschweig #denkmal#ffwvolkmarode","og:url":"https:\/\/www.feuerwehr-volkmarode.de\/?p=1223","article:published_time":"2018-11-18T11:55:31+00:00","article:modified_time":"2020-08-21T18:22:48+00:00","twitter:card":"summary_large_image","twitter:title":"Volkstrauertag 2018 - Freiwillige Feuerwehr Volkmarode","twitter:description":"Am heutigen #Volkstrauertag, ehrten die Kameraden der #Ortsfeuerwehr #Volkmarode all jene, die durch Krieg, Hass, Gewalt oder Terror ihr Leben in den beiden Weltkriegen und im Nationalsozialismus verloren. \u201eKrieg war die Tat, Blut und Tr\u00e4nen war die Saat, M\u00f6gen Frieden und Freiheit die Fr\u00fcchte sein.\u201c #ehrenamt #feuerwehr #freiwilligefeuerwehr#112 #braunschweig #denkmal#ffwvolkmarode"},"aioseo_meta_data":{"post_id":"1223","title":null,"description":null,"keywords":null,"keyphrases":null,"primary_term":null,"canonical_url":null,"og_title":null,"og_description":null,"og_object_type":"default","og_image_type":"default","og_image_url":null,"og_image_width":null,"og_image_height":null,"og_image_custom_url":null,"og_image_custom_fields":null,"og_video":null,"og_custom_url":null,"og_article_section":null,"og_article_tags":null,"twitter_use_og":false,"twitter_card":"default","twitter_image_type":"default","twitter_image_url":null,"twitter_image_custom_url":null,"twitter_image_custom_fields":null,"twitter_title":null,"twitter_description":null,"schema":{"blockGraphs":[],"customGraphs":[],"default":{"data":{"Article":[],"Course":[],"Dataset":[],"FAQPage":[],"Movie":[],"Person":[],"Product":[],"ProductReview":[],"Car":[],"Recipe":[],"Service":[],"SoftwareApplication":[],"WebPage":[]},"graphName":"","isEnabled":true},"graphs":[]},"schema_type":"default","schema_type_options":null,"pillar_content":false,"robots_default":true,"robots_noindex":false,"robots_noarchive":false,"robots_nosnippet":false,"robots_nofollow":false,"robots_noimageindex":false,"robots_noodp":false,"robots_notranslate":false,"robots_max_snippet":null,"robots_max_videopreview":null,"robots_max_imagepreview":"large","priority":null,"frequency":null,"local_seo":null,"breadcrumb_settings":null,"limit_modified_date":false,"ai":null,"created":"2025-11-19 19:07:39","updated":"2025-11-19 19:07:39","focus_keyword":null,"additional_keywords":null,"truseo_locale":null,"seo_analyzer_scan_date":null},"aioseo_breadcrumb":"<div class=\"aioseo-breadcrumbs\"><span class=\"aioseo-breadcrumb\">\n\t\t\t<a href=\"https:\/\/www.feuerwehr-volkmarode.de\" title=\"Home\">Home<\/a>\n\t\t<\/span><span class=\"aioseo-breadcrumb-separator\">&raquo;<\/span><span class=\"aioseo-breadcrumb\">\n\t\t\t<a href=\"https:\/\/www.feuerwehr-volkmarode.de\/?cat=1\" title=\"Aktuelles\">Aktuelles<\/a>\n\t\t<\/span><span class=\"aioseo-breadcrumb-separator\">&raquo;<\/span><span class=\"aioseo-breadcrumb\">\n\t\t\tVolkstrauertag 2018\n\t\t<\/span><\/div>","aioseo_breadcrumb_json":[{"label":"Home","link":"https:\/\/www.feuerwehr-volkmarode.de"},{"label":"Aktuelles","link":"https:\/\/www.feuerwehr-volkmarode.de\/?cat=1"},{"label":"Volkstrauertag 2018","link":"https:\/\/www.feuerwehr-volkmarode.de\/?p=1223"}],"jetpack_featured_media_url":"https:\/\/www.feuerwehr-volkmarode.de\/wp-content\/uploads\/2018\/11\/IMG_20181118_114504-e1598034129832.jpg","jetpack_publicize_connections":[],"jetpack_sharing_enabled":true,"_links":{"self":[{"href":"https:\/\/www.feuerwehr-volkmarode.de\/index.php?rest_route=\/wp\/v2\/posts\/1223","targetHints":{"allow":["GET"]}}],"collection":[{"href":"https:\/\/www.feuerwehr-volkmarode.de\/index.php?rest_route=\/wp\/v2\/posts"}],"about":[{"href":"https:\/\/www.feuerwehr-volkmarode.de\/index.php?rest_route=\/wp\/v2\/types\/post"}],"author":[{"embeddable":true,"href":"https:\/\/www.feuerwehr-volkmarode.de\/index.php?rest_route=\/wp\/v2\/users\/3"}],"replies":[{"embeddable":true,"href":"https:\/\/www.feuerwehr-volkmarode.de\/index.php?rest_route=%2Fwp%2Fv2%2Fcomments&post=1223"}],"version-history":[{"count":4,"href":"https:\/\/www.feuerwehr-volkmarode.de\/index.php?rest_route=\/wp\/v2\/posts\/1223\/revisions"}],"predecessor-version":[{"id":48986,"href":"https:\/\/www.feuerwehr-volkmarode.de\/index.php?rest_route=\/wp\/v2\/posts\/1223\/revisions\/48986"}],"wp:featuredmedia":[{"embeddable":true,"href":"https:\/\/www.feuerwehr-volkmarode.de\/index.php?rest_route=\/wp\/v2\/media\/1224"}],"wp:attachment":[{"href":"https:\/\/www.feuerwehr-volkmarode.de\/index.php?rest_route=%2Fwp%2Fv2%2Fmedia&parent=1223"}],"wp:term":[{"taxonomy":"category","embeddable":true,"href":"https:\/\/www.feuerwehr-volkmarode.de\/index.php?rest_route=%2Fwp%2Fv2%2Fcategories&post=1223"},{"taxonomy":"post_tag","embeddable":true,"href":"https:\/\/www.feuerwehr-volkmarode.de\/index.php?rest_route=%2Fwp%2Fv2%2Ftags&post=1223"}],"curies":[{"name":"wp","href":"https:\/\/api.w.org\/{rel}","templated":true}]}}