{"id":1196,"date":"2018-09-24T20:23:36","date_gmt":"2018-09-24T18:23:36","guid":{"rendered":"http:\/\/www.feuerwehr-volkmarode.de\/?p=1196"},"modified":"2020-08-21T20:23:50","modified_gmt":"2020-08-21T18:23:50","slug":"bezirkswettkaempfe-der-jugendfeuerwehr","status":"publish","type":"post","link":"https:\/\/www.feuerwehr-volkmarode.de\/?p=1196","title":{"rendered":"Bezirkswettk\u00e4mpfe der Jugendfeuerwehr"},"content":{"rendered":"<p>Am Samstag, den 22. September 2018, ist die&nbsp;<a href=\"https:\/\/www.instagram.com\/explore\/tags\/jugendfeuerwehr\/\">#Jugendfeuerwehr<\/a>&nbsp;<a href=\"https:\/\/www.instagram.com\/explore\/tags\/volkmarode\/\">#Volkmarode<\/a> zusammen mit der Jf-<a href=\"https:\/\/www.instagram.com\/explore\/tags\/dibbesdorf\/\">#Dibbesdorf<\/a>&nbsp;als&nbsp;<a href=\"https:\/\/www.instagram.com\/explore\/tags\/staffel\/\">#Staffel<\/a>&nbsp;bei den&nbsp;<a href=\"https:\/\/www.instagram.com\/explore\/tags\/bezirkswettk%C3%A4mpfen\/\">#Bezirkswettk\u00e4mpfen<\/a> angetreten. <!--more-->Es waren fast alle Jugendfeuerwehren aus dem neuen&nbsp;<a href=\"https:\/\/www.instagram.com\/explore\/tags\/l%C3%B6schbezirk\/\">#L\u00f6schbezirk<\/a>&nbsp;Ost dabei.&nbsp;<br \/>\nBei den&nbsp;<a href=\"https:\/\/www.instagram.com\/explore\/tags\/wettk%C3%A4mpfen\/\">#Wettk\u00e4mpfen<\/a>&nbsp;galt es als Staffel einen&nbsp;<a href=\"https:\/\/www.instagram.com\/explore\/tags\/l%C3%B6schangriff\/\">#L\u00f6schangriff<\/a>&nbsp;in unter 4 Minuten aufzubauen. Die Organisation war super und den&nbsp;<a href=\"https:\/\/www.instagram.com\/explore\/tags\/jugendlichen\/\">#Jugendlichen<\/a>&nbsp;hat der Tag viel Spa\u00df gemacht. Am Ende belegte die Gruppe Volkmarode\/Dibbesdorf den 4. Platz von neun angetretenen Gruppen.&nbsp;<br \/>\nGro\u00dfes&nbsp;<a href=\"https:\/\/www.instagram.com\/explore\/tags\/dank\/\">#Dank<\/a>&nbsp;an dieser Stelle an die \u201eGastgeber\u201c&nbsp;<a href=\"https:\/\/www.instagram.com\/explore\/tags\/waggum\/\">#Waggum<\/a>&nbsp;und Herzlichen Gl\u00fcckwunsch an die angetretenen Gruppen.<\/p>\n","protected":false},"excerpt":{"rendered":"<p>Am Samstag, den 22. September 2018, ist die&nbsp;#Jugendfeuerwehr&nbsp;#Volkmarode zusammen mit der Jf-#Dibbesdorf&nbsp;als&nbsp;#Staffel&nbsp;bei den&nbsp;#Bezirkswettk\u00e4mpfen angetreten.<\/p>\n","protected":false},"author":3,"featured_media":1168,"comment_status":"closed","ping_status":"open","sticky":false,"template":"","format":"standard","meta":{"_monsterinsights_skip_tracking":false,"spay_email":"","footnotes":"","jetpack_publicize_message":"","jetpack_is_tweetstorm":false,"jetpack_publicize_feature_enabled":true},"categories":[143],"tags":[],"class_list":["post-1196","post","type-post","status-publish","format-standard","has-post-thumbnail","hentry","category-aktuelles-jf"],"aioseo_notices":[],"aioseo_head":"\n\t\t<!-- All in One SEO 5.0.0.1 - aioseo.com -->\n\t<meta name=\"description\" content=\"Am Samstag, den 22. September 2018, ist die #Jugendfeuerwehr #Volkmarode zusammen mit der Jf-#Dibbesdorf als #Staffel bei den #Bezirkswettk\u00e4mpfen angetreten. Es waren fast alle Jugendfeuerwehren aus dem neuen #L\u00f6schbezirk Ost dabei. Bei den #Wettk\u00e4mpfen galt es als Staffel einen #L\u00f6schangriff in unter 4 Minuten aufzubauen. Die Organisation war super und den #Jugendlichen hat der Tag viel Spa\u00df gemacht. Am Ende belegte die Gruppe Volkmarode\/Dibbesdorf den 4. Platz von neun\" \/>\n\t<meta name=\"robots\" content=\"max-image-preview:large\" \/>\n\t<meta name=\"author\" content=\"Claa\u00dfen\"\/>\n\t<link rel=\"canonical\" href=\"https:\/\/www.feuerwehr-volkmarode.de\/?p=1196\" \/>\n\t<meta name=\"generator\" content=\"All in One SEO (AIOSEO) 5.0.0.1\" \/>\n\t\t<meta property=\"og:locale\" content=\"de_DE\" \/>\n\t\t<meta property=\"og:site_name\" content=\"Freiwillige Feuerwehr Volkmarode - #OF33\" \/>\n\t\t<meta property=\"og:type\" content=\"article\" \/>\n\t\t<meta property=\"og:title\" content=\"Bezirkswettk\u00e4mpfe der Jugendfeuerwehr - Freiwillige Feuerwehr Volkmarode\" \/>\n\t\t<meta property=\"og:description\" content=\"Am Samstag, den 22. September 2018, ist die #Jugendfeuerwehr #Volkmarode zusammen mit der Jf-#Dibbesdorf als #Staffel bei den #Bezirkswettk\u00e4mpfen angetreten. Es waren fast alle Jugendfeuerwehren aus dem neuen #L\u00f6schbezirk Ost dabei. Bei den #Wettk\u00e4mpfen galt es als Staffel einen #L\u00f6schangriff in unter 4 Minuten aufzubauen. Die Organisation war super und den #Jugendlichen hat der Tag viel Spa\u00df gemacht. Am Ende belegte die Gruppe Volkmarode\/Dibbesdorf den 4. Platz von neun\" \/>\n\t\t<meta property=\"og:url\" content=\"https:\/\/www.feuerwehr-volkmarode.de\/?p=1196\" \/>\n\t\t<meta property=\"article:published_time\" content=\"2018-09-24T18:23:36+00:00\" \/>\n\t\t<meta property=\"article:modified_time\" content=\"2020-08-21T18:23:50+00:00\" \/>\n\t\t<meta name=\"twitter:card\" content=\"summary_large_image\" \/>\n\t\t<meta name=\"twitter:title\" content=\"Bezirkswettk\u00e4mpfe der Jugendfeuerwehr - Freiwillige Feuerwehr Volkmarode\" \/>\n\t\t<meta name=\"twitter:description\" content=\"Am Samstag, den 22. September 2018, ist die #Jugendfeuerwehr #Volkmarode zusammen mit der Jf-#Dibbesdorf als #Staffel bei den #Bezirkswettk\u00e4mpfen angetreten. Es waren fast alle Jugendfeuerwehren aus dem neuen #L\u00f6schbezirk Ost dabei. Bei den #Wettk\u00e4mpfen galt es als Staffel einen #L\u00f6schangriff in unter 4 Minuten aufzubauen. Die Organisation war super und den #Jugendlichen hat der Tag viel Spa\u00df gemacht. Am Ende belegte die Gruppe Volkmarode\/Dibbesdorf den 4. Platz von neun\" \/>\n\t\t<script type=\"application\/ld+json\" class=\"aioseo-schema\">\n\t\t\t{\"@context\":\"https:\\\/\\\/schema.org\",\"@graph\":[{\"@type\":\"BlogPosting\",\"@id\":\"https:\\\/\\\/www.feuerwehr-volkmarode.de\\\/?p=1196#blogposting\",\"name\":\"Bezirkswettk\\u00e4mpfe der Jugendfeuerwehr - Freiwillige Feuerwehr Volkmarode\",\"headline\":\"Bezirkswettk\\u00e4mpfe der Jugendfeuerwehr\",\"author\":{\"@id\":\"https:\\\/\\\/www.feuerwehr-volkmarode.de\\\/?author=3#author\"},\"publisher\":{\"@id\":\"https:\\\/\\\/www.feuerwehr-volkmarode.de\\\/#organization\"},\"image\":{\"@type\":\"ImageObject\",\"url\":\"https:\\\/\\\/www.feuerwehr-volkmarode.de\\\/wp-content\\\/uploads\\\/2018\\\/08\\\/IMG_20180818_124432-e1598034224171.jpg\",\"width\":300,\"height\":225,\"caption\":\"cof\"},\"datePublished\":\"2018-09-24T20:23:36+02:00\",\"dateModified\":\"2020-08-21T20:23:50+02:00\",\"inLanguage\":\"de-DE\",\"mainEntityOfPage\":{\"@id\":\"https:\\\/\\\/www.feuerwehr-volkmarode.de\\\/?p=1196#webpage\"},\"isPartOf\":{\"@id\":\"https:\\\/\\\/www.feuerwehr-volkmarode.de\\\/?p=1196#webpage\"},\"articleSection\":\"Aktuelles JF\"},{\"@type\":\"BreadcrumbList\",\"@id\":\"https:\\\/\\\/www.feuerwehr-volkmarode.de\\\/?p=1196#breadcrumblist\",\"itemListElement\":[{\"@type\":\"ListItem\",\"@id\":\"https:\\\/\\\/www.feuerwehr-volkmarode.de#listItem\",\"position\":1,\"name\":\"Home\",\"item\":\"https:\\\/\\\/www.feuerwehr-volkmarode.de\",\"nextItem\":{\"@type\":\"ListItem\",\"@id\":\"https:\\\/\\\/www.feuerwehr-volkmarode.de\\\/?cat=143#listItem\",\"name\":\"Aktuelles JF\"}},{\"@type\":\"ListItem\",\"@id\":\"https:\\\/\\\/www.feuerwehr-volkmarode.de\\\/?cat=143#listItem\",\"position\":2,\"name\":\"Aktuelles JF\",\"item\":\"https:\\\/\\\/www.feuerwehr-volkmarode.de\\\/?cat=143\",\"nextItem\":{\"@type\":\"ListItem\",\"@id\":\"https:\\\/\\\/www.feuerwehr-volkmarode.de\\\/?p=1196#listItem\",\"name\":\"Bezirkswettk\\u00e4mpfe der Jugendfeuerwehr\"},\"previousItem\":{\"@type\":\"ListItem\",\"@id\":\"https:\\\/\\\/www.feuerwehr-volkmarode.de#listItem\",\"name\":\"Home\"}},{\"@type\":\"ListItem\",\"@id\":\"https:\\\/\\\/www.feuerwehr-volkmarode.de\\\/?p=1196#listItem\",\"position\":3,\"name\":\"Bezirkswettk\\u00e4mpfe der Jugendfeuerwehr\",\"previousItem\":{\"@type\":\"ListItem\",\"@id\":\"https:\\\/\\\/www.feuerwehr-volkmarode.de\\\/?cat=143#listItem\",\"name\":\"Aktuelles JF\"}}]},{\"@type\":\"Organization\",\"@id\":\"https:\\\/\\\/www.feuerwehr-volkmarode.de\\\/#organization\",\"name\":\"Freiwillige Feuerwehr Volkmarode\",\"description\":\"#OF33\",\"url\":\"https:\\\/\\\/www.feuerwehr-volkmarode.de\\\/\"},{\"@type\":\"Person\",\"@id\":\"https:\\\/\\\/www.feuerwehr-volkmarode.de\\\/?author=3#author\",\"url\":\"https:\\\/\\\/www.feuerwehr-volkmarode.de\\\/?author=3\",\"name\":\"Claa\\u00dfen\"},{\"@type\":\"WebPage\",\"@id\":\"https:\\\/\\\/www.feuerwehr-volkmarode.de\\\/?p=1196#webpage\",\"url\":\"https:\\\/\\\/www.feuerwehr-volkmarode.de\\\/?p=1196\",\"name\":\"Bezirkswettk\\u00e4mpfe der Jugendfeuerwehr - Freiwillige Feuerwehr Volkmarode\",\"description\":\"Am Samstag, den 22. September 2018, ist die #Jugendfeuerwehr #Volkmarode zusammen mit der Jf-#Dibbesdorf als #Staffel bei den #Bezirkswettk\\u00e4mpfen angetreten. Es waren fast alle Jugendfeuerwehren aus dem neuen #L\\u00f6schbezirk Ost dabei. Bei den #Wettk\\u00e4mpfen galt es als Staffel einen #L\\u00f6schangriff in unter 4 Minuten aufzubauen. Die Organisation war super und den #Jugendlichen hat der Tag viel Spa\\u00df gemacht. Am Ende belegte die Gruppe Volkmarode\\\/Dibbesdorf den 4. Platz von neun\",\"inLanguage\":\"de-DE\",\"isPartOf\":{\"@id\":\"https:\\\/\\\/www.feuerwehr-volkmarode.de\\\/#website\"},\"breadcrumb\":{\"@id\":\"https:\\\/\\\/www.feuerwehr-volkmarode.de\\\/?p=1196#breadcrumblist\"},\"author\":{\"@id\":\"https:\\\/\\\/www.feuerwehr-volkmarode.de\\\/?author=3#author\"},\"creator\":{\"@id\":\"https:\\\/\\\/www.feuerwehr-volkmarode.de\\\/?author=3#author\"},\"image\":{\"@type\":\"ImageObject\",\"url\":\"https:\\\/\\\/www.feuerwehr-volkmarode.de\\\/wp-content\\\/uploads\\\/2018\\\/08\\\/IMG_20180818_124432-e1598034224171.jpg\",\"@id\":\"https:\\\/\\\/www.feuerwehr-volkmarode.de\\\/?p=1196\\\/#mainImage\",\"width\":300,\"height\":225,\"caption\":\"cof\"},\"primaryImageOfPage\":{\"@id\":\"https:\\\/\\\/www.feuerwehr-volkmarode.de\\\/?p=1196#mainImage\"},\"datePublished\":\"2018-09-24T20:23:36+02:00\",\"dateModified\":\"2020-08-21T20:23:50+02:00\"},{\"@type\":\"WebSite\",\"@id\":\"https:\\\/\\\/www.feuerwehr-volkmarode.de\\\/#website\",\"url\":\"https:\\\/\\\/www.feuerwehr-volkmarode.de\\\/\",\"name\":\"Freiwillige Feuerwehr Volkmarode\",\"description\":\"#OF33\",\"inLanguage\":\"de-DE\",\"publisher\":{\"@id\":\"https:\\\/\\\/www.feuerwehr-volkmarode.de\\\/#organization\"}}]}\n\t\t<\/script>\n\t\t<!-- All in One SEO -->\n\n","aioseo_head_json":{"title":"Bezirkswettk\u00e4mpfe der Jugendfeuerwehr - Freiwillige Feuerwehr Volkmarode","description":"Am Samstag, den 22. September 2018, ist die #Jugendfeuerwehr #Volkmarode zusammen mit der Jf-#Dibbesdorf als #Staffel bei den #Bezirkswettk\u00e4mpfen angetreten. Es waren fast alle Jugendfeuerwehren aus dem neuen #L\u00f6schbezirk Ost dabei. Bei den #Wettk\u00e4mpfen galt es als Staffel einen #L\u00f6schangriff in unter 4 Minuten aufzubauen. Die Organisation war super und den #Jugendlichen hat der Tag viel Spa\u00df gemacht. Am Ende belegte die Gruppe Volkmarode\/Dibbesdorf den 4. Platz von neun","canonical_url":"https:\/\/www.feuerwehr-volkmarode.de\/?p=1196","robots":"max-image-preview:large","keywords":"","webmasterTools":{"miscellaneous":""},"schema":{"@context":"https:\/\/schema.org","@graph":[{"@type":"BlogPosting","@id":"https:\/\/www.feuerwehr-volkmarode.de\/?p=1196#blogposting","name":"Bezirkswettk\u00e4mpfe der Jugendfeuerwehr - Freiwillige Feuerwehr Volkmarode","headline":"Bezirkswettk\u00e4mpfe der Jugendfeuerwehr","author":{"@id":"https:\/\/www.feuerwehr-volkmarode.de\/?author=3#author"},"publisher":{"@id":"https:\/\/www.feuerwehr-volkmarode.de\/#organization"},"image":{"@type":"ImageObject","url":"https:\/\/www.feuerwehr-volkmarode.de\/wp-content\/uploads\/2018\/08\/IMG_20180818_124432-e1598034224171.jpg","width":300,"height":225,"caption":"cof"},"datePublished":"2018-09-24T20:23:36+02:00","dateModified":"2020-08-21T20:23:50+02:00","inLanguage":"de-DE","mainEntityOfPage":{"@id":"https:\/\/www.feuerwehr-volkmarode.de\/?p=1196#webpage"},"isPartOf":{"@id":"https:\/\/www.feuerwehr-volkmarode.de\/?p=1196#webpage"},"articleSection":"Aktuelles JF"},{"@type":"BreadcrumbList","@id":"https:\/\/www.feuerwehr-volkmarode.de\/?p=1196#breadcrumblist","itemListElement":[{"@type":"ListItem","@id":"https:\/\/www.feuerwehr-volkmarode.de#listItem","position":1,"name":"Home","item":"https:\/\/www.feuerwehr-volkmarode.de","nextItem":{"@type":"ListItem","@id":"https:\/\/www.feuerwehr-volkmarode.de\/?cat=143#listItem","name":"Aktuelles JF"}},{"@type":"ListItem","@id":"https:\/\/www.feuerwehr-volkmarode.de\/?cat=143#listItem","position":2,"name":"Aktuelles JF","item":"https:\/\/www.feuerwehr-volkmarode.de\/?cat=143","nextItem":{"@type":"ListItem","@id":"https:\/\/www.feuerwehr-volkmarode.de\/?p=1196#listItem","name":"Bezirkswettk\u00e4mpfe der Jugendfeuerwehr"},"previousItem":{"@type":"ListItem","@id":"https:\/\/www.feuerwehr-volkmarode.de#listItem","name":"Home"}},{"@type":"ListItem","@id":"https:\/\/www.feuerwehr-volkmarode.de\/?p=1196#listItem","position":3,"name":"Bezirkswettk\u00e4mpfe der Jugendfeuerwehr","previousItem":{"@type":"ListItem","@id":"https:\/\/www.feuerwehr-volkmarode.de\/?cat=143#listItem","name":"Aktuelles JF"}}]},{"@type":"Organization","@id":"https:\/\/www.feuerwehr-volkmarode.de\/#organization","name":"Freiwillige Feuerwehr Volkmarode","description":"#OF33","url":"https:\/\/www.feuerwehr-volkmarode.de\/"},{"@type":"Person","@id":"https:\/\/www.feuerwehr-volkmarode.de\/?author=3#author","url":"https:\/\/www.feuerwehr-volkmarode.de\/?author=3","name":"Claa\u00dfen"},{"@type":"WebPage","@id":"https:\/\/www.feuerwehr-volkmarode.de\/?p=1196#webpage","url":"https:\/\/www.feuerwehr-volkmarode.de\/?p=1196","name":"Bezirkswettk\u00e4mpfe der Jugendfeuerwehr - Freiwillige Feuerwehr Volkmarode","description":"Am Samstag, den 22. September 2018, ist die #Jugendfeuerwehr #Volkmarode zusammen mit der Jf-#Dibbesdorf als #Staffel bei den #Bezirkswettk\u00e4mpfen angetreten. Es waren fast alle Jugendfeuerwehren aus dem neuen #L\u00f6schbezirk Ost dabei. Bei den #Wettk\u00e4mpfen galt es als Staffel einen #L\u00f6schangriff in unter 4 Minuten aufzubauen. Die Organisation war super und den #Jugendlichen hat der Tag viel Spa\u00df gemacht. Am Ende belegte die Gruppe Volkmarode\/Dibbesdorf den 4. Platz von neun","inLanguage":"de-DE","isPartOf":{"@id":"https:\/\/www.feuerwehr-volkmarode.de\/#website"},"breadcrumb":{"@id":"https:\/\/www.feuerwehr-volkmarode.de\/?p=1196#breadcrumblist"},"author":{"@id":"https:\/\/www.feuerwehr-volkmarode.de\/?author=3#author"},"creator":{"@id":"https:\/\/www.feuerwehr-volkmarode.de\/?author=3#author"},"image":{"@type":"ImageObject","url":"https:\/\/www.feuerwehr-volkmarode.de\/wp-content\/uploads\/2018\/08\/IMG_20180818_124432-e1598034224171.jpg","@id":"https:\/\/www.feuerwehr-volkmarode.de\/?p=1196\/#mainImage","width":300,"height":225,"caption":"cof"},"primaryImageOfPage":{"@id":"https:\/\/www.feuerwehr-volkmarode.de\/?p=1196#mainImage"},"datePublished":"2018-09-24T20:23:36+02:00","dateModified":"2020-08-21T20:23:50+02:00"},{"@type":"WebSite","@id":"https:\/\/www.feuerwehr-volkmarode.de\/#website","url":"https:\/\/www.feuerwehr-volkmarode.de\/","name":"Freiwillige Feuerwehr Volkmarode","description":"#OF33","inLanguage":"de-DE","publisher":{"@id":"https:\/\/www.feuerwehr-volkmarode.de\/#organization"}}]},"og:locale":"de_DE","og:site_name":"Freiwillige Feuerwehr Volkmarode - #OF33","og:type":"article","og:title":"Bezirkswettk\u00e4mpfe der Jugendfeuerwehr - Freiwillige Feuerwehr Volkmarode","og:description":"Am Samstag, den 22. September 2018, ist die #Jugendfeuerwehr #Volkmarode zusammen mit der Jf-#Dibbesdorf als #Staffel bei den #Bezirkswettk\u00e4mpfen angetreten. Es waren fast alle Jugendfeuerwehren aus dem neuen #L\u00f6schbezirk Ost dabei. Bei den #Wettk\u00e4mpfen galt es als Staffel einen #L\u00f6schangriff in unter 4 Minuten aufzubauen. Die Organisation war super und den #Jugendlichen hat der Tag viel Spa\u00df gemacht. Am Ende belegte die Gruppe Volkmarode\/Dibbesdorf den 4. Platz von neun","og:url":"https:\/\/www.feuerwehr-volkmarode.de\/?p=1196","article:published_time":"2018-09-24T18:23:36+00:00","article:modified_time":"2020-08-21T18:23:50+00:00","twitter:card":"summary_large_image","twitter:title":"Bezirkswettk\u00e4mpfe der Jugendfeuerwehr - Freiwillige Feuerwehr Volkmarode","twitter:description":"Am Samstag, den 22. September 2018, ist die #Jugendfeuerwehr #Volkmarode zusammen mit der Jf-#Dibbesdorf als #Staffel bei den #Bezirkswettk\u00e4mpfen angetreten. Es waren fast alle Jugendfeuerwehren aus dem neuen #L\u00f6schbezirk Ost dabei. Bei den #Wettk\u00e4mpfen galt es als Staffel einen #L\u00f6schangriff in unter 4 Minuten aufzubauen. Die Organisation war super und den #Jugendlichen hat der Tag viel Spa\u00df gemacht. Am Ende belegte die Gruppe Volkmarode\/Dibbesdorf den 4. Platz von neun"},"aioseo_meta_data":{"post_id":"1196","title":null,"description":null,"keywords":null,"keyphrases":null,"primary_term":null,"canonical_url":null,"og_title":null,"og_description":null,"og_object_type":"default","og_image_type":"default","og_image_url":null,"og_image_width":null,"og_image_height":null,"og_image_custom_url":null,"og_image_custom_fields":null,"og_video":null,"og_custom_url":null,"og_article_section":null,"og_article_tags":null,"twitter_use_og":false,"twitter_card":"default","twitter_image_type":"default","twitter_image_url":null,"twitter_image_custom_url":null,"twitter_image_custom_fields":null,"twitter_title":null,"twitter_description":null,"schema":{"blockGraphs":[],"customGraphs":[],"default":{"data":{"Article":[],"Course":[],"Dataset":[],"FAQPage":[],"Movie":[],"Person":[],"Product":[],"ProductReview":[],"Car":[],"Recipe":[],"Service":[],"SoftwareApplication":[],"WebPage":[]},"graphName":"","isEnabled":true},"graphs":[]},"schema_type":"default","schema_type_options":null,"pillar_content":false,"robots_default":true,"robots_noindex":false,"robots_noarchive":false,"robots_nosnippet":false,"robots_nofollow":false,"robots_noimageindex":false,"robots_noodp":false,"robots_notranslate":false,"robots_max_snippet":null,"robots_max_videopreview":null,"robots_max_imagepreview":"large","priority":null,"frequency":null,"local_seo":null,"breadcrumb_settings":null,"limit_modified_date":false,"ai":null,"created":"2025-11-19 19:07:39","updated":"2025-11-19 19:07:39","focus_keyword":null,"additional_keywords":null,"truseo_locale":null,"seo_analyzer_scan_date":null},"aioseo_breadcrumb":"<div class=\"aioseo-breadcrumbs\"><span class=\"aioseo-breadcrumb\">\n\t\t\t<a href=\"https:\/\/www.feuerwehr-volkmarode.de\" title=\"Home\">Home<\/a>\n\t\t<\/span><span class=\"aioseo-breadcrumb-separator\">&raquo;<\/span><span class=\"aioseo-breadcrumb\">\n\t\t\t<a href=\"https:\/\/www.feuerwehr-volkmarode.de\/?cat=143\" title=\"Aktuelles JF\">Aktuelles JF<\/a>\n\t\t<\/span><span class=\"aioseo-breadcrumb-separator\">&raquo;<\/span><span class=\"aioseo-breadcrumb\">\n\t\t\tBezirkswettk\u00e4mpfe der Jugendfeuerwehr\n\t\t<\/span><\/div>","aioseo_breadcrumb_json":[{"label":"Home","link":"https:\/\/www.feuerwehr-volkmarode.de"},{"label":"Aktuelles JF","link":"https:\/\/www.feuerwehr-volkmarode.de\/?cat=143"},{"label":"Bezirkswettk\u00e4mpfe der Jugendfeuerwehr","link":"https:\/\/www.feuerwehr-volkmarode.de\/?p=1196"}],"jetpack_featured_media_url":"https:\/\/www.feuerwehr-volkmarode.de\/wp-content\/uploads\/2018\/08\/IMG_20180818_124432-e1598034224171.jpg","jetpack_publicize_connections":[],"jetpack_sharing_enabled":true,"_links":{"self":[{"href":"https:\/\/www.feuerwehr-volkmarode.de\/index.php?rest_route=\/wp\/v2\/posts\/1196","targetHints":{"allow":["GET"]}}],"collection":[{"href":"https:\/\/www.feuerwehr-volkmarode.de\/index.php?rest_route=\/wp\/v2\/posts"}],"about":[{"href":"https:\/\/www.feuerwehr-volkmarode.de\/index.php?rest_route=\/wp\/v2\/types\/post"}],"author":[{"embeddable":true,"href":"https:\/\/www.feuerwehr-volkmarode.de\/index.php?rest_route=\/wp\/v2\/users\/3"}],"replies":[{"embeddable":true,"href":"https:\/\/www.feuerwehr-volkmarode.de\/index.php?rest_route=%2Fwp%2Fv2%2Fcomments&post=1196"}],"version-history":[{"count":2,"href":"https:\/\/www.feuerwehr-volkmarode.de\/index.php?rest_route=\/wp\/v2\/posts\/1196\/revisions"}],"predecessor-version":[{"id":1198,"href":"https:\/\/www.feuerwehr-volkmarode.de\/index.php?rest_route=\/wp\/v2\/posts\/1196\/revisions\/1198"}],"wp:featuredmedia":[{"embeddable":true,"href":"https:\/\/www.feuerwehr-volkmarode.de\/index.php?rest_route=\/wp\/v2\/media\/1168"}],"wp:attachment":[{"href":"https:\/\/www.feuerwehr-volkmarode.de\/index.php?rest_route=%2Fwp%2Fv2%2Fmedia&parent=1196"}],"wp:term":[{"taxonomy":"category","embeddable":true,"href":"https:\/\/www.feuerwehr-volkmarode.de\/index.php?rest_route=%2Fwp%2Fv2%2Fcategories&post=1196"},{"taxonomy":"post_tag","embeddable":true,"href":"https:\/\/www.feuerwehr-volkmarode.de\/index.php?rest_route=%2Fwp%2Fv2%2Ftags&post=1196"}],"curies":[{"name":"wp","href":"https:\/\/api.w.org\/{rel}","templated":true}]}}