{"id":1161,"date":"2018-08-19T20:54:43","date_gmt":"2018-08-19T18:54:43","guid":{"rendered":"http:\/\/www.feuerwehr-volkmarode.de\/?p=1161"},"modified":"2020-08-21T20:24:41","modified_gmt":"2020-08-21T18:24:41","slug":"%f0%9f%9a%92%e2%9a%bdsaisoneroeffnung-beim-sc-rot-weiss-volkmarode-%f0%9f%9a%92%e2%9a%bd","status":"publish","type":"post","link":"https:\/\/www.feuerwehr-volkmarode.de\/?p=1161","title":{"rendered":"&#x1f692;&#x26bd;Saisoner\u00f6ffnung beim SC Rot Weiss Volkmarode.&#x1f692;&#x26bd;"},"content":{"rendered":"<div dir=\"auto\">\n<div dir=\"auto\">Am gestrigen Samstag war unsere Jugendfeuerwehr zu Gast auf dem Vereinsgel\u00e4nde des<\/div>\n<\/div>\n<p><!--more--><\/p>\n<div dir=\"auto\">\n<div dir=\"auto\">Sportverein Volkmarode. Wir waren dort mit unser neu gebauten Spritzwand<img loading=\"lazy\" decoding=\"async\" class=\"\" src=\"https:\/\/mail.google.com\/mail\/e\/1f3e0\" alt=\"&#x1f3e0;\" width=\"19\" height=\"19\" data-goomoji=\"1f3e0\" data-image-whitelisted=\"\"><img loading=\"lazy\" decoding=\"async\" class=\"\" src=\"https:\/\/mail.google.com\/mail\/e\/1f525\" alt=\"&#x1f525;\" width=\"21\" height=\"21\" data-goomoji=\"1f525\" data-image-whitelisted=\"\">&nbsp;vertreten, die&nbsp; bei den Kindern bei Sommerlichen Temperaturen f\u00fcr viel Spa\u00df sorgte.&nbsp;<\/div>\n<div dir=\"auto\">&nbsp;<\/div>\n<div dir=\"auto\">&nbsp;<\/div>\n<div dir=\"auto\">#ffw #ffwvolkmarode #ffwbraunschweig #<wbr>freiwilligefeuerwehrbraunschwe<wbr>ig #jugendfeuerwehr #jf&nbsp; #unserlebenf\u00fcrihresicherheit #wirf\u00fcrsie #feuerwehr #ehrenamt #112 #blaulicht #tlf #mtw #saisonauftakt #fu\u00dfball&nbsp;<\/div>\n<\/div>\n<p>&nbsp;<\/p>\n<p>&nbsp;<\/p>\n<p>&nbsp;<\/p>\n<div dir=\"auto\">\n<figure id=\"attachment_1165\" aria-describedby=\"caption-attachment-1165\" style=\"width: 3968px\" class=\"wp-caption alignnone\"><a href=\"http:\/\/www.feuerwehr-volkmarode.de\/wp-content\/uploads\/2018\/08\/IMG_20180818_123639.jpg\"><img loading=\"lazy\" decoding=\"async\" class=\"wp-image-1165 size-full\" src=\"http:\/\/www.feuerwehr-volkmarode.de\/wp-content\/uploads\/2018\/08\/IMG_20180818_123639.jpg\" alt=\"\" width=\"3968\" height=\"2976\" srcset=\"https:\/\/www.feuerwehr-volkmarode.de\/wp-content\/uploads\/2018\/08\/IMG_20180818_123639.jpg 3968w, https:\/\/www.feuerwehr-volkmarode.de\/wp-content\/uploads\/2018\/08\/IMG_20180818_123639-300x225.jpg 300w, https:\/\/www.feuerwehr-volkmarode.de\/wp-content\/uploads\/2018\/08\/IMG_20180818_123639-768x576.jpg 768w, https:\/\/www.feuerwehr-volkmarode.de\/wp-content\/uploads\/2018\/08\/IMG_20180818_123639-1024x768.jpg 1024w\" sizes=\"auto, (max-width: 3968px) 100vw, 3968px\" \/><\/a><figcaption id=\"caption-attachment-1165\" class=\"wp-caption-text\">&nbsp;<\/figcaption><\/figure>\n<figure id=\"attachment_1169\" aria-describedby=\"caption-attachment-1169\" style=\"width: 3968px\" class=\"wp-caption alignnone\"><a href=\"http:\/\/www.feuerwehr-volkmarode.de\/wp-content\/uploads\/2018\/08\/IMG_20180818_124800.jpg\"><img loading=\"lazy\" decoding=\"async\" class=\"wp-image-1169 size-full\" src=\"http:\/\/www.feuerwehr-volkmarode.de\/wp-content\/uploads\/2018\/08\/IMG_20180818_124800.jpg\" alt=\"\" width=\"3968\" height=\"2976\" srcset=\"https:\/\/www.feuerwehr-volkmarode.de\/wp-content\/uploads\/2018\/08\/IMG_20180818_124800.jpg 3968w, https:\/\/www.feuerwehr-volkmarode.de\/wp-content\/uploads\/2018\/08\/IMG_20180818_124800-300x225.jpg 300w, https:\/\/www.feuerwehr-volkmarode.de\/wp-content\/uploads\/2018\/08\/IMG_20180818_124800-768x576.jpg 768w, https:\/\/www.feuerwehr-volkmarode.de\/wp-content\/uploads\/2018\/08\/IMG_20180818_124800-1024x768.jpg 1024w\" sizes=\"auto, (max-width: 3968px) 100vw, 3968px\" \/><\/a><figcaption id=\"caption-attachment-1169\" class=\"wp-caption-text\">&nbsp;<\/figcaption><\/figure>\n<figure id=\"attachment_1167\" aria-describedby=\"caption-attachment-1167\" style=\"width: 3968px\" class=\"wp-caption alignnone\"><a href=\"http:\/\/www.feuerwehr-volkmarode.de\/wp-content\/uploads\/2018\/08\/IMG_20180818_124247.jpg\"><img loading=\"lazy\" decoding=\"async\" class=\"wp-image-1167 size-full\" src=\"http:\/\/www.feuerwehr-volkmarode.de\/wp-content\/uploads\/2018\/08\/IMG_20180818_124247.jpg\" alt=\"\" width=\"3968\" height=\"2976\" srcset=\"https:\/\/www.feuerwehr-volkmarode.de\/wp-content\/uploads\/2018\/08\/IMG_20180818_124247.jpg 3968w, https:\/\/www.feuerwehr-volkmarode.de\/wp-content\/uploads\/2018\/08\/IMG_20180818_124247-300x225.jpg 300w, https:\/\/www.feuerwehr-volkmarode.de\/wp-content\/uploads\/2018\/08\/IMG_20180818_124247-768x576.jpg 768w, https:\/\/www.feuerwehr-volkmarode.de\/wp-content\/uploads\/2018\/08\/IMG_20180818_124247-1024x768.jpg 1024w\" sizes=\"auto, (max-width: 3968px) 100vw, 3968px\" \/><\/a><figcaption id=\"caption-attachment-1167\" class=\"wp-caption-text\">&nbsp;<\/figcaption><\/figure>\n<figure id=\"attachment_1166\" aria-describedby=\"caption-attachment-1166\" style=\"width: 3968px\" class=\"wp-caption alignnone\"><a href=\"http:\/\/www.feuerwehr-volkmarode.de\/wp-content\/uploads\/2018\/08\/IMG_20180818_124058.jpg\"><img loading=\"lazy\" decoding=\"async\" class=\"wp-image-1166 size-full\" src=\"http:\/\/www.feuerwehr-volkmarode.de\/wp-content\/uploads\/2018\/08\/IMG_20180818_124058.jpg\" alt=\"\" width=\"3968\" height=\"2976\" srcset=\"https:\/\/www.feuerwehr-volkmarode.de\/wp-content\/uploads\/2018\/08\/IMG_20180818_124058.jpg 3968w, https:\/\/www.feuerwehr-volkmarode.de\/wp-content\/uploads\/2018\/08\/IMG_20180818_124058-300x225.jpg 300w, https:\/\/www.feuerwehr-volkmarode.de\/wp-content\/uploads\/2018\/08\/IMG_20180818_124058-768x576.jpg 768w, https:\/\/www.feuerwehr-volkmarode.de\/wp-content\/uploads\/2018\/08\/IMG_20180818_124058-1024x768.jpg 1024w\" sizes=\"auto, (max-width: 3968px) 100vw, 3968px\" \/><\/a><figcaption id=\"caption-attachment-1166\" class=\"wp-caption-text\">&nbsp;<\/figcaption><\/figure>\n<figure id=\"attachment_1164\" aria-describedby=\"caption-attachment-1164\" style=\"width: 3968px\" class=\"wp-caption alignnone\"><a href=\"http:\/\/www.feuerwehr-volkmarode.de\/wp-content\/uploads\/2018\/08\/IMG_20180818_123411.jpg\"><img loading=\"lazy\" decoding=\"async\" class=\"wp-image-1164 size-full\" src=\"http:\/\/www.feuerwehr-volkmarode.de\/wp-content\/uploads\/2018\/08\/IMG_20180818_123411.jpg\" alt=\"\" width=\"3968\" height=\"2976\" srcset=\"https:\/\/www.feuerwehr-volkmarode.de\/wp-content\/uploads\/2018\/08\/IMG_20180818_123411.jpg 3968w, https:\/\/www.feuerwehr-volkmarode.de\/wp-content\/uploads\/2018\/08\/IMG_20180818_123411-300x225.jpg 300w, https:\/\/www.feuerwehr-volkmarode.de\/wp-content\/uploads\/2018\/08\/IMG_20180818_123411-768x576.jpg 768w, https:\/\/www.feuerwehr-volkmarode.de\/wp-content\/uploads\/2018\/08\/IMG_20180818_123411-1024x768.jpg 1024w\" sizes=\"auto, (max-width: 3968px) 100vw, 3968px\" \/><\/a><figcaption id=\"caption-attachment-1164\" class=\"wp-caption-text\">&nbsp;<\/figcaption><\/figure>\n<\/div>\n","protected":false},"excerpt":{"rendered":"<p>Am gestrigen Samstag war unsere Jugendfeuerwehr zu Gast auf dem Vereinsgel\u00e4nde des<\/p>\n","protected":false},"author":3,"featured_media":1168,"comment_status":"closed","ping_status":"open","sticky":false,"template":"","format":"standard","meta":{"_monsterinsights_skip_tracking":false,"spay_email":"","footnotes":"","jetpack_publicize_message":"","jetpack_is_tweetstorm":false,"jetpack_publicize_feature_enabled":true},"categories":[143],"tags":[],"class_list":["post-1161","post","type-post","status-publish","format-standard","has-post-thumbnail","hentry","category-aktuelles-jf"],"aioseo_notices":[],"aioseo_head":"\n\t\t<!-- All in One SEO 5.0.0.1 - aioseo.com -->\n\t<meta name=\"description\" content=\"Am gestrigen Samstag war unsere Jugendfeuerwehr zu Gast auf dem Vereinsgel\u00e4nde des Sportverein Volkmarode. Wir waren dort mit unser neu gebauten Spritzwand vertreten, die bei den Kindern bei Sommerlichen Temperaturen f\u00fcr viel Spa\u00df sorgte. #ffw #ffwvolkmarode #ffwbraunschweig #freiwilligefeuerwehrbraunschweig #jugendfeuerwehr #jf #unserlebenf\u00fcrihresicherheit #wirf\u00fcrsie #feuerwehr #ehrenamt #112 #blaulicht #tlf #mtw #saisonauftakt #fu\u00dfball\" \/>\n\t<meta name=\"robots\" content=\"max-image-preview:large\" \/>\n\t<meta name=\"author\" content=\"Claa\u00dfen\"\/>\n\t<link rel=\"canonical\" href=\"https:\/\/www.feuerwehr-volkmarode.de\/?p=1161\" \/>\n\t<meta name=\"generator\" content=\"All in One SEO (AIOSEO) 5.0.0.1\" \/>\n\t\t<meta property=\"og:locale\" content=\"de_DE\" \/>\n\t\t<meta property=\"og:site_name\" content=\"Freiwillige Feuerwehr Volkmarode - #OF33\" \/>\n\t\t<meta property=\"og:type\" content=\"article\" \/>\n\t\t<meta property=\"og:title\" content=\"\ud83d\ude92\u26bdSaisoner\u00f6ffnung beim SC Rot Weiss Volkmarode.\ud83d\ude92\u26bd - Freiwillige Feuerwehr Volkmarode\" \/>\n\t\t<meta property=\"og:description\" content=\"Am gestrigen Samstag war unsere Jugendfeuerwehr zu Gast auf dem Vereinsgel\u00e4nde des Sportverein Volkmarode. Wir waren dort mit unser neu gebauten Spritzwand vertreten, die bei den Kindern bei Sommerlichen Temperaturen f\u00fcr viel Spa\u00df sorgte. #ffw #ffwvolkmarode #ffwbraunschweig #freiwilligefeuerwehrbraunschweig #jugendfeuerwehr #jf #unserlebenf\u00fcrihresicherheit #wirf\u00fcrsie #feuerwehr #ehrenamt #112 #blaulicht #tlf #mtw #saisonauftakt #fu\u00dfball\" \/>\n\t\t<meta property=\"og:url\" content=\"https:\/\/www.feuerwehr-volkmarode.de\/?p=1161\" \/>\n\t\t<meta property=\"article:published_time\" content=\"2018-08-19T18:54:43+00:00\" \/>\n\t\t<meta property=\"article:modified_time\" content=\"2020-08-21T18:24:41+00:00\" \/>\n\t\t<meta name=\"twitter:card\" content=\"summary_large_image\" \/>\n\t\t<meta name=\"twitter:title\" content=\"\ud83d\ude92\u26bdSaisoner\u00f6ffnung beim SC Rot Weiss Volkmarode.\ud83d\ude92\u26bd - Freiwillige Feuerwehr Volkmarode\" \/>\n\t\t<meta name=\"twitter:description\" content=\"Am gestrigen Samstag war unsere Jugendfeuerwehr zu Gast auf dem Vereinsgel\u00e4nde des Sportverein Volkmarode. Wir waren dort mit unser neu gebauten Spritzwand vertreten, die bei den Kindern bei Sommerlichen Temperaturen f\u00fcr viel Spa\u00df sorgte. #ffw #ffwvolkmarode #ffwbraunschweig #freiwilligefeuerwehrbraunschweig #jugendfeuerwehr #jf #unserlebenf\u00fcrihresicherheit #wirf\u00fcrsie #feuerwehr #ehrenamt #112 #blaulicht #tlf #mtw #saisonauftakt #fu\u00dfball\" \/>\n\t\t<script type=\"application\/ld+json\" class=\"aioseo-schema\">\n\t\t\t{\"@context\":\"https:\\\/\\\/schema.org\",\"@graph\":[{\"@type\":\"BlogPosting\",\"@id\":\"https:\\\/\\\/www.feuerwehr-volkmarode.de\\\/?p=1161#blogposting\",\"name\":\"\\ud83d\\ude92\\u26bdSaisoner\\u00f6ffnung beim SC Rot Weiss Volkmarode.\\ud83d\\ude92\\u26bd - Freiwillige Feuerwehr Volkmarode\",\"headline\":\"&#x1f692;&#x26bd;Saisoner\\u00f6ffnung beim SC Rot Weiss Volkmarode.&#x1f692;&#x26bd;\",\"author\":{\"@id\":\"https:\\\/\\\/www.feuerwehr-volkmarode.de\\\/?author=3#author\"},\"publisher\":{\"@id\":\"https:\\\/\\\/www.feuerwehr-volkmarode.de\\\/#organization\"},\"image\":{\"@type\":\"ImageObject\",\"url\":\"https:\\\/\\\/www.feuerwehr-volkmarode.de\\\/wp-content\\\/uploads\\\/2018\\\/08\\\/IMG_20180818_124432-e1598034224171.jpg\",\"width\":300,\"height\":225,\"caption\":\"cof\"},\"datePublished\":\"2018-08-19T20:54:43+02:00\",\"dateModified\":\"2020-08-21T20:24:41+02:00\",\"inLanguage\":\"de-DE\",\"mainEntityOfPage\":{\"@id\":\"https:\\\/\\\/www.feuerwehr-volkmarode.de\\\/?p=1161#webpage\"},\"isPartOf\":{\"@id\":\"https:\\\/\\\/www.feuerwehr-volkmarode.de\\\/?p=1161#webpage\"},\"articleSection\":\"Aktuelles JF\"},{\"@type\":\"BreadcrumbList\",\"@id\":\"https:\\\/\\\/www.feuerwehr-volkmarode.de\\\/?p=1161#breadcrumblist\",\"itemListElement\":[{\"@type\":\"ListItem\",\"@id\":\"https:\\\/\\\/www.feuerwehr-volkmarode.de#listItem\",\"position\":1,\"name\":\"Home\",\"item\":\"https:\\\/\\\/www.feuerwehr-volkmarode.de\",\"nextItem\":{\"@type\":\"ListItem\",\"@id\":\"https:\\\/\\\/www.feuerwehr-volkmarode.de\\\/?cat=143#listItem\",\"name\":\"Aktuelles JF\"}},{\"@type\":\"ListItem\",\"@id\":\"https:\\\/\\\/www.feuerwehr-volkmarode.de\\\/?cat=143#listItem\",\"position\":2,\"name\":\"Aktuelles JF\",\"item\":\"https:\\\/\\\/www.feuerwehr-volkmarode.de\\\/?cat=143\",\"nextItem\":{\"@type\":\"ListItem\",\"@id\":\"https:\\\/\\\/www.feuerwehr-volkmarode.de\\\/?p=1161#listItem\",\"name\":\"&#x1f692;&#x26bd;Saisoner\\u00f6ffnung beim SC Rot Weiss Volkmarode.&#x1f692;&#x26bd;\"},\"previousItem\":{\"@type\":\"ListItem\",\"@id\":\"https:\\\/\\\/www.feuerwehr-volkmarode.de#listItem\",\"name\":\"Home\"}},{\"@type\":\"ListItem\",\"@id\":\"https:\\\/\\\/www.feuerwehr-volkmarode.de\\\/?p=1161#listItem\",\"position\":3,\"name\":\"&#x1f692;&#x26bd;Saisoner\\u00f6ffnung beim SC Rot Weiss Volkmarode.&#x1f692;&#x26bd;\",\"previousItem\":{\"@type\":\"ListItem\",\"@id\":\"https:\\\/\\\/www.feuerwehr-volkmarode.de\\\/?cat=143#listItem\",\"name\":\"Aktuelles JF\"}}]},{\"@type\":\"Organization\",\"@id\":\"https:\\\/\\\/www.feuerwehr-volkmarode.de\\\/#organization\",\"name\":\"Freiwillige Feuerwehr Volkmarode\",\"description\":\"#OF33\",\"url\":\"https:\\\/\\\/www.feuerwehr-volkmarode.de\\\/\"},{\"@type\":\"Person\",\"@id\":\"https:\\\/\\\/www.feuerwehr-volkmarode.de\\\/?author=3#author\",\"url\":\"https:\\\/\\\/www.feuerwehr-volkmarode.de\\\/?author=3\",\"name\":\"Claa\\u00dfen\"},{\"@type\":\"WebPage\",\"@id\":\"https:\\\/\\\/www.feuerwehr-volkmarode.de\\\/?p=1161#webpage\",\"url\":\"https:\\\/\\\/www.feuerwehr-volkmarode.de\\\/?p=1161\",\"name\":\"\\ud83d\\ude92\\u26bdSaisoner\\u00f6ffnung beim SC Rot Weiss Volkmarode.\\ud83d\\ude92\\u26bd - Freiwillige Feuerwehr Volkmarode\",\"description\":\"Am gestrigen Samstag war unsere Jugendfeuerwehr zu Gast auf dem Vereinsgel\\u00e4nde des Sportverein Volkmarode. Wir waren dort mit unser neu gebauten Spritzwand vertreten, die bei den Kindern bei Sommerlichen Temperaturen f\\u00fcr viel Spa\\u00df sorgte. #ffw #ffwvolkmarode #ffwbraunschweig #freiwilligefeuerwehrbraunschweig #jugendfeuerwehr #jf #unserlebenf\\u00fcrihresicherheit #wirf\\u00fcrsie #feuerwehr #ehrenamt #112 #blaulicht #tlf #mtw #saisonauftakt #fu\\u00dfball\",\"inLanguage\":\"de-DE\",\"isPartOf\":{\"@id\":\"https:\\\/\\\/www.feuerwehr-volkmarode.de\\\/#website\"},\"breadcrumb\":{\"@id\":\"https:\\\/\\\/www.feuerwehr-volkmarode.de\\\/?p=1161#breadcrumblist\"},\"author\":{\"@id\":\"https:\\\/\\\/www.feuerwehr-volkmarode.de\\\/?author=3#author\"},\"creator\":{\"@id\":\"https:\\\/\\\/www.feuerwehr-volkmarode.de\\\/?author=3#author\"},\"image\":{\"@type\":\"ImageObject\",\"url\":\"https:\\\/\\\/www.feuerwehr-volkmarode.de\\\/wp-content\\\/uploads\\\/2018\\\/08\\\/IMG_20180818_124432-e1598034224171.jpg\",\"@id\":\"https:\\\/\\\/www.feuerwehr-volkmarode.de\\\/?p=1161\\\/#mainImage\",\"width\":300,\"height\":225,\"caption\":\"cof\"},\"primaryImageOfPage\":{\"@id\":\"https:\\\/\\\/www.feuerwehr-volkmarode.de\\\/?p=1161#mainImage\"},\"datePublished\":\"2018-08-19T20:54:43+02:00\",\"dateModified\":\"2020-08-21T20:24:41+02:00\"},{\"@type\":\"WebSite\",\"@id\":\"https:\\\/\\\/www.feuerwehr-volkmarode.de\\\/#website\",\"url\":\"https:\\\/\\\/www.feuerwehr-volkmarode.de\\\/\",\"name\":\"Freiwillige Feuerwehr Volkmarode\",\"description\":\"#OF33\",\"inLanguage\":\"de-DE\",\"publisher\":{\"@id\":\"https:\\\/\\\/www.feuerwehr-volkmarode.de\\\/#organization\"}}]}\n\t\t<\/script>\n\t\t<!-- All in One SEO -->\n\n","aioseo_head_json":{"title":"\ud83d\ude92\u26bdSaisoner\u00f6ffnung beim SC Rot Weiss Volkmarode.\ud83d\ude92\u26bd - Freiwillige Feuerwehr Volkmarode","description":"Am gestrigen Samstag war unsere Jugendfeuerwehr zu Gast auf dem Vereinsgel\u00e4nde des Sportverein Volkmarode. Wir waren dort mit unser neu gebauten Spritzwand vertreten, die bei den Kindern bei Sommerlichen Temperaturen f\u00fcr viel Spa\u00df sorgte. #ffw #ffwvolkmarode #ffwbraunschweig #freiwilligefeuerwehrbraunschweig #jugendfeuerwehr #jf #unserlebenf\u00fcrihresicherheit #wirf\u00fcrsie #feuerwehr #ehrenamt #112 #blaulicht #tlf #mtw #saisonauftakt #fu\u00dfball","canonical_url":"https:\/\/www.feuerwehr-volkmarode.de\/?p=1161","robots":"max-image-preview:large","keywords":"","webmasterTools":{"miscellaneous":""},"schema":{"@context":"https:\/\/schema.org","@graph":[{"@type":"BlogPosting","@id":"https:\/\/www.feuerwehr-volkmarode.de\/?p=1161#blogposting","name":"\ud83d\ude92\u26bdSaisoner\u00f6ffnung beim SC Rot Weiss Volkmarode.\ud83d\ude92\u26bd - Freiwillige Feuerwehr Volkmarode","headline":"&#x1f692;&#x26bd;Saisoner\u00f6ffnung beim SC Rot Weiss Volkmarode.&#x1f692;&#x26bd;","author":{"@id":"https:\/\/www.feuerwehr-volkmarode.de\/?author=3#author"},"publisher":{"@id":"https:\/\/www.feuerwehr-volkmarode.de\/#organization"},"image":{"@type":"ImageObject","url":"https:\/\/www.feuerwehr-volkmarode.de\/wp-content\/uploads\/2018\/08\/IMG_20180818_124432-e1598034224171.jpg","width":300,"height":225,"caption":"cof"},"datePublished":"2018-08-19T20:54:43+02:00","dateModified":"2020-08-21T20:24:41+02:00","inLanguage":"de-DE","mainEntityOfPage":{"@id":"https:\/\/www.feuerwehr-volkmarode.de\/?p=1161#webpage"},"isPartOf":{"@id":"https:\/\/www.feuerwehr-volkmarode.de\/?p=1161#webpage"},"articleSection":"Aktuelles JF"},{"@type":"BreadcrumbList","@id":"https:\/\/www.feuerwehr-volkmarode.de\/?p=1161#breadcrumblist","itemListElement":[{"@type":"ListItem","@id":"https:\/\/www.feuerwehr-volkmarode.de#listItem","position":1,"name":"Home","item":"https:\/\/www.feuerwehr-volkmarode.de","nextItem":{"@type":"ListItem","@id":"https:\/\/www.feuerwehr-volkmarode.de\/?cat=143#listItem","name":"Aktuelles JF"}},{"@type":"ListItem","@id":"https:\/\/www.feuerwehr-volkmarode.de\/?cat=143#listItem","position":2,"name":"Aktuelles JF","item":"https:\/\/www.feuerwehr-volkmarode.de\/?cat=143","nextItem":{"@type":"ListItem","@id":"https:\/\/www.feuerwehr-volkmarode.de\/?p=1161#listItem","name":"&#x1f692;&#x26bd;Saisoner\u00f6ffnung beim SC Rot Weiss Volkmarode.&#x1f692;&#x26bd;"},"previousItem":{"@type":"ListItem","@id":"https:\/\/www.feuerwehr-volkmarode.de#listItem","name":"Home"}},{"@type":"ListItem","@id":"https:\/\/www.feuerwehr-volkmarode.de\/?p=1161#listItem","position":3,"name":"&#x1f692;&#x26bd;Saisoner\u00f6ffnung beim SC Rot Weiss Volkmarode.&#x1f692;&#x26bd;","previousItem":{"@type":"ListItem","@id":"https:\/\/www.feuerwehr-volkmarode.de\/?cat=143#listItem","name":"Aktuelles JF"}}]},{"@type":"Organization","@id":"https:\/\/www.feuerwehr-volkmarode.de\/#organization","name":"Freiwillige Feuerwehr Volkmarode","description":"#OF33","url":"https:\/\/www.feuerwehr-volkmarode.de\/"},{"@type":"Person","@id":"https:\/\/www.feuerwehr-volkmarode.de\/?author=3#author","url":"https:\/\/www.feuerwehr-volkmarode.de\/?author=3","name":"Claa\u00dfen"},{"@type":"WebPage","@id":"https:\/\/www.feuerwehr-volkmarode.de\/?p=1161#webpage","url":"https:\/\/www.feuerwehr-volkmarode.de\/?p=1161","name":"\ud83d\ude92\u26bdSaisoner\u00f6ffnung beim SC Rot Weiss Volkmarode.\ud83d\ude92\u26bd - Freiwillige Feuerwehr Volkmarode","description":"Am gestrigen Samstag war unsere Jugendfeuerwehr zu Gast auf dem Vereinsgel\u00e4nde des Sportverein Volkmarode. Wir waren dort mit unser neu gebauten Spritzwand vertreten, die bei den Kindern bei Sommerlichen Temperaturen f\u00fcr viel Spa\u00df sorgte. #ffw #ffwvolkmarode #ffwbraunschweig #freiwilligefeuerwehrbraunschweig #jugendfeuerwehr #jf #unserlebenf\u00fcrihresicherheit #wirf\u00fcrsie #feuerwehr #ehrenamt #112 #blaulicht #tlf #mtw #saisonauftakt #fu\u00dfball","inLanguage":"de-DE","isPartOf":{"@id":"https:\/\/www.feuerwehr-volkmarode.de\/#website"},"breadcrumb":{"@id":"https:\/\/www.feuerwehr-volkmarode.de\/?p=1161#breadcrumblist"},"author":{"@id":"https:\/\/www.feuerwehr-volkmarode.de\/?author=3#author"},"creator":{"@id":"https:\/\/www.feuerwehr-volkmarode.de\/?author=3#author"},"image":{"@type":"ImageObject","url":"https:\/\/www.feuerwehr-volkmarode.de\/wp-content\/uploads\/2018\/08\/IMG_20180818_124432-e1598034224171.jpg","@id":"https:\/\/www.feuerwehr-volkmarode.de\/?p=1161\/#mainImage","width":300,"height":225,"caption":"cof"},"primaryImageOfPage":{"@id":"https:\/\/www.feuerwehr-volkmarode.de\/?p=1161#mainImage"},"datePublished":"2018-08-19T20:54:43+02:00","dateModified":"2020-08-21T20:24:41+02:00"},{"@type":"WebSite","@id":"https:\/\/www.feuerwehr-volkmarode.de\/#website","url":"https:\/\/www.feuerwehr-volkmarode.de\/","name":"Freiwillige Feuerwehr Volkmarode","description":"#OF33","inLanguage":"de-DE","publisher":{"@id":"https:\/\/www.feuerwehr-volkmarode.de\/#organization"}}]},"og:locale":"de_DE","og:site_name":"Freiwillige Feuerwehr Volkmarode - #OF33","og:type":"article","og:title":"\ud83d\ude92\u26bdSaisoner\u00f6ffnung beim SC Rot Weiss Volkmarode.\ud83d\ude92\u26bd - Freiwillige Feuerwehr Volkmarode","og:description":"Am gestrigen Samstag war unsere Jugendfeuerwehr zu Gast auf dem Vereinsgel\u00e4nde des Sportverein Volkmarode. Wir waren dort mit unser neu gebauten Spritzwand vertreten, die bei den Kindern bei Sommerlichen Temperaturen f\u00fcr viel Spa\u00df sorgte. #ffw #ffwvolkmarode #ffwbraunschweig #freiwilligefeuerwehrbraunschweig #jugendfeuerwehr #jf #unserlebenf\u00fcrihresicherheit #wirf\u00fcrsie #feuerwehr #ehrenamt #112 #blaulicht #tlf #mtw #saisonauftakt #fu\u00dfball","og:url":"https:\/\/www.feuerwehr-volkmarode.de\/?p=1161","article:published_time":"2018-08-19T18:54:43+00:00","article:modified_time":"2020-08-21T18:24:41+00:00","twitter:card":"summary_large_image","twitter:title":"\ud83d\ude92\u26bdSaisoner\u00f6ffnung beim SC Rot Weiss Volkmarode.\ud83d\ude92\u26bd - Freiwillige Feuerwehr Volkmarode","twitter:description":"Am gestrigen Samstag war unsere Jugendfeuerwehr zu Gast auf dem Vereinsgel\u00e4nde des Sportverein Volkmarode. Wir waren dort mit unser neu gebauten Spritzwand vertreten, die bei den Kindern bei Sommerlichen Temperaturen f\u00fcr viel Spa\u00df sorgte. #ffw #ffwvolkmarode #ffwbraunschweig #freiwilligefeuerwehrbraunschweig #jugendfeuerwehr #jf #unserlebenf\u00fcrihresicherheit #wirf\u00fcrsie #feuerwehr #ehrenamt #112 #blaulicht #tlf #mtw #saisonauftakt #fu\u00dfball"},"aioseo_meta_data":{"post_id":"1161","title":null,"description":null,"keywords":null,"keyphrases":null,"primary_term":null,"canonical_url":null,"og_title":null,"og_description":null,"og_object_type":"default","og_image_type":"default","og_image_url":null,"og_image_width":null,"og_image_height":null,"og_image_custom_url":null,"og_image_custom_fields":null,"og_video":null,"og_custom_url":null,"og_article_section":null,"og_article_tags":null,"twitter_use_og":false,"twitter_card":"default","twitter_image_type":"default","twitter_image_url":null,"twitter_image_custom_url":null,"twitter_image_custom_fields":null,"twitter_title":null,"twitter_description":null,"schema":{"blockGraphs":[],"customGraphs":[],"default":{"data":{"Article":[],"Course":[],"Dataset":[],"FAQPage":[],"Movie":[],"Person":[],"Product":[],"ProductReview":[],"Car":[],"Recipe":[],"Service":[],"SoftwareApplication":[],"WebPage":[]},"graphName":"","isEnabled":true},"graphs":[]},"schema_type":"default","schema_type_options":null,"pillar_content":false,"robots_default":true,"robots_noindex":false,"robots_noarchive":false,"robots_nosnippet":false,"robots_nofollow":false,"robots_noimageindex":false,"robots_noodp":false,"robots_notranslate":false,"robots_max_snippet":null,"robots_max_videopreview":null,"robots_max_imagepreview":"large","priority":null,"frequency":null,"local_seo":null,"breadcrumb_settings":null,"limit_modified_date":false,"ai":null,"created":"2025-11-19 19:07:39","updated":"2025-11-19 19:07:39","focus_keyword":null,"additional_keywords":null,"truseo_locale":null,"seo_analyzer_scan_date":null},"aioseo_breadcrumb":"<div class=\"aioseo-breadcrumbs\"><span class=\"aioseo-breadcrumb\">\n\t\t\t<a href=\"https:\/\/www.feuerwehr-volkmarode.de\" title=\"Home\">Home<\/a>\n\t\t<\/span><span class=\"aioseo-breadcrumb-separator\">&raquo;<\/span><span class=\"aioseo-breadcrumb\">\n\t\t\t<a href=\"https:\/\/www.feuerwehr-volkmarode.de\/?cat=143\" title=\"Aktuelles JF\">Aktuelles JF<\/a>\n\t\t<\/span><span class=\"aioseo-breadcrumb-separator\">&raquo;<\/span><span class=\"aioseo-breadcrumb\">\n\t\t\t\ud83d\ude92\u26bdSaisoner\u00f6ffnung beim SC Rot Weiss Volkmarode.\ud83d\ude92\u26bd\n\t\t<\/span><\/div>","aioseo_breadcrumb_json":[{"label":"Home","link":"https:\/\/www.feuerwehr-volkmarode.de"},{"label":"Aktuelles JF","link":"https:\/\/www.feuerwehr-volkmarode.de\/?cat=143"},{"label":"&#x1f692;&#x26bd;Saisoner\u00f6ffnung beim SC Rot Weiss Volkmarode.&#x1f692;&#x26bd;","link":"https:\/\/www.feuerwehr-volkmarode.de\/?p=1161"}],"jetpack_featured_media_url":"https:\/\/www.feuerwehr-volkmarode.de\/wp-content\/uploads\/2018\/08\/IMG_20180818_124432-e1598034224171.jpg","jetpack_publicize_connections":[],"jetpack_sharing_enabled":true,"_links":{"self":[{"href":"https:\/\/www.feuerwehr-volkmarode.de\/index.php?rest_route=\/wp\/v2\/posts\/1161","targetHints":{"allow":["GET"]}}],"collection":[{"href":"https:\/\/www.feuerwehr-volkmarode.de\/index.php?rest_route=\/wp\/v2\/posts"}],"about":[{"href":"https:\/\/www.feuerwehr-volkmarode.de\/index.php?rest_route=\/wp\/v2\/types\/post"}],"author":[{"embeddable":true,"href":"https:\/\/www.feuerwehr-volkmarode.de\/index.php?rest_route=\/wp\/v2\/users\/3"}],"replies":[{"embeddable":true,"href":"https:\/\/www.feuerwehr-volkmarode.de\/index.php?rest_route=%2Fwp%2Fv2%2Fcomments&post=1161"}],"version-history":[{"count":3,"href":"https:\/\/www.feuerwehr-volkmarode.de\/index.php?rest_route=\/wp\/v2\/posts\/1161\/revisions"}],"predecessor-version":[{"id":1170,"href":"https:\/\/www.feuerwehr-volkmarode.de\/index.php?rest_route=\/wp\/v2\/posts\/1161\/revisions\/1170"}],"wp:featuredmedia":[{"embeddable":true,"href":"https:\/\/www.feuerwehr-volkmarode.de\/index.php?rest_route=\/wp\/v2\/media\/1168"}],"wp:attachment":[{"href":"https:\/\/www.feuerwehr-volkmarode.de\/index.php?rest_route=%2Fwp%2Fv2%2Fmedia&parent=1161"}],"wp:term":[{"taxonomy":"category","embeddable":true,"href":"https:\/\/www.feuerwehr-volkmarode.de\/index.php?rest_route=%2Fwp%2Fv2%2Fcategories&post=1161"},{"taxonomy":"post_tag","embeddable":true,"href":"https:\/\/www.feuerwehr-volkmarode.de\/index.php?rest_route=%2Fwp%2Fv2%2Ftags&post=1161"}],"curies":[{"name":"wp","href":"https:\/\/api.w.org\/{rel}","templated":true}]}}