{"id":1014,"date":"2018-04-02T20:02:54","date_gmt":"2018-04-02T18:02:54","guid":{"rendered":"http:\/\/www.feuerwehr-volkmarode.de\/?p=1014"},"modified":"2020-08-21T20:49:57","modified_gmt":"2020-08-21T18:49:57","slug":"oeffentlichkeitsarbeit-aktivspielplatz-gliesmarode","status":"publish","type":"post","link":"https:\/\/www.feuerwehr-volkmarode.de\/?p=1014","title":{"rendered":"\u00d6ffentlichkeitsarbeit , Aktivspielplatz Gliesmarode"},"content":{"rendered":"<p>Auch in diesem Jahr wurde das allj\u00e4hrliche Osterfeuer unter den wachsamen Augen der Kameraden der freiwilligen Feuerwehr Volkmarode, sowie von vielen G\u00e4sten, ob gro\u00df und klein, entfacht.&nbsp;<!--more--><\/p>\n<p>Bei ausreichend warmen und kalten Getr\u00e4nken sowie der ein oder anderen Bratwurst kam auch die Geselligkeit nicht zu kurz.<\/p>\n<p><a href=\"https:\/\/www.instagram.com\/explore\/tags\/ffw\/\">#ffw<\/a>&nbsp;<a href=\"https:\/\/www.instagram.com\/explore\/tags\/ffwvolkmarode\/\">#ffwvolkmarode<\/a>&nbsp;<a href=\"https:\/\/www.instagram.com\/explore\/tags\/feuerwehr\/\">#feuerwehr<\/a><a href=\"https:\/\/www.instagram.com\/explore\/tags\/freiwilligefeuerwehr\/\">#freiwilligefeuerwehr<\/a><a href=\"https:\/\/www.instagram.com\/explore\/tags\/freiwilligefeuerwehrvolkmarode\/\">#freiwilligefeuerwehrvolkmarode<\/a><a href=\"https:\/\/www.instagram.com\/explore\/tags\/feuerwehrbraunschweig\/\">#feuerwehrbraunschweig<\/a><a href=\"https:\/\/www.instagram.com\/explore\/tags\/freiwilligefeuerwehrbraunschweig\/\">#freiwilligefeuerwehrbraunschweig<\/a>&nbsp;<a href=\"https:\/\/www.instagram.com\/explore\/tags\/tlf\/\">#tlf<\/a><a href=\"https:\/\/www.instagram.com\/explore\/tags\/tankl%C3%B6schfahrzeug\/\">#tankl\u00f6schfahrzeug<\/a>&nbsp;<a href=\"https:\/\/www.instagram.com\/explore\/tags\/ostern\/\">#ostern<\/a>&nbsp;<a href=\"https:\/\/www.instagram.com\/explore\/tags\/osterfeuer\/\">#osterfeuer<\/a><a href=\"https:\/\/www.instagram.com\/explore\/tags\/blaulicht\/\">#blaulicht<\/a>&nbsp;<a href=\"https:\/\/www.instagram.com\/explore\/tags\/112\/\">#112<\/a>&nbsp;<a href=\"https:\/\/www.instagram.com\/explore\/tags\/ehrenamt\/\">#ehrenamt<\/a><a href=\"https:\/\/www.instagram.com\/explore\/tags\/unserlebenf%C3%BCrihresicherheit\/\">#unserlebenf\u00fcrihresicherheit<\/a><a href=\"https:\/\/www.instagram.com\/explore\/tags\/braunschweig\/\">#braunschweig<\/a>&nbsp;<a href=\"https:\/\/www.instagram.com\/explore\/tags\/berufsfeuerwehr\/\">#berufsfeuerwehr<\/a><a href=\"https:\/\/www.instagram.com\/explore\/tags\/berufsfeuerwehrbraunschweig\/\">#berufsfeuerwehrbraunschweig<\/a><\/p>\n<p>&nbsp;<\/p>\n<p><a href=\"http:\/\/www.feuerwehr-volkmarode.de\/wp-content\/uploads\/2018\/04\/IMG-20180402-WA0028.jpg\"><img loading=\"lazy\" decoding=\"async\" class=\"alignnone  wp-image-1017\" src=\"http:\/\/www.feuerwehr-volkmarode.de\/wp-content\/uploads\/2018\/04\/IMG-20180402-WA0028-300x225.jpg\" alt=\"\" width=\"463\" height=\"347\" srcset=\"https:\/\/www.feuerwehr-volkmarode.de\/wp-content\/uploads\/2018\/04\/IMG-20180402-WA0028-300x225.jpg 300w, https:\/\/www.feuerwehr-volkmarode.de\/wp-content\/uploads\/2018\/04\/IMG-20180402-WA0028-768x576.jpg 768w, https:\/\/www.feuerwehr-volkmarode.de\/wp-content\/uploads\/2018\/04\/IMG-20180402-WA0028-1024x768.jpg 1024w, https:\/\/www.feuerwehr-volkmarode.de\/wp-content\/uploads\/2018\/04\/IMG-20180402-WA0028.jpg 1280w\" sizes=\"auto, (max-width: 463px) 100vw, 463px\" \/><\/a><a href=\"http:\/\/www.feuerwehr-volkmarode.de\/wp-content\/uploads\/2018\/04\/IMG-20180402-WA0030.jpg\">&nbsp;&nbsp;<\/a><a href=\"http:\/\/www.feuerwehr-volkmarode.de\/wp-content\/uploads\/2018\/04\/IMG-20180402-WA0030.jpg\"><img loading=\"lazy\" decoding=\"async\" class=\"alignnone  wp-image-1019\" src=\"http:\/\/www.feuerwehr-volkmarode.de\/wp-content\/uploads\/2018\/04\/IMG-20180402-WA0030-300x225.jpg\" alt=\"\" width=\"463\" height=\"347\"><\/a><a href=\"http:\/\/www.feuerwehr-volkmarode.de\/wp-content\/uploads\/2018\/04\/IMG-20180402-WA0030.jpg\">&nbsp;&nbsp;&nbsp;<\/a>&nbsp; <a href=\"http:\/\/www.feuerwehr-volkmarode.de\/wp-content\/uploads\/2018\/04\/IMG-20180402-WA0026.jpg\"><img loading=\"lazy\" decoding=\"async\" class=\"alignnone  wp-image-1015\" src=\"http:\/\/www.feuerwehr-volkmarode.de\/wp-content\/uploads\/2018\/04\/IMG-20180402-WA0026-300x225.jpg\" alt=\"\" width=\"463\" height=\"347\" srcset=\"https:\/\/www.feuerwehr-volkmarode.de\/wp-content\/uploads\/2018\/04\/IMG-20180402-WA0026-300x225.jpg 300w, https:\/\/www.feuerwehr-volkmarode.de\/wp-content\/uploads\/2018\/04\/IMG-20180402-WA0026-768x576.jpg 768w, https:\/\/www.feuerwehr-volkmarode.de\/wp-content\/uploads\/2018\/04\/IMG-20180402-WA0026-1024x768.jpg 1024w, https:\/\/www.feuerwehr-volkmarode.de\/wp-content\/uploads\/2018\/04\/IMG-20180402-WA0026.jpg 1280w\" sizes=\"auto, (max-width: 463px) 100vw, 463px\" \/><\/a><\/p>\n<p>&nbsp;<\/p>\n","protected":false},"excerpt":{"rendered":"<p>Auch in diesem Jahr wurde das allj\u00e4hrliche Osterfeuer unter den wachsamen Augen der Kameraden der freiwilligen Feuerwehr Volkmarode, sowie von vielen G\u00e4sten, ob gro\u00df und klein, entfacht.&nbsp;<\/p>\n","protected":false},"author":3,"featured_media":1019,"comment_status":"closed","ping_status":"open","sticky":false,"template":"","format":"standard","meta":{"_monsterinsights_skip_tracking":false,"spay_email":"","footnotes":"","jetpack_publicize_message":"","jetpack_is_tweetstorm":false,"jetpack_publicize_feature_enabled":true},"categories":[1],"tags":[48,80],"class_list":["post-1014","post","type-post","status-publish","format-standard","has-post-thumbnail","hentry","category-aktuelles","tag-aktivspielplatz","tag-oeffentlichkeitsarbeit"],"aioseo_notices":[],"aioseo_head":"\n\t\t<!-- All in One SEO 5.0.0.1 - aioseo.com -->\n\t<meta name=\"description\" content=\"Auch in diesem Jahr wurde das allj\u00e4hrliche Osterfeuer unter den wachsamen Augen der Kameraden der freiwilligen Feuerwehr Volkmarode, sowie von vielen G\u00e4sten, ob gro\u00df und klein, entfacht. Bei ausreichend warmen und kalten Getr\u00e4nken sowie der ein oder anderen Bratwurst kam auch die Geselligkeit nicht zu kurz. #ffw #ffwvolkmarode #feuerwehr#freiwilligefeuerwehr#freiwilligefeuerwehrvolkmarode#feuerwehrbraunschweig#freiwilligefeuerwehrbraunschweig #tlf#tankl\u00f6schfahrzeug #ostern #osterfeuer#blaulicht #112 #ehrenamt#unserlebenf\u00fcrihresicherheit#braunschweig #berufsfeuerwehr#berufsfeuerwehrbraunschweig\" \/>\n\t<meta name=\"robots\" content=\"max-image-preview:large\" \/>\n\t<meta name=\"author\" content=\"Claa\u00dfen\"\/>\n\t<link rel=\"canonical\" href=\"https:\/\/www.feuerwehr-volkmarode.de\/?p=1014\" \/>\n\t<meta name=\"generator\" content=\"All in One SEO (AIOSEO) 5.0.0.1\" \/>\n\t\t<meta property=\"og:locale\" content=\"de_DE\" \/>\n\t\t<meta property=\"og:site_name\" content=\"Freiwillige Feuerwehr Volkmarode - #OF33\" \/>\n\t\t<meta property=\"og:type\" content=\"article\" \/>\n\t\t<meta property=\"og:title\" content=\"\u00d6ffentlichkeitsarbeit , Aktivspielplatz Gliesmarode - Freiwillige Feuerwehr Volkmarode\" \/>\n\t\t<meta property=\"og:description\" content=\"Auch in diesem Jahr wurde das allj\u00e4hrliche Osterfeuer unter den wachsamen Augen der Kameraden der freiwilligen Feuerwehr Volkmarode, sowie von vielen G\u00e4sten, ob gro\u00df und klein, entfacht. Bei ausreichend warmen und kalten Getr\u00e4nken sowie der ein oder anderen Bratwurst kam auch die Geselligkeit nicht zu kurz. #ffw #ffwvolkmarode #feuerwehr#freiwilligefeuerwehr#freiwilligefeuerwehrvolkmarode#feuerwehrbraunschweig#freiwilligefeuerwehrbraunschweig #tlf#tankl\u00f6schfahrzeug #ostern #osterfeuer#blaulicht #112 #ehrenamt#unserlebenf\u00fcrihresicherheit#braunschweig #berufsfeuerwehr#berufsfeuerwehrbraunschweig\" \/>\n\t\t<meta property=\"og:url\" content=\"https:\/\/www.feuerwehr-volkmarode.de\/?p=1014\" \/>\n\t\t<meta property=\"article:published_time\" content=\"2018-04-02T18:02:54+00:00\" \/>\n\t\t<meta property=\"article:modified_time\" content=\"2020-08-21T18:49:57+00:00\" \/>\n\t\t<meta name=\"twitter:card\" content=\"summary_large_image\" \/>\n\t\t<meta name=\"twitter:title\" content=\"\u00d6ffentlichkeitsarbeit , Aktivspielplatz Gliesmarode - Freiwillige Feuerwehr Volkmarode\" \/>\n\t\t<meta name=\"twitter:description\" content=\"Auch in diesem Jahr wurde das allj\u00e4hrliche Osterfeuer unter den wachsamen Augen der Kameraden der freiwilligen Feuerwehr Volkmarode, sowie von vielen G\u00e4sten, ob gro\u00df und klein, entfacht. Bei ausreichend warmen und kalten Getr\u00e4nken sowie der ein oder anderen Bratwurst kam auch die Geselligkeit nicht zu kurz. #ffw #ffwvolkmarode #feuerwehr#freiwilligefeuerwehr#freiwilligefeuerwehrvolkmarode#feuerwehrbraunschweig#freiwilligefeuerwehrbraunschweig #tlf#tankl\u00f6schfahrzeug #ostern #osterfeuer#blaulicht #112 #ehrenamt#unserlebenf\u00fcrihresicherheit#braunschweig #berufsfeuerwehr#berufsfeuerwehrbraunschweig\" \/>\n\t\t<script type=\"application\/ld+json\" class=\"aioseo-schema\">\n\t\t\t{\"@context\":\"https:\\\/\\\/schema.org\",\"@graph\":[{\"@type\":\"BlogPosting\",\"@id\":\"https:\\\/\\\/www.feuerwehr-volkmarode.de\\\/?p=1014#blogposting\",\"name\":\"\\u00d6ffentlichkeitsarbeit , Aktivspielplatz Gliesmarode - Freiwillige Feuerwehr Volkmarode\",\"headline\":\"\\u00d6ffentlichkeitsarbeit , Aktivspielplatz Gliesmarode\",\"author\":{\"@id\":\"https:\\\/\\\/www.feuerwehr-volkmarode.de\\\/?author=3#author\"},\"publisher\":{\"@id\":\"https:\\\/\\\/www.feuerwehr-volkmarode.de\\\/#organization\"},\"image\":{\"@type\":\"ImageObject\",\"url\":\"https:\\\/\\\/www.feuerwehr-volkmarode.de\\\/wp-content\\\/uploads\\\/2018\\\/04\\\/IMG-20180402-WA0030-e1598035788344.jpg\",\"width\":300,\"height\":225},\"datePublished\":\"2018-04-02T20:02:54+02:00\",\"dateModified\":\"2020-08-21T20:49:57+02:00\",\"inLanguage\":\"de-DE\",\"mainEntityOfPage\":{\"@id\":\"https:\\\/\\\/www.feuerwehr-volkmarode.de\\\/?p=1014#webpage\"},\"isPartOf\":{\"@id\":\"https:\\\/\\\/www.feuerwehr-volkmarode.de\\\/?p=1014#webpage\"},\"articleSection\":\"Aktuelles, Aktivspielplatz, \\u00d6ffentlichkeitsarbeit\"},{\"@type\":\"BreadcrumbList\",\"@id\":\"https:\\\/\\\/www.feuerwehr-volkmarode.de\\\/?p=1014#breadcrumblist\",\"itemListElement\":[{\"@type\":\"ListItem\",\"@id\":\"https:\\\/\\\/www.feuerwehr-volkmarode.de#listItem\",\"position\":1,\"name\":\"Home\",\"item\":\"https:\\\/\\\/www.feuerwehr-volkmarode.de\",\"nextItem\":{\"@type\":\"ListItem\",\"@id\":\"https:\\\/\\\/www.feuerwehr-volkmarode.de\\\/?cat=1#listItem\",\"name\":\"Aktuelles\"}},{\"@type\":\"ListItem\",\"@id\":\"https:\\\/\\\/www.feuerwehr-volkmarode.de\\\/?cat=1#listItem\",\"position\":2,\"name\":\"Aktuelles\",\"item\":\"https:\\\/\\\/www.feuerwehr-volkmarode.de\\\/?cat=1\",\"nextItem\":{\"@type\":\"ListItem\",\"@id\":\"https:\\\/\\\/www.feuerwehr-volkmarode.de\\\/?p=1014#listItem\",\"name\":\"\\u00d6ffentlichkeitsarbeit , Aktivspielplatz Gliesmarode\"},\"previousItem\":{\"@type\":\"ListItem\",\"@id\":\"https:\\\/\\\/www.feuerwehr-volkmarode.de#listItem\",\"name\":\"Home\"}},{\"@type\":\"ListItem\",\"@id\":\"https:\\\/\\\/www.feuerwehr-volkmarode.de\\\/?p=1014#listItem\",\"position\":3,\"name\":\"\\u00d6ffentlichkeitsarbeit , Aktivspielplatz Gliesmarode\",\"previousItem\":{\"@type\":\"ListItem\",\"@id\":\"https:\\\/\\\/www.feuerwehr-volkmarode.de\\\/?cat=1#listItem\",\"name\":\"Aktuelles\"}}]},{\"@type\":\"Organization\",\"@id\":\"https:\\\/\\\/www.feuerwehr-volkmarode.de\\\/#organization\",\"name\":\"Freiwillige Feuerwehr Volkmarode\",\"description\":\"#OF33\",\"url\":\"https:\\\/\\\/www.feuerwehr-volkmarode.de\\\/\"},{\"@type\":\"Person\",\"@id\":\"https:\\\/\\\/www.feuerwehr-volkmarode.de\\\/?author=3#author\",\"url\":\"https:\\\/\\\/www.feuerwehr-volkmarode.de\\\/?author=3\",\"name\":\"Claa\\u00dfen\"},{\"@type\":\"WebPage\",\"@id\":\"https:\\\/\\\/www.feuerwehr-volkmarode.de\\\/?p=1014#webpage\",\"url\":\"https:\\\/\\\/www.feuerwehr-volkmarode.de\\\/?p=1014\",\"name\":\"\\u00d6ffentlichkeitsarbeit , Aktivspielplatz Gliesmarode - Freiwillige Feuerwehr Volkmarode\",\"description\":\"Auch in diesem Jahr wurde das allj\\u00e4hrliche Osterfeuer unter den wachsamen Augen der Kameraden der freiwilligen Feuerwehr Volkmarode, sowie von vielen G\\u00e4sten, ob gro\\u00df und klein, entfacht. Bei ausreichend warmen und kalten Getr\\u00e4nken sowie der ein oder anderen Bratwurst kam auch die Geselligkeit nicht zu kurz. #ffw #ffwvolkmarode #feuerwehr#freiwilligefeuerwehr#freiwilligefeuerwehrvolkmarode#feuerwehrbraunschweig#freiwilligefeuerwehrbraunschweig #tlf#tankl\\u00f6schfahrzeug #ostern #osterfeuer#blaulicht #112 #ehrenamt#unserlebenf\\u00fcrihresicherheit#braunschweig #berufsfeuerwehr#berufsfeuerwehrbraunschweig\",\"inLanguage\":\"de-DE\",\"isPartOf\":{\"@id\":\"https:\\\/\\\/www.feuerwehr-volkmarode.de\\\/#website\"},\"breadcrumb\":{\"@id\":\"https:\\\/\\\/www.feuerwehr-volkmarode.de\\\/?p=1014#breadcrumblist\"},\"author\":{\"@id\":\"https:\\\/\\\/www.feuerwehr-volkmarode.de\\\/?author=3#author\"},\"creator\":{\"@id\":\"https:\\\/\\\/www.feuerwehr-volkmarode.de\\\/?author=3#author\"},\"image\":{\"@type\":\"ImageObject\",\"url\":\"https:\\\/\\\/www.feuerwehr-volkmarode.de\\\/wp-content\\\/uploads\\\/2018\\\/04\\\/IMG-20180402-WA0030-e1598035788344.jpg\",\"@id\":\"https:\\\/\\\/www.feuerwehr-volkmarode.de\\\/?p=1014\\\/#mainImage\",\"width\":300,\"height\":225},\"primaryImageOfPage\":{\"@id\":\"https:\\\/\\\/www.feuerwehr-volkmarode.de\\\/?p=1014#mainImage\"},\"datePublished\":\"2018-04-02T20:02:54+02:00\",\"dateModified\":\"2020-08-21T20:49:57+02:00\"},{\"@type\":\"WebSite\",\"@id\":\"https:\\\/\\\/www.feuerwehr-volkmarode.de\\\/#website\",\"url\":\"https:\\\/\\\/www.feuerwehr-volkmarode.de\\\/\",\"name\":\"Freiwillige Feuerwehr Volkmarode\",\"description\":\"#OF33\",\"inLanguage\":\"de-DE\",\"publisher\":{\"@id\":\"https:\\\/\\\/www.feuerwehr-volkmarode.de\\\/#organization\"}}]}\n\t\t<\/script>\n\t\t<!-- All in One SEO -->\n\n","aioseo_head_json":{"title":"\u00d6ffentlichkeitsarbeit , Aktivspielplatz Gliesmarode - Freiwillige Feuerwehr Volkmarode","description":"Auch in diesem Jahr wurde das allj\u00e4hrliche Osterfeuer unter den wachsamen Augen der Kameraden der freiwilligen Feuerwehr Volkmarode, sowie von vielen G\u00e4sten, ob gro\u00df und klein, entfacht. Bei ausreichend warmen und kalten Getr\u00e4nken sowie der ein oder anderen Bratwurst kam auch die Geselligkeit nicht zu kurz. #ffw #ffwvolkmarode #feuerwehr#freiwilligefeuerwehr#freiwilligefeuerwehrvolkmarode#feuerwehrbraunschweig#freiwilligefeuerwehrbraunschweig #tlf#tankl\u00f6schfahrzeug #ostern #osterfeuer#blaulicht #112 #ehrenamt#unserlebenf\u00fcrihresicherheit#braunschweig #berufsfeuerwehr#berufsfeuerwehrbraunschweig","canonical_url":"https:\/\/www.feuerwehr-volkmarode.de\/?p=1014","robots":"max-image-preview:large","keywords":"","webmasterTools":{"miscellaneous":""},"schema":{"@context":"https:\/\/schema.org","@graph":[{"@type":"BlogPosting","@id":"https:\/\/www.feuerwehr-volkmarode.de\/?p=1014#blogposting","name":"\u00d6ffentlichkeitsarbeit , Aktivspielplatz Gliesmarode - Freiwillige Feuerwehr Volkmarode","headline":"\u00d6ffentlichkeitsarbeit , Aktivspielplatz Gliesmarode","author":{"@id":"https:\/\/www.feuerwehr-volkmarode.de\/?author=3#author"},"publisher":{"@id":"https:\/\/www.feuerwehr-volkmarode.de\/#organization"},"image":{"@type":"ImageObject","url":"https:\/\/www.feuerwehr-volkmarode.de\/wp-content\/uploads\/2018\/04\/IMG-20180402-WA0030-e1598035788344.jpg","width":300,"height":225},"datePublished":"2018-04-02T20:02:54+02:00","dateModified":"2020-08-21T20:49:57+02:00","inLanguage":"de-DE","mainEntityOfPage":{"@id":"https:\/\/www.feuerwehr-volkmarode.de\/?p=1014#webpage"},"isPartOf":{"@id":"https:\/\/www.feuerwehr-volkmarode.de\/?p=1014#webpage"},"articleSection":"Aktuelles, Aktivspielplatz, \u00d6ffentlichkeitsarbeit"},{"@type":"BreadcrumbList","@id":"https:\/\/www.feuerwehr-volkmarode.de\/?p=1014#breadcrumblist","itemListElement":[{"@type":"ListItem","@id":"https:\/\/www.feuerwehr-volkmarode.de#listItem","position":1,"name":"Home","item":"https:\/\/www.feuerwehr-volkmarode.de","nextItem":{"@type":"ListItem","@id":"https:\/\/www.feuerwehr-volkmarode.de\/?cat=1#listItem","name":"Aktuelles"}},{"@type":"ListItem","@id":"https:\/\/www.feuerwehr-volkmarode.de\/?cat=1#listItem","position":2,"name":"Aktuelles","item":"https:\/\/www.feuerwehr-volkmarode.de\/?cat=1","nextItem":{"@type":"ListItem","@id":"https:\/\/www.feuerwehr-volkmarode.de\/?p=1014#listItem","name":"\u00d6ffentlichkeitsarbeit , Aktivspielplatz Gliesmarode"},"previousItem":{"@type":"ListItem","@id":"https:\/\/www.feuerwehr-volkmarode.de#listItem","name":"Home"}},{"@type":"ListItem","@id":"https:\/\/www.feuerwehr-volkmarode.de\/?p=1014#listItem","position":3,"name":"\u00d6ffentlichkeitsarbeit , Aktivspielplatz Gliesmarode","previousItem":{"@type":"ListItem","@id":"https:\/\/www.feuerwehr-volkmarode.de\/?cat=1#listItem","name":"Aktuelles"}}]},{"@type":"Organization","@id":"https:\/\/www.feuerwehr-volkmarode.de\/#organization","name":"Freiwillige Feuerwehr Volkmarode","description":"#OF33","url":"https:\/\/www.feuerwehr-volkmarode.de\/"},{"@type":"Person","@id":"https:\/\/www.feuerwehr-volkmarode.de\/?author=3#author","url":"https:\/\/www.feuerwehr-volkmarode.de\/?author=3","name":"Claa\u00dfen"},{"@type":"WebPage","@id":"https:\/\/www.feuerwehr-volkmarode.de\/?p=1014#webpage","url":"https:\/\/www.feuerwehr-volkmarode.de\/?p=1014","name":"\u00d6ffentlichkeitsarbeit , Aktivspielplatz Gliesmarode - Freiwillige Feuerwehr Volkmarode","description":"Auch in diesem Jahr wurde das allj\u00e4hrliche Osterfeuer unter den wachsamen Augen der Kameraden der freiwilligen Feuerwehr Volkmarode, sowie von vielen G\u00e4sten, ob gro\u00df und klein, entfacht. Bei ausreichend warmen und kalten Getr\u00e4nken sowie der ein oder anderen Bratwurst kam auch die Geselligkeit nicht zu kurz. #ffw #ffwvolkmarode #feuerwehr#freiwilligefeuerwehr#freiwilligefeuerwehrvolkmarode#feuerwehrbraunschweig#freiwilligefeuerwehrbraunschweig #tlf#tankl\u00f6schfahrzeug #ostern #osterfeuer#blaulicht #112 #ehrenamt#unserlebenf\u00fcrihresicherheit#braunschweig #berufsfeuerwehr#berufsfeuerwehrbraunschweig","inLanguage":"de-DE","isPartOf":{"@id":"https:\/\/www.feuerwehr-volkmarode.de\/#website"},"breadcrumb":{"@id":"https:\/\/www.feuerwehr-volkmarode.de\/?p=1014#breadcrumblist"},"author":{"@id":"https:\/\/www.feuerwehr-volkmarode.de\/?author=3#author"},"creator":{"@id":"https:\/\/www.feuerwehr-volkmarode.de\/?author=3#author"},"image":{"@type":"ImageObject","url":"https:\/\/www.feuerwehr-volkmarode.de\/wp-content\/uploads\/2018\/04\/IMG-20180402-WA0030-e1598035788344.jpg","@id":"https:\/\/www.feuerwehr-volkmarode.de\/?p=1014\/#mainImage","width":300,"height":225},"primaryImageOfPage":{"@id":"https:\/\/www.feuerwehr-volkmarode.de\/?p=1014#mainImage"},"datePublished":"2018-04-02T20:02:54+02:00","dateModified":"2020-08-21T20:49:57+02:00"},{"@type":"WebSite","@id":"https:\/\/www.feuerwehr-volkmarode.de\/#website","url":"https:\/\/www.feuerwehr-volkmarode.de\/","name":"Freiwillige Feuerwehr Volkmarode","description":"#OF33","inLanguage":"de-DE","publisher":{"@id":"https:\/\/www.feuerwehr-volkmarode.de\/#organization"}}]},"og:locale":"de_DE","og:site_name":"Freiwillige Feuerwehr Volkmarode - #OF33","og:type":"article","og:title":"\u00d6ffentlichkeitsarbeit , Aktivspielplatz Gliesmarode - Freiwillige Feuerwehr Volkmarode","og:description":"Auch in diesem Jahr wurde das allj\u00e4hrliche Osterfeuer unter den wachsamen Augen der Kameraden der freiwilligen Feuerwehr Volkmarode, sowie von vielen G\u00e4sten, ob gro\u00df und klein, entfacht. Bei ausreichend warmen und kalten Getr\u00e4nken sowie der ein oder anderen Bratwurst kam auch die Geselligkeit nicht zu kurz. #ffw #ffwvolkmarode #feuerwehr#freiwilligefeuerwehr#freiwilligefeuerwehrvolkmarode#feuerwehrbraunschweig#freiwilligefeuerwehrbraunschweig #tlf#tankl\u00f6schfahrzeug #ostern #osterfeuer#blaulicht #112 #ehrenamt#unserlebenf\u00fcrihresicherheit#braunschweig #berufsfeuerwehr#berufsfeuerwehrbraunschweig","og:url":"https:\/\/www.feuerwehr-volkmarode.de\/?p=1014","article:published_time":"2018-04-02T18:02:54+00:00","article:modified_time":"2020-08-21T18:49:57+00:00","twitter:card":"summary_large_image","twitter:title":"\u00d6ffentlichkeitsarbeit , Aktivspielplatz Gliesmarode - Freiwillige Feuerwehr Volkmarode","twitter:description":"Auch in diesem Jahr wurde das allj\u00e4hrliche Osterfeuer unter den wachsamen Augen der Kameraden der freiwilligen Feuerwehr Volkmarode, sowie von vielen G\u00e4sten, ob gro\u00df und klein, entfacht. Bei ausreichend warmen und kalten Getr\u00e4nken sowie der ein oder anderen Bratwurst kam auch die Geselligkeit nicht zu kurz. #ffw #ffwvolkmarode #feuerwehr#freiwilligefeuerwehr#freiwilligefeuerwehrvolkmarode#feuerwehrbraunschweig#freiwilligefeuerwehrbraunschweig #tlf#tankl\u00f6schfahrzeug #ostern #osterfeuer#blaulicht #112 #ehrenamt#unserlebenf\u00fcrihresicherheit#braunschweig #berufsfeuerwehr#berufsfeuerwehrbraunschweig"},"aioseo_meta_data":{"post_id":"1014","title":null,"description":null,"keywords":null,"keyphrases":null,"primary_term":null,"canonical_url":null,"og_title":null,"og_description":null,"og_object_type":"default","og_image_type":"default","og_image_url":null,"og_image_width":null,"og_image_height":null,"og_image_custom_url":null,"og_image_custom_fields":null,"og_video":null,"og_custom_url":null,"og_article_section":null,"og_article_tags":null,"twitter_use_og":false,"twitter_card":"default","twitter_image_type":"default","twitter_image_url":null,"twitter_image_custom_url":null,"twitter_image_custom_fields":null,"twitter_title":null,"twitter_description":null,"schema":{"blockGraphs":[],"customGraphs":[],"default":{"data":{"Article":[],"Course":[],"Dataset":[],"FAQPage":[],"Movie":[],"Person":[],"Product":[],"ProductReview":[],"Car":[],"Recipe":[],"Service":[],"SoftwareApplication":[],"WebPage":[]},"graphName":"","isEnabled":true},"graphs":[]},"schema_type":"default","schema_type_options":null,"pillar_content":false,"robots_default":true,"robots_noindex":false,"robots_noarchive":false,"robots_nosnippet":false,"robots_nofollow":false,"robots_noimageindex":false,"robots_noodp":false,"robots_notranslate":false,"robots_max_snippet":null,"robots_max_videopreview":null,"robots_max_imagepreview":"large","priority":null,"frequency":null,"local_seo":null,"breadcrumb_settings":null,"limit_modified_date":false,"ai":null,"created":"2025-11-19 19:03:51","updated":"2025-11-19 19:03:51","focus_keyword":null,"additional_keywords":null,"truseo_locale":null,"seo_analyzer_scan_date":null},"aioseo_breadcrumb":"<div class=\"aioseo-breadcrumbs\"><span class=\"aioseo-breadcrumb\">\n\t\t\t<a href=\"https:\/\/www.feuerwehr-volkmarode.de\" title=\"Home\">Home<\/a>\n\t\t<\/span><span class=\"aioseo-breadcrumb-separator\">&raquo;<\/span><span class=\"aioseo-breadcrumb\">\n\t\t\t<a href=\"https:\/\/www.feuerwehr-volkmarode.de\/?cat=1\" title=\"Aktuelles\">Aktuelles<\/a>\n\t\t<\/span><span class=\"aioseo-breadcrumb-separator\">&raquo;<\/span><span class=\"aioseo-breadcrumb\">\n\t\t\t\u00d6ffentlichkeitsarbeit , Aktivspielplatz Gliesmarode\n\t\t<\/span><\/div>","aioseo_breadcrumb_json":[{"label":"Home","link":"https:\/\/www.feuerwehr-volkmarode.de"},{"label":"Aktuelles","link":"https:\/\/www.feuerwehr-volkmarode.de\/?cat=1"},{"label":"\u00d6ffentlichkeitsarbeit , Aktivspielplatz Gliesmarode","link":"https:\/\/www.feuerwehr-volkmarode.de\/?p=1014"}],"jetpack_featured_media_url":"https:\/\/www.feuerwehr-volkmarode.de\/wp-content\/uploads\/2018\/04\/IMG-20180402-WA0030-e1598035788344.jpg","jetpack_publicize_connections":[],"jetpack_sharing_enabled":true,"_links":{"self":[{"href":"https:\/\/www.feuerwehr-volkmarode.de\/index.php?rest_route=\/wp\/v2\/posts\/1014","targetHints":{"allow":["GET"]}}],"collection":[{"href":"https:\/\/www.feuerwehr-volkmarode.de\/index.php?rest_route=\/wp\/v2\/posts"}],"about":[{"href":"https:\/\/www.feuerwehr-volkmarode.de\/index.php?rest_route=\/wp\/v2\/types\/post"}],"author":[{"embeddable":true,"href":"https:\/\/www.feuerwehr-volkmarode.de\/index.php?rest_route=\/wp\/v2\/users\/3"}],"replies":[{"embeddable":true,"href":"https:\/\/www.feuerwehr-volkmarode.de\/index.php?rest_route=%2Fwp%2Fv2%2Fcomments&post=1014"}],"version-history":[{"count":4,"href":"https:\/\/www.feuerwehr-volkmarode.de\/index.php?rest_route=\/wp\/v2\/posts\/1014\/revisions"}],"predecessor-version":[{"id":49003,"href":"https:\/\/www.feuerwehr-volkmarode.de\/index.php?rest_route=\/wp\/v2\/posts\/1014\/revisions\/49003"}],"wp:featuredmedia":[{"embeddable":true,"href":"https:\/\/www.feuerwehr-volkmarode.de\/index.php?rest_route=\/wp\/v2\/media\/1019"}],"wp:attachment":[{"href":"https:\/\/www.feuerwehr-volkmarode.de\/index.php?rest_route=%2Fwp%2Fv2%2Fmedia&parent=1014"}],"wp:term":[{"taxonomy":"category","embeddable":true,"href":"https:\/\/www.feuerwehr-volkmarode.de\/index.php?rest_route=%2Fwp%2Fv2%2Fcategories&post=1014"},{"taxonomy":"post_tag","embeddable":true,"href":"https:\/\/www.feuerwehr-volkmarode.de\/index.php?rest_route=%2Fwp%2Fv2%2Ftags&post=1014"}],"curies":[{"name":"wp","href":"https:\/\/api.w.org\/{rel}","templated":true}]}}